{"id":69926,"date":"2023-02-26T15:30:41","date_gmt":"2023-02-26T18:30:41","guid":{"rendered":"https:\/\/wiy.com.br\/noticias\/criancas-sao-encontradas-carbonizadas-apos-incendio-em-barueri\/"},"modified":"2021-08-26T19:05:07","modified_gmt":"2021-08-26T22:05:07","slug":"criancas-sao-encontradas-carbonizadas-apos-incendio-em-barueri","status":"publish","type":"post","link":"https:\/\/wiy.com.br\/noticias\/criancas-sao-encontradas-carbonizadas-apos-incendio-em-barueri\/","title":{"rendered":"Crian\u00e7as s\u00e3o encontradas carbonizadas ap\u00f3s inc\u00eandio em Barueri"},"content":{"rendered":"<p> <br \/>\n<\/p>\n<p><span>O <strong>Corpo de Bombeiros<\/strong> localizou v\u00edtimas\u00a0<\/span>ap\u00f3s <a href=\"https:\/\/vejasp.abril.com.br\/cidades\/galpao-pega-fogo-carros-barueri\/\">um <strong>inc\u00eandio<\/strong> que atingiu um <strong>galp\u00e3o<\/strong> produtos de reciclagem <span>nesta quinta-feira (26)<\/span> em <strong>Barueri<\/strong><\/a>, na Regi\u00e3o Metropolitana de S\u00e3o Paulo. At\u00e9 o momento, foram contabilizadas quatro <strong>mortos<\/strong> e oito feridos.<\/p>\n<p>Um <strong>beb\u00ea<\/strong> foi encontrado carbonizado. <span>Uma <strong>mulher<\/strong> e outras duas <strong>crian\u00e7as<\/strong>, de 3 e 8 anos, foram retiradas sem vida do local.<\/span><\/p>\n<p>O Corpo de Bombeiros chegou a encaminhar dezesseis viaturas e 57 homens para tentar combater as chamas, que come\u00e7aram por volta das 11h e foram controladas \u00e0s 14h20. Cerca de 60 000 litros de \u00e1lcool eram armazenados no local. Por conta da altura das labaredas e do risco de explos\u00e3o, os Bombeiros contaram com dificuldades para combater o fogo.<\/p>\n<p>As aulas nas escolas da regi\u00e3o foram suspensas. O fogo tamb\u00e9m atingiu carros que estavam nas ruas da regi\u00e3o.<\/p>\n<div id=\"relacionadas\" class=\"block related-posts three_columns\">\n<ul class=\"block-menu\">\n<li data-tab=\"tab-1\" class=\"active\">Relacionadas<\/li>\n<\/ul>\n<div id=\"tab-1\" class=\"block-content active\">\n<div class=\"row\">\n<li class=\"widget-news-item without-thumb with-border\">\n<div class=\"widget-news-info\"><a href=\"http:\/\/vejasp.abril.com.br\/cultura-lazer\">Cultura &amp; Lazer<\/a><span class=\"widget-news-item-title\"><a href=\"https:\/\/vejasp.abril.com.br\/cultura-lazer\/capa-masp-reforma-predio-avenida-paulista\/\">Como ser\u00e1 a nova sede do Masp, no pr\u00e9dio vizinho, com t\u00fanel subterr\u00e2neo para o edif\u00edcio de Lina Bo Bardi<\/a><\/span><span class=\"widget-news-item-date\">19 ago 2021 &#8211; 23h08<\/span><\/div>\n<\/li>\n<li class=\"widget-news-item without-thumb with-border\">\n<div class=\"widget-news-info\"><a href=\"http:\/\/vejasp.abril.com.br\/cidades\">Cidades<\/a><span class=\"widget-news-item-title\"><a href=\"https:\/\/vejasp.abril.com.br\/cidades\/sergio-reis-e-internado-em-sp\/\">S\u00e9rgio Reis \u00e9 internado em SP<\/a><\/span><span class=\"widget-news-item-date\">26 ago 2021 &#8211; 14h08<\/span><\/div>\n<\/li>\n<li class=\"widget-news-item without-thumb with-border\">\n<div class=\"widget-news-info\"><a href=\"http:\/\/vejasp.abril.com.br\/cidades\">Cidades<\/a><span class=\"widget-news-item-title\"><a href=\"https:\/\/vejasp.abril.com.br\/cidades\/crianca-morre-esquecida-carro-bauru\/\">Menino de 2 anos morre depois de ser esquecido dentro de carro<\/a><\/span><span class=\"widget-news-item-date\">26 ago 2021 &#8211; 11h08<\/span><\/div>\n<\/li>\n<\/div>\n<\/div>\n<\/div>\n<div id=\"mais_lidas\" class=\"block related-posts mais-lidas\">\n<ul class=\"block-menu\">\n<li data-tab=\"tab-1\" class=\"active\">Mais lidas<\/li>\n<\/ul>\n<div id=\"tab-1\" class=\"block-content active\">\n<div class=\"row\">\n<div class=\"col-s-12 col-l-3\"><a href=\"https:\/\/vejasp.abril.com.br\/cidades\/fim-do-tempo-seco-confira-a-previsao-para-o-resto-da-semana\/\" class=\"card\"><span class=\"category hide-s\">Cidades<\/span><img title = \"[Tags]\"data-src=\"https:\/\/vejasp.abril.com.br\/wp-content\/uploads\/2020\/10\/3626_5214229-high.jpeg?quality=70&amp;strip=info&amp;w=680&amp;h=453&amp;crop=1\"alt = \"3626_5214229-high Crian\u00e7as s\u00e3o encontradas carbonizadas ap\u00f3s inc\u00eandio em Barueri\" class=\"lazyload media\"><span class=\"category hide-l\">Cidades<\/span><span class=\"title\">Fim do tempo seco? Confira a previs\u00e3o para o resto da semana<\/span><\/a><\/div>\n<div class=\"col-s-12 col-l-3\"><a href=\"https:\/\/vejasp.abril.com.br\/blog\/bichos\/a-saga-dos-55-gatos-achados-na-sabesp-os-animais-recebem-protecao-antes\/\" class=\"card\"><span class=\"category hide-s\">Cidades<\/span><img title = \"[Tags]\"data-src=\"https:\/\/vejasp.abril.com.br\/wp-content\/uploads\/2021\/08\/gatos-resgatados-abrigo-ong-confraria-dos-miados-latidos-saga-gatos-sabesp-ongs-destaque.jpg.jpg?quality=70&amp;strip=info&amp;w=680&amp;h=453&amp;crop=1\"alt = \"3626_5214229-high Crian\u00e7as s\u00e3o encontradas carbonizadas ap\u00f3s inc\u00eandio em Barueri\" class=\"lazyload media\"><span class=\"category hide-l\">Cidades<\/span><span class=\"title\">A saga dos 55 gatos da Sabesp<\/span><\/a><\/div>\n<div class=\"col-s-12 col-l-3\"><a href=\"https:\/\/vejasp.abril.com.br\/cidades\/galpao-pega-fogo-carros-barueri\/\" class=\"card\"><span class=\"category hide-s\">Cidades<\/span><img title = \"[Tags]\"data-src=\"https:\/\/vejasp.abril.com.br\/wp-content\/uploads\/2021\/08\/fogo.jpeg?quality=70&amp;strip=info&amp;crop=169px%2C0px%2C654px%2C445px&amp;resize=680%2C453\"alt = \"3626_5214229-high Crian\u00e7as s\u00e3o encontradas carbonizadas ap\u00f3s inc\u00eandio em Barueri\" class=\"lazyload media\"><span class=\"category hide-l\">Cidades<\/span><span class=\"title\">Galp\u00e3o pega fogo e chamas se espalham para carros que estavam na rua<\/span><\/a><\/div>\n<div class=\"col-s-12 col-l-3\"><a href=\"https:\/\/vejasp.abril.com.br\/cidades\/sergio-reis-e-internado-em-sp\/\" class=\"card\"><span class=\"category hide-s\">Cidades<\/span><img title = \"[Tags]\"data-src=\"https:\/\/vejasp.abril.com.br\/wp-content\/uploads\/2021\/08\/75151160_176443670175403_2412948795782113271_n-1.jpg?quality=70&amp;strip=info&amp;w=680&amp;h=453&amp;crop=1\"alt = \"3626_5214229-high Crian\u00e7as s\u00e3o encontradas carbonizadas ap\u00f3s inc\u00eandio em Barueri\" class=\"lazyload media\"><span class=\"category hide-l\">Cidades<\/span><span class=\"title\">S\u00e9rgio Reis \u00e9 internado em SP<\/span><\/a><\/div>\n<\/div>\n<\/div>\n<\/div>\n<div id=\"leia_mais\" class=\"block related-posts leia-mais\">\n<ul class=\"block-menu\">\n<li data-tab=\"tab-1\" class=\"active\">Leia mais<\/li>\n<\/ul>\n<div id=\"tab-1\" class=\"block-content active\">\n<div class=\"row\">\n<div class=\"col-s-12 col-l-3\"><a href=\"https:\/\/vejasp.abril.com.br\/cidades\/sp-cria-delegacia-da-diversidade-para-combater-crimes-de-intolerancia\/\" class=\"card\"><span class=\"category hide-s\">Cidades<\/span><img title = \"[Tags]\"data-src=\"https:\/\/vejasp.abril.com.br\/wp-content\/uploads\/2021\/08\/bd8781dc-lancamento-delegacia-diversidade-gov-sp-960x563-1.jpg?quality=70&amp;strip=info&amp;w=680&amp;h=453&amp;crop=1\"alt = \"3626_5214229-high Crian\u00e7as s\u00e3o encontradas carbonizadas ap\u00f3s inc\u00eandio em Barueri\" class=\"lazyload media\"><span class=\"category hide-l\">Cidades<\/span><span class=\"title\">SP cria Delegacia da Diversidade para combater crimes de intoler\u00e2ncia<\/span><\/a><\/div>\n<div class=\"col-s-12 col-l-3\"><a href=\"https:\/\/vejasp.abril.com.br\/cidades\/sergio-reis-e-internado-em-sp\/\" class=\"card\"><span class=\"category hide-s\">Cidades<\/span><img title = \"[Tags]\"data-src=\"https:\/\/vejasp.abril.com.br\/wp-content\/uploads\/2021\/08\/75151160_176443670175403_2412948795782113271_n-1.jpg?quality=70&amp;strip=info&amp;w=680&amp;h=453&amp;crop=1\"alt = \"3626_5214229-high Crian\u00e7as s\u00e3o encontradas carbonizadas ap\u00f3s inc\u00eandio em Barueri\" class=\"lazyload media\"><span class=\"category hide-l\">Cidades<\/span><span class=\"title\">S\u00e9rgio Reis \u00e9 internado em SP<\/span><\/a><\/div>\n<div class=\"col-s-12 col-l-3\"><a href=\"https:\/\/vejasp.abril.com.br\/cidades\/galpao-pega-fogo-carros-barueri\/\" class=\"card\"><span class=\"category hide-s\">Cidades<\/span><img title = \"[Tags]\"data-src=\"https:\/\/vejasp.abril.com.br\/wp-content\/uploads\/2021\/08\/fogo.jpeg?quality=70&amp;strip=info&amp;crop=169px%2C0px%2C654px%2C445px&amp;resize=680%2C453\"alt = \"3626_5214229-high Crian\u00e7as s\u00e3o encontradas carbonizadas ap\u00f3s inc\u00eandio em Barueri\" class=\"lazyload media\"><span class=\"category hide-l\">Cidades<\/span><span class=\"title\">Galp\u00e3o pega fogo e chamas se espalham para carros que estavam na rua<\/span><\/a><\/div>\n<div class=\"col-s-12 col-l-3\"><a href=\"https:\/\/vejasp.abril.com.br\/cidades\/crianca-morre-esquecida-carro-bauru\/\" class=\"card\"><span class=\"category hide-s\">Cidades<\/span><img title = \"[Tags]\"data-src=\"https:\/\/vejasp.abril.com.br\/wp-content\/uploads\/2021\/08\/morte-crianca.jpeg?quality=70&amp;strip=info&amp;w=442&amp;h=241&amp;crop=1\"alt = \"3626_5214229-high Crian\u00e7as s\u00e3o encontradas carbonizadas ap\u00f3s inc\u00eandio em Barueri\" class=\"lazyload media\"><span class=\"category hide-l\">Cidades<\/span><span class=\"title\">Menino de 2 anos morre depois de ser esquecido dentro de carro<\/span><\/a><\/div>\n<\/div>\n<\/div>\n<\/div>\n<p><br \/>\n<br \/><a href=\"https:\/\/vejasp.abril.com.br\/cidades\/criancas-sao-encontradas-carbonizadas-apos-incendio-em-barueri\/\">Fonte do Artigo <\/a><br \/>\nTags:<br \/>\n#loterias #loteriascaixa #megasena #resultadoapostas#noticias #noticiario  #noticia #brasil #noticiascolombia #mundo #esporte #colombia #noticiadeld #ltimasnoticias  #noticiario #noticiasregionales #noticiasdepartamentales #noticiashoy #esportes #noticiaahora #elinformantenoticias #noticiasdeboyac  #esporteinterativo #esportivo #diariodosesportes  #noticiero  #jogodefutebol #jogos #loto #apostas<\/p>\n","protected":false},"excerpt":{"rendered":"<p>O Corpo de Bombeiros localizou v\u00edtimas\u00a0ap\u00f3s um inc\u00eandio que atingiu um galp\u00e3o produtos de reciclagem nesta quinta-feira (26) em Barueri, na Regi\u00e3o Metropolitana de S\u00e3o Paulo. At\u00e9 o momento, foram contabilizadas quatro mortos e oito feridos. Um beb\u00ea foi encontrado carbonizado. Uma mulher e outras duas crian\u00e7as, de 3 e 8 anos, foram retiradas sem [&hellip;]<\/p>\n","protected":false},"author":1,"featured_media":69927,"comment_status":"open","ping_status":"open","sticky":false,"template":"","format":"standard","meta":{"footnotes":""},"categories":[1],"tags":[],"class_list":["post-69926","post","type-post","status-publish","format-standard","has-post-thumbnail","hentry","category-curso-de-copy"],"_links":{"self":[{"href":"https:\/\/wiy.com.br\/noticias\/wp-json\/wp\/v2\/posts\/69926","targetHints":{"allow":["GET"]}}],"collection":[{"href":"https:\/\/wiy.com.br\/noticias\/wp-json\/wp\/v2\/posts"}],"about":[{"href":"https:\/\/wiy.com.br\/noticias\/wp-json\/wp\/v2\/types\/post"}],"author":[{"embeddable":true,"href":"https:\/\/wiy.com.br\/noticias\/wp-json\/wp\/v2\/users\/1"}],"replies":[{"embeddable":true,"href":"https:\/\/wiy.com.br\/noticias\/wp-json\/wp\/v2\/comments?post=69926"}],"version-history":[{"count":0,"href":"https:\/\/wiy.com.br\/noticias\/wp-json\/wp\/v2\/posts\/69926\/revisions"}],"wp:featuredmedia":[{"embeddable":true,"href":"https:\/\/wiy.com.br\/noticias\/wp-json\/wp\/v2\/media\/69927"}],"wp:attachment":[{"href":"https:\/\/wiy.com.br\/noticias\/wp-json\/wp\/v2\/media?parent=69926"}],"wp:term":[{"taxonomy":"category","embeddable":true,"href":"https:\/\/wiy.com.br\/noticias\/wp-json\/wp\/v2\/categories?post=69926"},{"taxonomy":"post_tag","embeddable":true,"href":"https:\/\/wiy.com.br\/noticias\/wp-json\/wp\/v2\/tags?post=69926"}],"curies":[{"name":"wp","href":"https:\/\/api.w.org\/{rel}","templated":true}]}}