{"id":69922,"date":"2023-02-26T14:58:56","date_gmt":"2023-02-26T17:58:56","guid":{"rendered":"https:\/\/wiy.com.br\/noticias\/menino-de-2-anos-morre-depois-de-ser-esquecido-dentro-de-carro\/"},"modified":"2021-08-26T12:05:07","modified_gmt":"2021-08-26T15:05:07","slug":"menino-de-2-anos-morre-depois-de-ser-esquecido-dentro-de-carro","status":"publish","type":"post","link":"https:\/\/wiy.com.br\/noticias\/menino-de-2-anos-morre-depois-de-ser-esquecido-dentro-de-carro\/","title":{"rendered":"Menino de 2 anos morre depois de ser esquecido dentro de carro"},"content":{"rendered":"<p> <br \/>\n<\/p>\n<p>Uma <strong>crian\u00e7a<\/strong> de dois anos de idade <strong>morreu<\/strong> depois de passar quase tr\u00eas horas <strong>presa<\/strong> <strong>dentro<\/strong> <strong>de<\/strong> <strong>um carro<\/strong>. O caso ocorreu na cidade de <strong>Bauru<\/strong>, no interior paulista. Ela foi esquecida no ve\u00edculo por uma mulher de 37 anos de idade, que era dona de uma creche clandestina.<\/p>\n<p>De acordo como <em>R7<\/em>, o estabelecimento irregular funcionava na casa da cuidadora. Ela cuidava de cerca de 18 crian\u00e7as e tinha a ajuda da pr\u00f3pria filha, de 16 anos de idade.<\/p>\n<p>A mulher esqueceu a crian\u00e7a dentro do carro, que ficou parado sob o sol na frente da casa. Al\u00e9m de cuidar das crian\u00e7as, a cuidadora era respons\u00e1vel por levar e buscar os pequenos para suas casas. Ela foi presa pela pol\u00edcia, indiciada por homic\u00eddio e dolo eventual.<\/p>\n<div id=\"relacionadas\" class=\"block related-posts three_columns\">\n<ul class=\"block-menu\">\n<li data-tab=\"tab-1\" class=\"active\">Relacionadas<\/li>\n<\/ul>\n<div id=\"tab-1\" class=\"block-content active\">\n<div class=\"row\">\n<li class=\"widget-news-item without-thumb with-border\">\n<div class=\"widget-news-info\"><a href=\"http:\/\/vejasp.abril.com.br\/cultura-lazer\">Cultura &amp; Lazer<\/a><span class=\"widget-news-item-title\"><a href=\"https:\/\/vejasp.abril.com.br\/cultura-lazer\/capa-masp-reforma-predio-avenida-paulista\/\">Como ser\u00e1 a nova sede do Masp, no pr\u00e9dio vizinho, com t\u00fanel subterr\u00e2neo para o edif\u00edcio de Lina Bo Bardi<\/a><\/span><span class=\"widget-news-item-date\">19 ago 2021 &#8211; 23h08<\/span><\/div>\n<\/li>\n<li class=\"widget-news-item without-thumb with-border\">\n<div class=\"widget-news-info\"><a href=\"http:\/\/vejasp.abril.com.br\/cidades\">Cidades<\/a><span class=\"widget-news-item-title\"><a href=\"https:\/\/vejasp.abril.com.br\/cidades\/calor-sao-paulo-26-agosto-2021\/\">Term\u00f4metros devem chegar aos 33\u00b0C na capital paulista<\/a><\/span><span class=\"widget-news-item-date\">26 ago 2021 &#8211; 11h08<\/span><\/div>\n<\/li>\n<li class=\"widget-news-item without-thumb with-border\">\n<div class=\"widget-news-info\"><a href=\"http:\/\/vejasp.abril.com.br\/saude\">Sa\u00fade<\/a><span class=\"widget-news-item-title\"><a href=\"https:\/\/vejasp.abril.com.br\/saude\/prefeitura-sao-paulo-vacinas-jovens-domingo-parques\/\">Prefeitura de S\u00e3o Paulo planeja vacinar jovens aos domingos em parques<\/a><\/span><span class=\"widget-news-item-date\">25 ago 2021 &#8211; 15h08<\/span><\/div>\n<\/li>\n<\/div>\n<\/div>\n<\/div>\n<p>&nbsp;<\/p>\n<div id=\"mais_lidas\" class=\"block related-posts mais-lidas\">\n<ul class=\"block-menu\">\n<li data-tab=\"tab-1\" class=\"active\">Mais lidas<\/li>\n<\/ul>\n<div id=\"tab-1\" class=\"block-content active\">\n<div class=\"row\">\n<div class=\"col-s-12 col-l-3\"><a href=\"https:\/\/vejasp.abril.com.br\/blog\/bichos\/a-saga-dos-55-gatos-achados-na-sabesp-os-animais-recebem-protecao-antes\/\" class=\"card\"><span class=\"category hide-s\">Cidades<\/span><img title = \"[Tags]\"data-src=\"https:\/\/vejasp.abril.com.br\/wp-content\/uploads\/2021\/08\/gatos-resgatados-abrigo-ong-confraria-dos-miados-latidos-saga-gatos-sabesp-ongs-destaque.jpg.jpg?quality=70&amp;strip=info&amp;w=680&amp;h=453&amp;crop=1\"alt = \"gatos-resgatados-abrigo-ong-confraria-dos-miados-latidos-saga-gatos-sabesp-ongs-destaque.jpg Menino de 2 anos morre depois de ser esquecido dentro de carro\" class=\"lazyload media\"><span class=\"category hide-l\">Cidades<\/span><span class=\"title\">A saga dos 55 gatos da Sabesp<\/span><\/a><\/div>\n<div class=\"col-s-12 col-l-3\"><a href=\"https:\/\/vejasp.abril.com.br\/cidades\/fim-do-tempo-seco-confira-a-previsao-para-o-resto-da-semana\/\" class=\"card\"><span class=\"category hide-s\">Cidades<\/span><img title = \"[Tags]\"data-src=\"https:\/\/vejasp.abril.com.br\/wp-content\/uploads\/2020\/10\/3626_5214229-high.jpeg?quality=70&amp;strip=info&amp;w=680&amp;h=453&amp;crop=1\"alt = \"gatos-resgatados-abrigo-ong-confraria-dos-miados-latidos-saga-gatos-sabesp-ongs-destaque.jpg Menino de 2 anos morre depois de ser esquecido dentro de carro\" class=\"lazyload media\"><span class=\"category hide-l\">Cidades<\/span><span class=\"title\">Fim do tempo seco? Confira a previs\u00e3o para o resto da semana<\/span><\/a><\/div>\n<div class=\"col-s-12 col-l-3\"><a href=\"https:\/\/vejasp.abril.com.br\/saude\/ministerio-saude-data-terceira-dose-coronavirus-idosos-imunossuprimidos\/\" class=\"card\"><span class=\"category hide-s\">Sa\u00fade<\/span><img title = \"[Tags]\"data-src=\"https:\/\/vejasp.abril.com.br\/wp-content\/uploads\/2021\/04\/coletiva-comite-covid_mcamgo_abr_140420211818-14.jpg?quality=70&amp;strip=info&amp;w=680&amp;h=453&amp;crop=1\"alt = \"gatos-resgatados-abrigo-ong-confraria-dos-miados-latidos-saga-gatos-sabesp-ongs-destaque.jpg Menino de 2 anos morre depois de ser esquecido dentro de carro\" class=\"lazyload media\"><span class=\"category hide-l\">Sa\u00fade<\/span><span class=\"title\">Minist\u00e9rio da Sa\u00fade divulga data para terceira dose contra Covid-19<\/span><\/a><\/div>\n<div class=\"col-s-12 col-l-3\"><a href=\"https:\/\/vejasp.abril.com.br\/saude\/sao-paulo-joao-doria-terceira-dose-vacina-coronavirus-setembro\/\" class=\"card\"><span class=\"category hide-s\">Sa\u00fade<\/span><img title = \"[Tags]\"data-src=\"https:\/\/vejasp.abril.com.br\/wp-content\/uploads\/2020\/12\/Jo\u00e3o-Doria-coletiva-2-07-12.jpg?quality=70&amp;strip=info&amp;w=680&amp;h=453&amp;crop=1\"alt = \"gatos-resgatados-abrigo-ong-confraria-dos-miados-latidos-saga-gatos-sabesp-ongs-destaque.jpg Menino de 2 anos morre depois de ser esquecido dentro de carro\" class=\"lazyload media\"><span class=\"category hide-l\">Sa\u00fade<\/span><span class=\"title\">Terceira dose em SP come\u00e7a no in\u00edcio de setembro, diz Doria<\/span><\/a><\/div>\n<\/div>\n<\/div>\n<\/div>\n<div id=\"leia_mais\" class=\"block related-posts leia-mais\">\n<ul class=\"block-menu\">\n<li data-tab=\"tab-1\" class=\"active\">Leia mais<\/li>\n<\/ul>\n<div id=\"tab-1\" class=\"block-content active\">\n<div class=\"row\">\n<div class=\"col-s-12 col-l-3\"><a href=\"https:\/\/vejasp.abril.com.br\/cidades\/calor-sao-paulo-26-agosto-2021\/\" class=\"card\"><span class=\"category hide-s\">Cidades<\/span><img title = \"[Tags]\"data-src=\"https:\/\/vejasp.abril.com.br\/wp-content\/uploads\/2020\/10\/brazil-1842205_1920.jpg?quality=70&amp;strip=info&amp;w=680&amp;h=453&amp;crop=1\"alt = \"gatos-resgatados-abrigo-ong-confraria-dos-miados-latidos-saga-gatos-sabesp-ongs-destaque.jpg Menino de 2 anos morre depois de ser esquecido dentro de carro\" class=\"lazyload media\"><span class=\"category hide-l\">Cidades<\/span><span class=\"title\">Term\u00f4metros devem chegar aos 33\u00b0C na capital paulista<\/span><\/a><\/div>\n<div class=\"col-s-12 col-l-3\"><a href=\"https:\/\/vejasp.abril.com.br\/cidades\/ninguem-acerta-mega-sena-premio-6-milhoes\/\" class=\"card\"><span class=\"category hide-s\">Cidades<\/span><img title = \"[Tags]\"data-src=\"https:\/\/vejasp.abril.com.br\/wp-content\/uploads\/2016\/12\/smt-mega-sena-ok.jpg?quality=70&amp;strip=info&amp;w=600&amp;h=400&amp;crop=1\"alt = \"gatos-resgatados-abrigo-ong-confraria-dos-miados-latidos-saga-gatos-sabesp-ongs-destaque.jpg Menino de 2 anos morre depois de ser esquecido dentro de carro\" class=\"lazyload media\"><span class=\"category hide-l\">Cidades<\/span><span class=\"title\">Ningu\u00e9m acerta a Mega-Sena e pr\u00eamio acumula em 6,5 milh\u00f5es de reais<\/span><\/a><\/div>\n<div class=\"col-s-12 col-l-3\"><a href=\"https:\/\/vejasp.abril.com.br\/cidades\/fim-do-tempo-seco-confira-a-previsao-para-o-resto-da-semana\/\" class=\"card\"><span class=\"category hide-s\">Cidades<\/span><img title = \"[Tags]\"data-src=\"https:\/\/vejasp.abril.com.br\/wp-content\/uploads\/2020\/10\/3626_5214229-high.jpeg?quality=70&amp;strip=info&amp;w=680&amp;h=453&amp;crop=1\"alt = \"gatos-resgatados-abrigo-ong-confraria-dos-miados-latidos-saga-gatos-sabesp-ongs-destaque.jpg Menino de 2 anos morre depois de ser esquecido dentro de carro\" class=\"lazyload media\"><span class=\"category hide-l\">Cidades<\/span><span class=\"title\">Fim do tempo seco? Confira a previs\u00e3o para o resto da semana<\/span><\/a><\/div>\n<div class=\"col-s-12 col-l-3\"><a href=\"https:\/\/vejasp.abril.com.br\/cidades\/aeronave-pousa-rodovia-castello-branco\/\" class=\"card\"><span class=\"category hide-s\">Cidades<\/span><img title = \"[Tags]\"data-src=\"https:\/\/vejasp.abril.com.br\/wp-content\/uploads\/2016\/11\/12671_5276284-high.jpeg?quality=70&amp;strip=info&amp;w=680&amp;h=453&amp;crop=1\"alt = \"gatos-resgatados-abrigo-ong-confraria-dos-miados-latidos-saga-gatos-sabesp-ongs-destaque.jpg Menino de 2 anos morre depois de ser esquecido dentro de carro\" class=\"lazyload media\"><span class=\"category hide-l\">Cidades<\/span><span class=\"title\">Aeronave pousa nas margens da rodovia Castello Branco<\/span><\/a><\/div>\n<\/div>\n<\/div>\n<\/div>\n<p><br \/>\n<br \/><a href=\"https:\/\/vejasp.abril.com.br\/cidades\/crianca-morre-esquecida-carro-bauru\/\">Fonte do Artigo <\/a><br \/>\nTags:<br \/>\n#loterias #loteriascaixa #megasena #resultadoapostas#noticias #noticiario  #noticia #brasil #noticiascolombia #mundo #esporte #colombia #noticiadeld #ltimasnoticias  #noticiario #noticiasregionales #noticiasdepartamentales #noticiashoy #esportes #noticiaahora #elinformantenoticias #noticiasdeboyac  #esporteinterativo #esportivo #diariodosesportes  #noticiero  #jogodefutebol #jogos #loto #apostas<\/p>\n","protected":false},"excerpt":{"rendered":"<p>Uma crian\u00e7a de dois anos de idade morreu depois de passar quase tr\u00eas horas presa dentro de um carro. O caso ocorreu na cidade de Bauru, no interior paulista. Ela foi esquecida no ve\u00edculo por uma mulher de 37 anos de idade, que era dona de uma creche clandestina. De acordo como R7, o estabelecimento [&hellip;]<\/p>\n","protected":false},"author":1,"featured_media":69923,"comment_status":"open","ping_status":"open","sticky":false,"template":"","format":"standard","meta":{"footnotes":""},"categories":[1],"tags":[],"class_list":["post-69922","post","type-post","status-publish","format-standard","has-post-thumbnail","hentry","category-curso-de-copy"],"_links":{"self":[{"href":"https:\/\/wiy.com.br\/noticias\/wp-json\/wp\/v2\/posts\/69922","targetHints":{"allow":["GET"]}}],"collection":[{"href":"https:\/\/wiy.com.br\/noticias\/wp-json\/wp\/v2\/posts"}],"about":[{"href":"https:\/\/wiy.com.br\/noticias\/wp-json\/wp\/v2\/types\/post"}],"author":[{"embeddable":true,"href":"https:\/\/wiy.com.br\/noticias\/wp-json\/wp\/v2\/users\/1"}],"replies":[{"embeddable":true,"href":"https:\/\/wiy.com.br\/noticias\/wp-json\/wp\/v2\/comments?post=69922"}],"version-history":[{"count":0,"href":"https:\/\/wiy.com.br\/noticias\/wp-json\/wp\/v2\/posts\/69922\/revisions"}],"wp:featuredmedia":[{"embeddable":true,"href":"https:\/\/wiy.com.br\/noticias\/wp-json\/wp\/v2\/media\/69923"}],"wp:attachment":[{"href":"https:\/\/wiy.com.br\/noticias\/wp-json\/wp\/v2\/media?parent=69922"}],"wp:term":[{"taxonomy":"category","embeddable":true,"href":"https:\/\/wiy.com.br\/noticias\/wp-json\/wp\/v2\/categories?post=69922"},{"taxonomy":"post_tag","embeddable":true,"href":"https:\/\/wiy.com.br\/noticias\/wp-json\/wp\/v2\/tags?post=69922"}],"curies":[{"name":"wp","href":"https:\/\/api.w.org\/{rel}","templated":true}]}}