{"id":6980,"date":"2023-02-26T15:41:15","date_gmt":"2023-02-26T18:41:15","guid":{"rendered":"https:\/\/wiy.com.br\/noticias\/grupo-de-lima-diz-que-vida-de-guaido-foi-ameacada-e-responsabiliza-maduro\/"},"modified":"2019-02-25T19:04:05","modified_gmt":"2019-02-25T22:04:05","slug":"grupo-de-lima-diz-que-vida-de-guaido-foi-ameacada-e-responsabiliza-maduro","status":"publish","type":"post","link":"https:\/\/wiy.com.br\/noticias\/grupo-de-lima-diz-que-vida-de-guaido-foi-ameacada-e-responsabiliza-maduro\/","title":{"rendered":"Grupo de Lima diz que vida de Guaid\u00f3 foi amea\u00e7ada e responsabiliza Maduro"},"content":{"rendered":"<p> <br \/>\n<\/p>\n<p>Bogot\u00e1 &#8211; O Grupo de Lima denunciou nesta segunda-feira que h\u00e1 informa\u00e7\u00f5es s\u00e9rias e cr\u00edveis de amea\u00e7as contra <strong><a href=\"https:\/\/exame.abril.com.br\/noticias-sobre\/juan-guaido\/\" target=\"_blank\" rel=\"noopener noreferrer\">Juan Guaid\u00f3<\/a><\/strong>, reconhecido pelo bloco como presidente interino da <strong><a href=\"https:\/\/exame.abril.com.br\/noticias-sobre\/venezuela\/\" target=\"_blank\" rel=\"noopener noreferrer\">Venezuela<\/a><\/strong>, e sua fam\u00edlia, responsabilizando o presidente do pa\u00eds, <strong><a href=\"https:\/\/exame.abril.com.br\/noticias-sobre\/nicolas-maduro\" target=\"_blank\" rel=\"noopener noreferrer\">Nicol\u00e1s Maduro<\/a><\/strong>, por qualquer agress\u00e3o f\u00edsica ao l\u00edder opositor.<\/p>\n<p>&#8220;Queremos responsabilizar o usurpador Maduro de qualquer a\u00e7\u00e3o violenta contra Guaid\u00f3, sua esposa e seus familiares, o que se transformaria n\u00e3o s\u00f3 em outro crime, mas daria lugar a uma situa\u00e7\u00e3o internacional que obrigaria o Grupo de Lima a atuar coletivamente, recorrendo a todos os mecanismos legais e pol\u00edticos&#8221;, disse o chanceler da Col\u00f4mbia, Carlos Holmes Trujillo.<\/p>\n<p>Para Trujillo, que falou em nome do Grupo de Lima ap\u00f3s a reuni\u00e3o realizada hoje em Bogot\u00e1, Guaid\u00f3 representa a esperan\u00e7a de liberdade e democracia dos venezuelanos. &#8220;Guiad\u00f3 \u00e9 o futuro. Maduro, o usurpador, \u00e9 o passado&#8221;, ressaltou o chanceler colombiano.<\/p>\n<div class=\"widget-news widget-box no-margin no-border\"><span class=\"widget-news-title content-box-title\">Veja tamb\u00e9m<\/span><\/p>\n<ul class=\"widget-news-list\">\n<li class=\"widget-news-item without-thumb with-border\">\n<div class=\"widget-news-info\"><a href=\"http:\/\/exame.abril.com.br\/economia\">ECONOMIA<\/a><span class=\"widget-news-item-title\"><a href=\"https:\/\/exame.abril.com.br\/economia\/governo-trump-anunciara-mais-sancoes-contra-regime-de-maduro-diz-pence\/\">Governo Trump anunciar\u00e1 mais san\u00e7\u00f5es contra regime de Maduro, diz Pence<\/a><\/span><span class=\"widget-news-item-date\">25 fev 2019 &#8211; 15h02<\/span><\/div>\n<\/li>\n<li class=\"widget-news-item without-thumb with-border\">\n<div class=\"widget-news-info\"><a href=\"http:\/\/exame.abril.com.br\/brasil\">BRASIL<\/a><span class=\"widget-news-item-title\"><a href=\"https:\/\/exame.abril.com.br\/brasil\/mourao-busca-solucao-pacifica-para-maduro-ir-embora-da-venezuela\/\">Mour\u00e3o busca solu\u00e7\u00e3o pac\u00edfica para Maduro ir embora da Venezuela<\/a><\/span><span class=\"widget-news-item-date\">25 fev 2019 &#8211; 17h02<\/span><\/div>\n<\/li>\n<\/ul>\n<\/div>\n<p>No \u00faltimo dia 10 de fevereiro, Guaid\u00f3 denunciou que a av\u00f3 de sua esposa, Fabiana Rosales, foi amea\u00e7ada por um &#8220;coletivo&#8221;, como s\u00e3o conhecidas as organiza\u00e7\u00f5es paramilitares integradas por civis, habitualmente armados, que atuam na defesa do chavismo.<\/p>\n<p>A amea\u00e7a foi feita no munic\u00edpio de Tovar, em M\u00e9rida.<\/p>\n<p>Antes, no fim de janeiro, Guaid\u00f3 denunciou que agentes da Guarda Nacional Bolivariana foram at\u00e9 sua casa e procuraram por sua esposa. O objetivo era interrog\u00e1-la, mas ela n\u00e3o estava no local.<\/p>\n<p>Na ocasi\u00e3o, Guaid\u00f3 afirmou que o governo de Nicol\u00e1s Maduro era respons\u00e1vel por qualquer viola\u00e7\u00e3o da seguran\u00e7a de sua fam\u00edlia e revelou que soube da a\u00e7\u00e3o dos agentes gra\u00e7as aos alertas enviados por v\u00e1rios de seus vizinhos.<\/p>\n<p><br \/>\n<br \/><a href=\"https:\/\/exame.abril.com.br\/mundo\/grupo-de-lima-diz-que-vida-de-guaido-foi-ameacada-e-responsabiliza-maduro\/\">Source link <\/a><\/p>\n","protected":false},"excerpt":{"rendered":"<p>Bogot\u00e1 &#8211; O Grupo de Lima denunciou nesta segunda-feira que h\u00e1 informa\u00e7\u00f5es s\u00e9rias e cr\u00edveis de amea\u00e7as contra Juan Guaid\u00f3, reconhecido pelo bloco como presidente interino da Venezuela, e sua fam\u00edlia, responsabilizando o presidente do pa\u00eds, Nicol\u00e1s Maduro, por qualquer agress\u00e3o f\u00edsica ao l\u00edder opositor. &#8220;Queremos responsabilizar o usurpador Maduro de qualquer a\u00e7\u00e3o violenta contra [&hellip;]<\/p>\n","protected":false},"author":1,"featured_media":6981,"comment_status":"open","ping_status":"open","sticky":false,"template":"","format":"standard","meta":{"footnotes":""},"categories":[337],"tags":[],"class_list":["post-6980","post","type-post","status-publish","format-standard","has-post-thumbnail","hentry","category-noticias"],"_links":{"self":[{"href":"https:\/\/wiy.com.br\/noticias\/wp-json\/wp\/v2\/posts\/6980","targetHints":{"allow":["GET"]}}],"collection":[{"href":"https:\/\/wiy.com.br\/noticias\/wp-json\/wp\/v2\/posts"}],"about":[{"href":"https:\/\/wiy.com.br\/noticias\/wp-json\/wp\/v2\/types\/post"}],"author":[{"embeddable":true,"href":"https:\/\/wiy.com.br\/noticias\/wp-json\/wp\/v2\/users\/1"}],"replies":[{"embeddable":true,"href":"https:\/\/wiy.com.br\/noticias\/wp-json\/wp\/v2\/comments?post=6980"}],"version-history":[{"count":0,"href":"https:\/\/wiy.com.br\/noticias\/wp-json\/wp\/v2\/posts\/6980\/revisions"}],"wp:featuredmedia":[{"embeddable":true,"href":"https:\/\/wiy.com.br\/noticias\/wp-json\/wp\/v2\/media\/6981"}],"wp:attachment":[{"href":"https:\/\/wiy.com.br\/noticias\/wp-json\/wp\/v2\/media?parent=6980"}],"wp:term":[{"taxonomy":"category","embeddable":true,"href":"https:\/\/wiy.com.br\/noticias\/wp-json\/wp\/v2\/categories?post=6980"},{"taxonomy":"post_tag","embeddable":true,"href":"https:\/\/wiy.com.br\/noticias\/wp-json\/wp\/v2\/tags?post=6980"}],"curies":[{"name":"wp","href":"https:\/\/api.w.org\/{rel}","templated":true}]}}