{"id":69667,"date":"2023-02-26T15:02:53","date_gmt":"2023-02-26T18:02:53","guid":{"rendered":"https:\/\/wiy.com.br\/noticias\/sergio-hondjakoff-diz-que-mentiu-ao-negar-internacao-e-pede-perdao\/"},"modified":"2021-08-06T16:05:10","modified_gmt":"2021-08-06T19:05:10","slug":"sergio-hondjakoff-diz-que-mentiu-ao-negar-internacao-e-pede-perdao","status":"publish","type":"post","link":"https:\/\/wiy.com.br\/noticias\/sergio-hondjakoff-diz-que-mentiu-ao-negar-internacao-e-pede-perdao\/","title":{"rendered":"S\u00e9rgio Hondjakoff diz que mentiu ao negar interna\u00e7\u00e3o e pede perd\u00e3o"},"content":{"rendered":"<p> <br \/>\n<\/p>\n<p>O ator <span><a href=\"https:\/\/vejasp.abril.com.br\/cidades\/sergio-hondjakoff-cabecao-internado-clinica-pindamonhangaba\/\"><strong>S\u00e9rgio Hondjakoff<\/strong><\/a>, que interpretou o personagem Cabe\u00e7\u00e3o em<strong> Malha\u00e7\u00e3o<\/strong>, da TV Globo, admitiu ter mentido ao dizer <a href=\"https:\/\/vejasp.abril.com.br\/cidades\/sergio-hondjakoff-cabecao-internado-clinica-pindamonhangaba\/\">que n\u00e3o estava em cl\u00ednica de reabilita\u00e7\u00e3o <\/a><\/span><span><a href=\"https:\/\/vejasp.abril.com.br\/cidades\/sergio-hondjakoff-cabecao-internado-clinica-pindamonhangaba\/\">que mantinha os internos em c\u00e1rcere privado<\/a>. O MP e a Pol\u00edcia Civil desarticularam o esquema na \u00faltima quinta-feira (5).<\/span><\/p>\n<p><span>Ao UOL, ele disse que tomou a atitude para proteger o filho. &#8220;Fui internado porque foi preciso e menti para preservar a minha fam\u00edlia e principalmente o meu filho, que s\u00f3 tem um ano de idade&#8221;, afirmou.\u00a0<\/span><\/p>\n<p><span>&#8220;Tudo o que est\u00e1 nas redes, na internet, fica l\u00e1 para sempre, e menti porque n\u00e3o queria que meu filho tomasse conhecimento um dia desse fato, depois de ele j\u00e1 ter nascido. Pe\u00e7o que entendam a minha situa\u00e7\u00e3o e me perdoem&#8221;, disse o ator de 37 anos.\u00a0<\/span><\/p>\n<p><span>&#8220;\u00c9 com muita vergonha que venho atrav\u00e9s desse \u00e1udio pedir mil desculpas \u00e0s pessoas que gostam de mim e \u00e0s que n\u00e3o gostam. Enfim, \u00e0s pessoas em geral. Quero pedir desculpa por ter gravado um v\u00eddeo ontem mentindo sobre a minha interna\u00e7\u00e3o&#8221;.<\/span><\/p>\n<p>O MP diz que o espa\u00e7o mantinha os pacientes em c\u00e1rcere privado e o contato com a fam\u00edlia era controlado por funcion\u00e1rios. Duas pessoas que trabalhavam no local foram presas.\u00a0Ap\u00f3s o caso vir \u00e0 tona na tarde da \u00faltima quinta-feira (5), <span>S\u00e9rgio Hondjakoff gravou um v\u00eddeo dizendo que as alega\u00e7\u00f5es eram falsas.<\/span><\/p>\n<div id=\"relacionadas\" class=\"block related-posts three_columns\">\n<ul class=\"block-menu\">\n<li data-tab=\"tab-1\" class=\"active\">Relacionadas<\/li>\n<\/ul>\n<div id=\"tab-1\" class=\"block-content active\">\n<div class=\"row\">\n<li class=\"widget-news-item without-thumb with-border\">\n<div class=\"widget-news-info\"><a href=\"http:\/\/vejasp.abril.com.br\/cidades\">Cidades<\/a><span class=\"widget-news-item-title\"><a href=\"https:\/\/vejasp.abril.com.br\/cidades\/gays-barriga-de-aluguel-solidaria\/\">Por sonho da paternidade, homens buscam barriga solid\u00e1ria ou de aluguel<\/a><\/span><span class=\"widget-news-item-date\">6 ago 2021 &#8211; 06h08<\/span><\/div>\n<\/li>\n<li class=\"widget-news-item without-thumb with-border\">\n<div class=\"widget-news-info\"><a href=\"http:\/\/vejasp.abril.com.br\/saude\">Sa\u00fade<\/a><span class=\"widget-news-item-title\"><a href=\"https:\/\/vejasp.abril.com.br\/saude\/doria-muda-postura-e-diz-que-tem-reserva-para-vacinar-adolescentes\/\">Doria muda postura e diz que tem reserva para vacinar adolescentes<\/a><\/span><span class=\"widget-news-item-date\">6 ago 2021 &#8211; 14h08<\/span><\/div>\n<\/li>\n<li class=\"widget-news-item without-thumb with-border\">\n<div class=\"widget-news-info\"><a href=\"http:\/\/vejasp.abril.com.br\/cidades\">Cidades<\/a><span class=\"widget-news-item-title\"><a href=\"https:\/\/vejasp.abril.com.br\/cidades\/mutirao-encontre-o-seu-pai-no-poupatempo-sera-realizado-no-fim-de-semana\/\">Mutir\u00e3o \u201cEncontre o seu Pai no Poupatempo\u201d ser\u00e1 realizado no fim de semana<\/a><\/span><span class=\"widget-news-item-date\">6 ago 2021 &#8211; 15h08<\/span><\/div>\n<\/li>\n<\/div>\n<\/div>\n<\/div>\n<div id=\"mais_lidas\" class=\"block related-posts mais-lidas\">\n<ul class=\"block-menu\">\n<li data-tab=\"tab-1\" class=\"active\">Mais lidas<\/li>\n<\/ul>\n<div id=\"tab-1\" class=\"block-content active\">\n<div class=\"row\">\n<div class=\"col-s-12 col-l-3\"><a href=\"https:\/\/vejasp.abril.com.br\/cidades\/apos-recordes-frio-onda-de-calor-chega-sp-semana-que-vem\/\" class=\"card\"><span class=\"category hide-s\">Cidades<\/span><img title = \"[Tags]\"data-src=\"https:\/\/vejasp.abril.com.br\/wp-content\/uploads\/2021\/01\/tarde-quente-de-s\u00e1bado.jpeg?quality=70&amp;strip=info&amp;w=680&amp;h=453&amp;crop=1\"alt = \"tarde-quente-de-s\u00e1bado S\u00e9rgio Hondjakoff diz que mentiu ao negar interna\u00e7\u00e3o e pede perd\u00e3o\" class=\"lazyload media\"><span class=\"category hide-l\">Cidades<\/span><span class=\"title\">Vai esquentar, S\u00e3o Paulo: veja a previs\u00e3o do tempo para os pr\u00f3ximos dias<\/span><\/a><\/div>\n<div class=\"col-s-12 col-l-3\"><a href=\"https:\/\/vejasp.abril.com.br\/cidades\/filho-walkyria-santos-se-matou-mensagens-odio-internet\/\" class=\"card\"><span class=\"category hide-s\">Cidades<\/span><img title = \"[Tags]\"data-src=\"https:\/\/vejasp.abril.com.br\/wp-content\/uploads\/2021\/08\/filho-da-cantora-de-forro-Walkyria-Santos.jpg?quality=70&amp;strip=info&amp;w=680&amp;h=453&amp;crop=1\"alt = \"tarde-quente-de-s\u00e1bado S\u00e9rgio Hondjakoff diz que mentiu ao negar interna\u00e7\u00e3o e pede perd\u00e3o\" class=\"lazyload media\"><span class=\"category hide-l\">Cidades<\/span><span class=\"title\">Filho de cantora Walkyria \u00e9 encontrado morto ap\u00f3s mensagens de \u00f3dio<\/span><\/a><\/div>\n<div class=\"col-s-12 col-l-3\"><a href=\"https:\/\/vejasp.abril.com.br\/cidades\/motorista-uber-cancela-viagem\/\" class=\"card\"><span class=\"category hide-s\">Cidades<\/span><img title = \"[Tags]\"data-src=\"https:\/\/vejasp.abril.com.br\/wp-content\/uploads\/2019\/08\/uber.jpg?quality=70&amp;strip=info&amp;w=640&amp;h=453&amp;crop=1\"alt = \"tarde-quente-de-s\u00e1bado S\u00e9rgio Hondjakoff diz que mentiu ao negar interna\u00e7\u00e3o e pede perd\u00e3o\" class=\"lazyload media\"><span class=\"category hide-l\">Cidades<\/span><span class=\"title\">Por que os motoristas de aplicativo passaram a recusar tantas viagens?<\/span><\/a><\/div>\n<div class=\"col-s-12 col-l-3\"><a href=\"https:\/\/vejasp.abril.com.br\/cidades\/adolescente-de-14-anos-mata-o-pai-em-condominio-fechado-no-interior\/\" class=\"card\"><span class=\"category hide-s\">Cidades<\/span><img title = \"[Tags]\"data-src=\"https:\/\/vejasp.abril.com.br\/wp-content\/uploads\/2021\/08\/policia-militar-3-.jpeg?quality=70&amp;strip=info&amp;w=680&amp;h=453&amp;crop=1\"alt = \"tarde-quente-de-s\u00e1bado S\u00e9rgio Hondjakoff diz que mentiu ao negar interna\u00e7\u00e3o e pede perd\u00e3o\" class=\"lazyload media\"><span class=\"category hide-l\">Cidades<\/span><span class=\"title\">Adolescente de 14 anos mata o pai em condom\u00ednio fechado no interior<\/span><\/a><\/div>\n<\/div>\n<\/div>\n<\/div>\n<div id=\"leia_mais\" class=\"block related-posts leia-mais\">\n<ul class=\"block-menu\">\n<li data-tab=\"tab-1\" class=\"active\">Leia mais<\/li>\n<\/ul>\n<div id=\"tab-1\" class=\"block-content active\">\n<div class=\"row\">\n<div class=\"col-s-12 col-l-3\"><a href=\"https:\/\/vejasp.abril.com.br\/cidades\/mutirao-encontre-o-seu-pai-no-poupatempo-sera-realizado-no-fim-de-semana\/\" class=\"card\"><span class=\"category hide-s\">Cidades<\/span><img title = \"[Tags]\"data-src=\"https:\/\/vejasp.abril.com.br\/wp-content\/uploads\/2020\/08\/DETRAN-POUPA-TEMPO.jpg?quality=70&amp;strip=info&amp;w=680&amp;h=453&amp;crop=1\"alt = \"tarde-quente-de-s\u00e1bado S\u00e9rgio Hondjakoff diz que mentiu ao negar interna\u00e7\u00e3o e pede perd\u00e3o\" class=\"lazyload media\"><span class=\"category hide-l\">Cidades<\/span><span class=\"title\">Mutir\u00e3o \u201cEncontre o seu Pai no Poupatempo\u201d ser\u00e1 realizado no fim de semana<\/span><\/a><\/div>\n<div class=\"col-s-12 col-l-3\"><a href=\"https:\/\/vejasp.abril.com.br\/cidades\/pitbulls-que-atacaram-mulher-que-segurava-pizza-estavam-com-fome\/\" class=\"card\"><span class=\"category hide-s\">Cidades<\/span><img title = \"[Tags]\"data-src=\"https:\/\/vejasp.abril.com.br\/wp-content\/uploads\/2021\/07\/206182084-4061012060653315-2067875152596655281-n.jpg?quality=70&amp;strip=info&amp;crop=0px%2C5px%2C984px%2C669px&amp;resize=680%2C453\"alt = \"tarde-quente-de-s\u00e1bado S\u00e9rgio Hondjakoff diz que mentiu ao negar interna\u00e7\u00e3o e pede perd\u00e3o\" class=\"lazyload media\"><span class=\"category hide-l\">Cidades<\/span><span class=\"title\">Pitbulls que atacaram mulher que segurava pizza estavam com fome<\/span><\/a><\/div>\n<div class=\"col-s-12 col-l-3\"><a href=\"https:\/\/vejasp.abril.com.br\/cidades\/novo-ensino-medio-aprofundamentos-especificos-mais-tempo-na-escola\/\" class=\"card\"><span class=\"category hide-s\">Cidades<\/span><img title = \"[Tags]\"data-src=\"https:\/\/vejasp.abril.com.br\/wp-content\/uploads\/2021\/08\/novo-ensino-medio-opcoes-aprofundamento-curricular-maior-carga-horaria.jpg.jpg?quality=70&amp;strip=info&amp;w=680&amp;h=453&amp;crop=1\"alt = \"tarde-quente-de-s\u00e1bado S\u00e9rgio Hondjakoff diz que mentiu ao negar interna\u00e7\u00e3o e pede perd\u00e3o\" class=\"lazyload media\"><span class=\"category hide-l\">Cidades<\/span><span class=\"title\">As novidades do Novo Ensino M\u00e9dio, a partir de 2022<\/span><\/a><\/div>\n<div class=\"col-s-12 col-l-3\"><a href=\"https:\/\/vejasp.abril.com.br\/cidades\/gays-barriga-de-aluguel-solidaria\/\" class=\"card\"><span class=\"category hide-s\">Cidades<\/span><img title = \"[Tags]\"data-src=\"https:\/\/vejasp.abril.com.br\/wp-content\/uploads\/2021\/08\/Capa-barriga.jpg?quality=70&amp;strip=info&amp;w=680&amp;h=453&amp;crop=1\"alt = \"tarde-quente-de-s\u00e1bado S\u00e9rgio Hondjakoff diz que mentiu ao negar interna\u00e7\u00e3o e pede perd\u00e3o\" class=\"lazyload media\"><span class=\"category hide-l\">Cidades<\/span><span class=\"title\">Por sonho da paternidade, homens buscam barriga solid\u00e1ria ou de aluguel<\/span><\/a><\/div>\n<\/div>\n<\/div>\n<\/div>\n<p><br \/>\n<br \/><a href=\"https:\/\/vejasp.abril.com.br\/cidades\/sergio-hondjakoff-diz-que-mentiu-ao-negar-internacao-e-pede-perdao\/\">Fonte do Artigo <\/a><br \/>\nTags:<br \/>\n#loterias #loteriascaixa #megasena #resultadoapostas#noticias #noticiario  #noticia #brasil #noticiascolombia #mundo #esporte #colombia #noticiadeld #ltimasnoticias  #noticiario #noticiasregionales #noticiasdepartamentales #noticiashoy #esportes #noticiaahora #elinformantenoticias #noticiasdeboyac  #esporteinterativo #esportivo #diariodosesportes  #noticiero  #jogodefutebol #jogos #loto #apostas<\/p>\n","protected":false},"excerpt":{"rendered":"<p>O ator S\u00e9rgio Hondjakoff, que interpretou o personagem Cabe\u00e7\u00e3o em Malha\u00e7\u00e3o, da TV Globo, admitiu ter mentido ao dizer que n\u00e3o estava em cl\u00ednica de reabilita\u00e7\u00e3o que mantinha os internos em c\u00e1rcere privado. O MP e a Pol\u00edcia Civil desarticularam o esquema na \u00faltima quinta-feira (5). Ao UOL, ele disse que tomou a atitude para [&hellip;]<\/p>\n","protected":false},"author":1,"featured_media":69658,"comment_status":"open","ping_status":"open","sticky":false,"template":"","format":"standard","meta":{"footnotes":""},"categories":[1],"tags":[],"class_list":["post-69667","post","type-post","status-publish","format-standard","has-post-thumbnail","hentry","category-curso-de-copy"],"_links":{"self":[{"href":"https:\/\/wiy.com.br\/noticias\/wp-json\/wp\/v2\/posts\/69667","targetHints":{"allow":["GET"]}}],"collection":[{"href":"https:\/\/wiy.com.br\/noticias\/wp-json\/wp\/v2\/posts"}],"about":[{"href":"https:\/\/wiy.com.br\/noticias\/wp-json\/wp\/v2\/types\/post"}],"author":[{"embeddable":true,"href":"https:\/\/wiy.com.br\/noticias\/wp-json\/wp\/v2\/users\/1"}],"replies":[{"embeddable":true,"href":"https:\/\/wiy.com.br\/noticias\/wp-json\/wp\/v2\/comments?post=69667"}],"version-history":[{"count":0,"href":"https:\/\/wiy.com.br\/noticias\/wp-json\/wp\/v2\/posts\/69667\/revisions"}],"wp:featuredmedia":[{"embeddable":true,"href":"https:\/\/wiy.com.br\/noticias\/wp-json\/wp\/v2\/media\/69658"}],"wp:attachment":[{"href":"https:\/\/wiy.com.br\/noticias\/wp-json\/wp\/v2\/media?parent=69667"}],"wp:term":[{"taxonomy":"category","embeddable":true,"href":"https:\/\/wiy.com.br\/noticias\/wp-json\/wp\/v2\/categories?post=69667"},{"taxonomy":"post_tag","embeddable":true,"href":"https:\/\/wiy.com.br\/noticias\/wp-json\/wp\/v2\/tags?post=69667"}],"curies":[{"name":"wp","href":"https:\/\/api.w.org\/{rel}","templated":true}]}}