{"id":69556,"date":"2023-02-26T15:45:13","date_gmt":"2023-02-26T18:45:13","guid":{"rendered":"https:\/\/wiy.com.br\/noticias\/comercio-podera-funcionar-com-100-de-ocupacao-a-partir-de-17-de-agosto\/"},"modified":"2021-07-28T15:05:09","modified_gmt":"2021-07-28T18:05:09","slug":"comercio-podera-funcionar-com-100-de-ocupacao-a-partir-de-17-de-agosto","status":"publish","type":"post","link":"https:\/\/wiy.com.br\/noticias\/comercio-podera-funcionar-com-100-de-ocupacao-a-partir-de-17-de-agosto\/","title":{"rendered":"Com\u00e9rcio poder\u00e1 funcionar com 100% de ocupa\u00e7\u00e3o a partir de 17 de agosto"},"content":{"rendered":"<p> <br \/>\n<\/p>\n<p>O governador<strong> Jo\u00e3o Doria<\/strong> (PSDB) anunciou nesta quarta-feira (28) nova flexibiliza\u00e7\u00e3o do Plano SP contra a <strong>Covid-19<\/strong>. A partir do dia 1\u00ba de agosto, o hor\u00e1rio de funcionamento dos estabelecimentos comerciais vai at\u00e9 a meia-noite. A capacidade tamb\u00e9m aumenta para 80%. Anteriormente, o com\u00e9rcio s\u00f3 podia funcionar at\u00e9 as 23h com 60% de ocupa\u00e7\u00e3o total.<\/p>\n<p>O <strong>toque de recolher<\/strong> imposto entre 23h e 5h tamb\u00e9m ser\u00e1 exclu\u00eddo no dia 1\u00ba. Al\u00e9m disso, a partir do dia <strong>17 de agosto,<\/strong> segundo o governador, os locais poder\u00e3o funcionar com 100% de ocupa\u00e7\u00e3o e sem limite de hor\u00e1rio. O uso de m\u00e1scaras e demais protocolos contra a Covid-19 devem ser mantidos. <span>&#8220;A partir de 17\/08, com a popula\u00e7\u00e3o j\u00e1 vacinada, estar\u00e1 extinto limite de ocupa\u00e7\u00e3o e hor\u00e1rios de funcionamento de estabelecimentos comerciais&#8221;, disse.<\/span><\/p>\n<blockquote class=\"twitter-tweet\" data-width=\"500\" data-dnt=\"true\">\n<p lang=\"pt\" dir=\"ltr\">Boa not\u00edcia!<br \/>Retomada segura no Estado\/SP<\/p>\n<p>Em 1\u00ba agosto, liberado:<br \/><img title = \"[Tags]\"decoding=\"async\" src=\"https:\/\/s.w.org\/images\/core\/emoji\/13.1.0\/72x72\/2705.png\"alt = \"2705 Com\u00e9rcio poder\u00e1 funcionar com 100% de ocupa\u00e7\u00e3o a partir de 17 de agosto\" class=\"wp-smiley\" \/> 80% ocupa\u00e7\u00e3o em estabelecimentos<br \/><img title = \"[Tags]\"decoding=\"async\" src=\"https:\/\/s.w.org\/images\/core\/emoji\/13.1.0\/72x72\/2705.png\"alt = \"2705 Com\u00e9rcio poder\u00e1 funcionar com 100% de ocupa\u00e7\u00e3o a partir de 17 de agosto\" class=\"wp-smiley\" \/> Funcionamento at\u00e9 \u00e0s 24horas<\/p>\n<p>Em 17 agosto, liberado:<br \/><img title = \"[Tags]\"decoding=\"async\" src=\"https:\/\/s.w.org\/images\/core\/emoji\/13.1.0\/72x72\/2705.png\"alt = \"2705 Com\u00e9rcio poder\u00e1 funcionar com 100% de ocupa\u00e7\u00e3o a partir de 17 de agosto\" class=\"wp-smiley\" \/> 100% ocupa\u00e7\u00e3o em estabelecimentos<\/p>\n<p>\u00c9 fundamental uso de m\u00e1scaras, evitar aglomera\u00e7\u00f5es e seguir protocolos de higiene<\/p>\n<p>&mdash; Jo\u00e3o Doria (@jdoriajr) <a href=\"https:\/\/twitter.com\/jdoriajr\/status\/1420412036954079234?ref_src=twsrc%5Etfw\">July 28, 2021<\/a><\/p>\n<\/blockquote>\n<div class=\"mc-column content-text active-extra-styles \" data-block-type=\"unstyled\" data-block-weight=\"46\" data-block-id=\"5\">\n<p data-track-category=\"Link no Texto\" data-track-links=\"\">Eventos que geram aglomera\u00e7\u00f5es, como casas noturnas, shows de m\u00e9dio e grande porte e competi\u00e7\u00f5es esportivas com p\u00fablico, continuam proibidos, com possibilidade de reabertura condicionada aos <a href=\"https:\/\/vejasp.abril.com.br\/cidades\/retomada-eventos-e-aulas-sp\/\">resultados de eventos modelo sob supervis\u00e3o das autoridades de sa\u00fade e averigua\u00e7\u00e3o pelo Centro de Conting\u00eancia do coronav\u00edrus<\/a>, anunciou o governo.<\/p>\n<p data-track-category=\"Link no Texto\" data-track-links=\"\">O governo de S\u00e3o Paulo tamb\u00e9m anunciou a<span>\u00a0<\/span><a href=\"https:\/\/vejasp.abril.com.br\/saude\/governo-sao-paulo-antecipar-calendario-vacinacao-covid\/\">antecipa\u00e7\u00e3o do calend\u00e1rio de vacina\u00e7\u00e3o<\/a>. De acordo com a administra\u00e7\u00e3o, a nova previs\u00e3o para que todos os adultos estejam vacinados com a primeira dose \u00e9 at\u00e9 o<span>\u00a0<\/span><strong>dia 16 de agosto<\/strong>. Os adolescentes de 12 a 17 anos ser\u00e3o imunizados a partir do dia 18 de agosto.<\/p>\n<p data-track-category=\"Link no Texto\" data-track-links=\"\"><a href=\"https:\/\/vejasp.abril.com.br\/cidades\/usp-abre-4-985-vagas-para-cursos-gratuitos-e-online\/\"><strong>+ USP abre quase 5 000 vagas para cursos gratuitos e online<\/strong><\/a><\/p>\n<h3>Indicadores de sa\u00fade<\/h3>\n<p>As permiss\u00f5es anunciadas nesta quarta foram balizadas pelo atual cen\u00e1rio do controle da <strong>pandemia<\/strong> em S\u00e3o Paulo, afirma a gest\u00e3o estadual. Indicadores da secretaria da Sa\u00fade mostram redu\u00e7\u00f5es nas m\u00e9dias di\u00e1rias de novos casos (-20,6%), interna\u00e7\u00f5es (-18,3%) e mortes (-9,6%) provocadas pelo coronav\u00edrus em todo o estado.<\/p>\n<p>S\u00e3o Paulo vem registrando quedas nas interna\u00e7\u00f5es de pacientes com coronav\u00edrus em enfermaria e de UTI (Unidade de Terapia Intensiva). A taxa estadual de ocupa\u00e7\u00e3o de leitos de UTI Covid-19 est\u00e1 em 54% e, na Grande S\u00e3o Paulo, o \u00edndice \u00e9 de 49,64%.<\/p>\n<p>De acordo com a secretaria da Sa\u00fade, a campanha de vacina\u00e7\u00e3o em S\u00e3o Paulo j\u00e1 atingiu 75,9% da popula\u00e7\u00e3o adulta com ao menos uma dose de imunizantes. O esquema vacinal completo j\u00e1 foi aplicado a 27,2% dos adultos em todo o estado.<\/p>\n<\/div>\n<div id=\"relacionadas\" class=\"block related-posts three_columns\">\n<ul class=\"block-menu\">\n<li data-tab=\"tab-1\" class=\"active\">Relacionadas<\/li>\n<\/ul>\n<div id=\"tab-1\" class=\"block-content active\">\n<div class=\"row\">\n<li class=\"widget-news-item without-thumb with-border\">\n<div class=\"widget-news-info\"><a href=\"http:\/\/vejasp.abril.com.br\/cidades\">Cidades<\/a><span class=\"widget-news-item-title\"><a href=\"https:\/\/vejasp.abril.com.br\/cidades\/retomada-eventos-e-aulas-sp\/\">De balada a F\u00f3rmula 1, S\u00e3o Paulo prepara retomada gradual<\/a><\/span><span class=\"widget-news-item-date\">23 jul 2021 &#8211; 06h07<\/span><\/div>\n<\/li>\n<li class=\"widget-news-item without-thumb with-border\">\n<div class=\"widget-news-info\"><a href=\"http:\/\/vejasp.abril.com.br\/saude\">Sa\u00fade<\/a><span class=\"widget-news-item-title\"><a href=\"https:\/\/vejasp.abril.com.br\/saude\/governo-sao-paulo-antecipar-calendario-vacinacao-covid\/\">SP vai antecipar mais uma vez calend\u00e1rio de vacina\u00e7\u00e3o contra a Covid-19<\/a><\/span><span class=\"widget-news-item-date\">28 jul 2021 &#8211; 10h07<\/span><\/div>\n<\/li>\n<li class=\"widget-news-item without-thumb with-border\">\n<div class=\"widget-news-info\"><a href=\"http:\/\/vejasp.abril.com.br\/cidades\">Cidades<\/a><span class=\"widget-news-item-title\"><a href=\"https:\/\/vejasp.abril.com.br\/cidades\/motorista-uber-cancela-viagem\/\">Por que os motoristas de aplicativo passaram a recusar tantas viagens?<\/a><\/span><span class=\"widget-news-item-date\">27 jul 2021 &#8211; 15h07<\/span><\/div>\n<\/li>\n<\/div>\n<\/div>\n<\/div>\n<div id=\"mais_lidas\" class=\"block related-posts mais-lidas\">\n<ul class=\"block-menu\">\n<li data-tab=\"tab-1\" class=\"active\">Mais lidas<\/li>\n<\/ul>\n<div id=\"tab-1\" class=\"block-content active\">\n<div class=\"row\">\n<div class=\"col-s-12 col-l-3\"><a href=\"https:\/\/vejasp.abril.com.br\/cidades\/sp-tera-3a-e-mais-forte-onda-de-frio-do-ano-veja-previsao-para-a-semana\/\" class=\"card\"><span class=\"category hide-s\">Cidades<\/span><img title = \"[Tags]\"data-src=\"https:\/\/vejasp.abril.com.br\/wp-content\/uploads\/2021\/06\/friosp.jpg?quality=70&amp;strip=info&amp;w=680&amp;h=453&amp;crop=1\"alt = \"2705 Com\u00e9rcio poder\u00e1 funcionar com 100% de ocupa\u00e7\u00e3o a partir de 17 de agosto\" class=\"lazyload media\"><span class=\"category hide-l\">Cidades<\/span><span class=\"title\">SP ter\u00e1 3\u00aa e mais forte onda de frio do ano; veja previs\u00e3o para a semana<\/span><\/a><\/div>\n<div class=\"col-s-12 col-l-3\"><a href=\"https:\/\/vejasp.abril.com.br\/cidades\/casal-que-fazia-sexo-em-praia-e-expulso-a-chineladas-por-homem-furioso\/\" class=\"card\"><span class=\"category hide-s\">Cidades<\/span><img title = \"[Tags]\"data-src=\"https:\/\/vejasp.abril.com.br\/wp-content\/uploads\/2021\/07\/Design-sem-nome-2021-07-25T155005.692.png?w=680&amp;h=453&amp;crop=1\"alt = \"2705 Com\u00e9rcio poder\u00e1 funcionar com 100% de ocupa\u00e7\u00e3o a partir de 17 de agosto\" class=\"lazyload media\"><span class=\"category hide-l\">Cidades<\/span><span class=\"title\">Casal que fazia sexo em praia \u00e9 expulso a chineladas por homem furioso<\/span><\/a><\/div>\n<div class=\"col-s-12 col-l-3\"><a href=\"https:\/\/vejasp.abril.com.br\/cidades\/saiba-onde-as-temperaturas-podem-ficar-negativas-em-sp-nesta-semana\/\" class=\"card\"><span class=\"category hide-s\">Cidades<\/span><img title = \"[Tags]\"data-src=\"https:\/\/vejasp.abril.com.br\/wp-content\/uploads\/2021\/07\/spencer-backman-1KdD2iBlnRI-unsplash.jpg?quality=70&amp;strip=info&amp;w=680&amp;h=453&amp;crop=1\"alt = \"2705 Com\u00e9rcio poder\u00e1 funcionar com 100% de ocupa\u00e7\u00e3o a partir de 17 de agosto\" class=\"lazyload media\"><span class=\"category hide-l\">Cidades<\/span><span class=\"title\">Saiba onde as temperaturas podem ficar negativas em SP nesta semana<\/span><\/a><\/div>\n<div class=\"col-s-12 col-l-3\"><a href=\"https:\/\/vejasp.abril.com.br\/blog\/astrologia\/previsoes-para-todos-os-signos-de-26-de-julho-a-1-de-agosto\/\" class=\"card\"><span class=\"category hide-s\">Cultura &amp; Lazer<\/span><img title = \"[Tags]\"data-src=\"https:\/\/vejasp.abril.com.br\/wp-content\/uploads\/2021\/07\/mickjagger.jpg?quality=70&amp;strip=info&amp;w=680&amp;h=453&amp;crop=1\"alt = \"2705 Com\u00e9rcio poder\u00e1 funcionar com 100% de ocupa\u00e7\u00e3o a partir de 17 de agosto\" class=\"lazyload media\"><span class=\"category hide-l\">Cultura &amp; Lazer<\/span><span class=\"title\">Previs\u00f5es para todos os signos: de 26 de julho a 1 de agosto<\/span><\/a><\/div>\n<\/div>\n<\/div>\n<\/div>\n<div id=\"leia_mais\" class=\"block related-posts leia-mais\">\n<ul class=\"block-menu\">\n<li data-tab=\"tab-1\" class=\"active\">Leia mais<\/li>\n<\/ul>\n<div id=\"tab-1\" class=\"block-content active\">\n<div class=\"row\">\n<div class=\"col-s-12 col-l-3\"><a href=\"https:\/\/vejasp.abril.com.br\/cidades\/medalhista-paralimpico-agredido-patio-detran\/\" class=\"card\"><span class=\"category hide-s\">Cidades<\/span><img title = \"[Tags]\"data-src=\"https:\/\/vejasp.abril.com.br\/wp-content\/uploads\/2021\/07\/Alan-Fonteles-Instagram.jpg?quality=70&amp;strip=info&amp;crop=0px%2C139px%2C1080px%2C735px&amp;resize=680%2C453\"alt = \"2705 Com\u00e9rcio poder\u00e1 funcionar com 100% de ocupa\u00e7\u00e3o a partir de 17 de agosto\" class=\"lazyload media\"><span class=\"category hide-l\">Cidades<\/span><span class=\"title\">Medalhista paral\u00edmpico diz ter sido agredido em p\u00e1tio do Detran<\/span><\/a><\/div>\n<div class=\"col-s-12 col-l-3\"><a href=\"https:\/\/vejasp.abril.com.br\/cidades\/usp-abre-4-985-vagas-para-cursos-gratuitos-e-online\/\" class=\"card\"><span class=\"category hide-s\">Cidades<\/span><img title = \"[Tags]\"data-src=\"https:\/\/vejasp.abril.com.br\/wp-content\/uploads\/2021\/07\/USP-vista-por-drone.jpg?quality=70&amp;strip=info&amp;w=680&amp;h=453&amp;crop=1\"alt = \"2705 Com\u00e9rcio poder\u00e1 funcionar com 100% de ocupa\u00e7\u00e3o a partir de 17 de agosto\" class=\"lazyload media\"><span class=\"category hide-l\">Cidades<\/span><span class=\"title\">USP abre quase 5 000 vagas para cursos gratuitos e online<\/span><\/a><\/div>\n<div class=\"col-s-12 col-l-3\"><a href=\"https:\/\/vejasp.abril.com.br\/cidades\/novo-ensino-medio-itinerarios-formativos-escolhidos-sao-paulo\/\" class=\"card\"><span class=\"category hide-s\">Cidades<\/span><img title = \"[Tags]\"data-src=\"https:\/\/vejasp.abril.com.br\/wp-content\/uploads\/2021\/07\/30117049116_5307df1be5_k.jpg?quality=70&amp;strip=info&amp;w=680&amp;h=453&amp;crop=1\"alt = \"2705 Com\u00e9rcio poder\u00e1 funcionar com 100% de ocupa\u00e7\u00e3o a partir de 17 de agosto\" class=\"lazyload media\"><span class=\"category hide-l\">Cidades<\/span><span class=\"title\">No novo ensino m\u00e9dio, alunos da rede estadual preferem aulas de linguagens e ci\u00eancias humanas<\/span><\/a><\/div>\n<div class=\"col-s-12 col-l-3\"><a href=\"https:\/\/vejasp.abril.com.br\/cidades\/motorista-uber-cancela-viagem\/\" class=\"card\"><span class=\"category hide-s\">Cidades<\/span><img title = \"[Tags]\"data-src=\"https:\/\/vejasp.abril.com.br\/wp-content\/uploads\/2019\/08\/uber.jpg?quality=70&amp;strip=info&amp;w=640&amp;h=453&amp;crop=1\"alt = \"2705 Com\u00e9rcio poder\u00e1 funcionar com 100% de ocupa\u00e7\u00e3o a partir de 17 de agosto\" class=\"lazyload media\"><span class=\"category hide-l\">Cidades<\/span><span class=\"title\">Por que os motoristas de aplicativo passaram a recusar tantas viagens?<\/span><\/a><\/div>\n<\/div>\n<\/div>\n<\/div>\n<p><script async src=\"http:\/\/platform.twitter.com\/widgets.js\" charset=\"utf-8\"><\/script><br \/>\n<br \/><br \/>\n<br \/><a href=\"https:\/\/vejasp.abril.com.br\/cidades\/comercio-podera-funcionar-com-100-de-ocupacao-a-partir-de-17-de-agosto\/\">Fonte do Artigo <\/a><br \/>\nTags:<br \/>\n#loterias #loteriascaixa #megasena #resultadoapostas#noticias #noticiario  #noticia #brasil #noticiascolombia #mundo #esporte #colombia #noticiadeld #ltimasnoticias  #noticiario #noticiasregionales #noticiasdepartamentales #noticiashoy #esportes #noticiaahora #elinformantenoticias #noticiasdeboyac  #esporteinterativo #esportivo #diariodosesportes  #noticiero  #jogodefutebol #jogos #loto #apostas<\/p>\n","protected":false},"excerpt":{"rendered":"<p>O governador Jo\u00e3o Doria (PSDB) anunciou nesta quarta-feira (28) nova flexibiliza\u00e7\u00e3o do Plano SP contra a Covid-19. A partir do dia 1\u00ba de agosto, o hor\u00e1rio de funcionamento dos estabelecimentos comerciais vai at\u00e9 a meia-noite. A capacidade tamb\u00e9m aumenta para 80%. Anteriormente, o com\u00e9rcio s\u00f3 podia funcionar at\u00e9 as 23h com 60% de ocupa\u00e7\u00e3o total. [&hellip;]<\/p>\n","protected":false},"author":1,"featured_media":54761,"comment_status":"open","ping_status":"open","sticky":false,"template":"","format":"standard","meta":{"footnotes":""},"categories":[1],"tags":[],"class_list":["post-69556","post","type-post","status-publish","format-standard","has-post-thumbnail","hentry","category-curso-de-copy"],"_links":{"self":[{"href":"https:\/\/wiy.com.br\/noticias\/wp-json\/wp\/v2\/posts\/69556","targetHints":{"allow":["GET"]}}],"collection":[{"href":"https:\/\/wiy.com.br\/noticias\/wp-json\/wp\/v2\/posts"}],"about":[{"href":"https:\/\/wiy.com.br\/noticias\/wp-json\/wp\/v2\/types\/post"}],"author":[{"embeddable":true,"href":"https:\/\/wiy.com.br\/noticias\/wp-json\/wp\/v2\/users\/1"}],"replies":[{"embeddable":true,"href":"https:\/\/wiy.com.br\/noticias\/wp-json\/wp\/v2\/comments?post=69556"}],"version-history":[{"count":0,"href":"https:\/\/wiy.com.br\/noticias\/wp-json\/wp\/v2\/posts\/69556\/revisions"}],"wp:featuredmedia":[{"embeddable":true,"href":"https:\/\/wiy.com.br\/noticias\/wp-json\/wp\/v2\/media\/54761"}],"wp:attachment":[{"href":"https:\/\/wiy.com.br\/noticias\/wp-json\/wp\/v2\/media?parent=69556"}],"wp:term":[{"taxonomy":"category","embeddable":true,"href":"https:\/\/wiy.com.br\/noticias\/wp-json\/wp\/v2\/categories?post=69556"},{"taxonomy":"post_tag","embeddable":true,"href":"https:\/\/wiy.com.br\/noticias\/wp-json\/wp\/v2\/tags?post=69556"}],"curies":[{"name":"wp","href":"https:\/\/api.w.org\/{rel}","templated":true}]}}