{"id":69544,"date":"2023-02-26T15:01:13","date_gmt":"2023-02-26T18:01:13","guid":{"rendered":"https:\/\/wiy.com.br\/noticias\/por-que-os-motoristas-de-aplicativo-passaram-a-recusar-tantas-viagens\/"},"modified":"2021-07-27T18:05:09","modified_gmt":"2021-07-27T21:05:09","slug":"por-que-os-motoristas-de-aplicativo-passaram-a-recusar-tantas-viagens","status":"publish","type":"post","link":"https:\/\/wiy.com.br\/noticias\/por-que-os-motoristas-de-aplicativo-passaram-a-recusar-tantas-viagens\/","title":{"rendered":"Por que os motoristas de aplicativo passaram a recusar tantas viagens?"},"content":{"rendered":"<p> <br \/>\n<\/p>\n<p>Pedir uma <strong>viagem<\/strong> por <strong>aplicativo<\/strong> na <strong>capital<\/strong> <strong>paulista<\/strong> por vezes \u00e9 uma tarefa que pode demorar mais do que o esperado: um, dois, tr\u00eas motoristas cancelam, at\u00e9 que o passageiro consiga algu\u00e9m que tope o levar para o destino. Antes da <strong>pandemia<\/strong>, o fen\u00f4meno n\u00e3o era t\u00e3o comum, mas nos \u00faltimos meses se acentuou: qual o motivo?<\/p>\n<p>Conversamos com motoristas da <strong>Uber<\/strong> e da <strong>99<\/strong> e com as plataformas para entender o caso. &#8220;Rola bastante, eu mesmo costumo <strong>cancelar<\/strong> v\u00e1rias <strong>viagens<\/strong>&#8220;, relata Eduardo Andreazzi, 23. Na Uber h\u00e1 2 anos, ele explica que, antes da pandemia, o pre\u00e7o do combust\u00edvel era outro. &#8220;A taxa m\u00ednima (valor que \u00e9 pago ao motorista) no Uber X \u00e9 5,25 reais, a gasolina est\u00e1 5,40. Agora, que muitas vezes n\u00e3o tem muita demanda, a gente aproveita para selecionar uma viagem mais longa, se n\u00e3o, \u00e0s vezes, n\u00e3o paga nem o combust\u00edvel&#8221;, explica.<\/p>\n<p><a href=\"https:\/\/vejasp.abril.com.br\/cidades\/uber-ferramente-gravar-viagens\/\"><strong>+ Por seguran\u00e7a, Uber testa ferramenta para gravar trajetos em S\u00e3o Paulo<\/strong><\/a><\/p>\n<p>O valor que o motorista recebe varia tamb\u00e9m de acordo com o n\u00famero de quil\u00f4metros percorridos e o tempo gasto no trajeto. &#8220;Por quil\u00f4metro, \u00e9 por volta de 1,10 reais e o tempo, 15 centavos a cada minuto&#8221;, diz Eduardo. Os valores praticados dentro da 99 s\u00e3o praticamente iguais.<\/p>\n<p>Os motoristas relatam tamb\u00e9m que a chamada taxa m\u00ednima dos dois aplicativos n\u00e3o aumentam de valor desde 2016, o que encolhe ainda mais os ganhos, obrigando a sele\u00e7\u00e3o de trajetos mais vantajosos.<\/p>\n<p>&#8220;Por vezes, o aplicativo manda a gente buscar um passageiro que est\u00e1 a 5 quil\u00f4metros para andar com ele 1 quil\u00f4metro. A tarifa m\u00ednima [do Uber X e do 99 Pop, 5,25 reais] n\u00e3o muda desde 2016 e o pre\u00e7o do combust\u00edvel est\u00e1 alto demais, nosso custo operacional dobrou&#8221;, afirma Rosemar Pereira, 48, que atende pelas duas plataformas.<\/p>\n<p>&#8220;N\u00f3s nunca tivemos um reajuste de tarifas. Em 2016, para o motorista ganhar bruto de 320 a 350 reais por dia, precisava trabalhar de 8 a 10 horas. Hoje, s\u00e3o de 14 a 15 horas, com a diferen\u00e7a que antes abastec\u00edamos o ve\u00edculo com 60, 70 reais. Hoje, entre 100 e 140 reais&#8221;, afirma o presidente da <strong>Associa\u00e7\u00e3o dos Motoristas de Aplicativo de S\u00e3o Paulo<\/strong>, Eduardo Lima.<\/p>\n<p>Ele diz que o combust\u00edvel ocupa 50% da despesa do motorista e afirma tamb\u00e9m que orienta os associados da Amasp, que conta com 36 000 membros, a n\u00e3o aceitarem trajetos das categorias Uber Promo e 99Poupa, que t\u00eam pre\u00e7os menores do que as categorias regulares. &#8220;O motorista praticamente tira dinheiro do bolso para concluir a corrida. A taxa m\u00ednima ali por vezes \u00e9 de 4,90. J\u00e1 n\u00e3o temos um reajuste, alimentar esse tipo de corrida s\u00f3 piora&#8221;, comenta Lima, que afirma que boa parte dos cancelamentos costuma ocorrer nessa categoria.<\/p>\n<p><a href=\"https:\/\/vejasp.abril.com.br\/cidades\/retomada-eventos-e-aulas-sp\/\"><strong>+ De balada a F\u00f3rmula 1, S\u00e3o Paulo prepara retomada gradual<\/strong><\/a><\/p>\n<h3>O que dizem as empresas<\/h3>\n<p>De acordo com a Uber, a categoria Promo oferece viagens a pre\u00e7os menores, &#8220;portanto os usu\u00e1rios pagam menos, a Uber ganha menos e os motoristas parceiros tamb\u00e9m. Os motoristas s\u00e3o livres para escolher se querem ou n\u00e3o atender essa modalidade&#8221;, diz a empresa em nota enviada \u00e0 <strong><em>Vejinha<\/em><\/strong>. J\u00e1 a 99 diz que a Poupa &#8220;\u00e9 uma das categorias [criadas] com o objetivo de minimizar a crise provocada pela pandemia e aumentar a efici\u00eancia na rotina do motorista, pois estimula a corrida em momentos de menor demanda. O <span>\u00a0<\/span><span>motorista parceiro tem a liberdade de desabilitar o 99Poupa a qualquer momento e sem qualquer tipo de restri\u00e7\u00e3o&#8221;.<\/span><\/p>\n<p>&#8220;Antes da pandemia, quando havia valor din\u00e2mico \u00e0s 18h [Uber e 99 aumentam o pre\u00e7o da corrida em locais com alta demanda], se voc\u00ea pegasse uma viagem ruim, depois podia pegar uma boa. Hoje, voc\u00ea j\u00e1 aproveita para pegar uma longa, porque pode n\u00e3o achar outra assim depois&#8221;, afirma Eduardo Andreazzi.<\/p>\n<p>A Uber afirma, no entanto, que a demanda aumentou &#8220;nas \u00faltimas semanas, conforme o avan\u00e7o da campanha de vacina\u00e7\u00e3o e reabertura progressiva de atividades comerciais&#8221;. Por isso, segundo a empresa, os usu\u00e1rios est\u00e3o esperando mais tempo por uma viagem: &#8220;especialmente nos hor\u00e1rios de pico, h\u00e1 mais chamados do que parceiros dispostos a realizar viagens&#8221;. A 99 relata que desde o final de 2020 retomou o &#8220;volume de corridas no per\u00edodo pr\u00e9-pandemia&#8221;.<\/p>\n<p><strong><a href=\"https:\/\/vejasp.abril.com.br\/cidades\/sp-tera-3a-e-mais-forte-onda-de-frio-do-ano-veja-previsao-para-a-semana\/\">+ SP ter\u00e1 3\u00aa e mais forte onda de frio do ano; veja previs\u00e3o para a semana<\/a><\/strong><\/p>\n<p>&#8220;Os ganhos de quem dirige com app da Uber t\u00eam sido maiores desde o in\u00edcio do ano. Em S\u00e3o Paulo, por exemplo, os parceiros que dirigem por volta de 40 horas ganharam, em m\u00e9dia, de 1 200 a 1 300 reais por semana&#8221;, diz a Uber. &#8220;A gente pode at\u00e9 faturar 1 300 reais por semana, mas a\u00ed tira 600, 700 reais de gasolina. Se fura um pneu ent\u00e3o&#8230;&#8221;, argumenta o motorista Rosemar Pereira.<\/p>\n<p>Sobre o pre\u00e7o dos combust\u00edveis, a Uber afirma que entende &#8220;a insatisfa\u00e7\u00e3o&#8221;, mas que o fator &#8220;foge ao&#8221; controle da empresa e lista parcerias que conferem 4% de <em>cashback<\/em> para os motoristas em postos da <strong>rede Ipiranga<\/strong>. Nem a 99 nem a Uber se pronunciaram sobre as queixas com o pre\u00e7o da taxa m\u00ednima. &#8220;Garantimos 10% de desconto em todo o abastecimento em postos da rede Shell. <span>Tamb\u00e9m estamos, em datas estrat\u00e9gicas, zerando as taxas aplicadas nas corridas, ou seja, 100% do valor \u00e9 repassado ao motorista parceiro&#8221;, diz a 99.<\/span><\/p>\n<p>Para Eduardo Lima, da Amasp, as empresas poderiam procurar outras solu\u00e7\u00f5es para cobrir o aumento do custo operacional dos motoristas. &#8220;Eles poderiam, por exemplo, abaixar a taxa cobrada por eles (25% a 40% do valor da viagem)&#8221;.<\/p>\n<p>A Uber afirma que <span>\u00a0opera &#8220;um sistema de intermedia\u00e7\u00e3o de viagens din\u00e2mico e flex\u00edvel, por isso buscamos sempre considerar, de um lado, as necessidades dos motoristas parceiros e, de outro, a realidade dos consumidores que usam a plataforma, tendo em vista a necessidade de preservar o equil\u00edbrio entre oferta e demanda que \u00e9 fundamental para a plataforma&#8221;. J\u00e1 a 99 diz que est\u00e1 &#8220;ampliando as a\u00e7\u00f5es voltadas para a gera\u00e7\u00e3o de renda para os motoristas parceiros&#8221;.<\/span><\/p>\n<div id=\"relacionadas\" class=\"block related-posts three_columns\">\n<ul class=\"block-menu\">\n<li data-tab=\"tab-1\" class=\"active\">Relacionadas<\/li>\n<\/ul>\n<div id=\"tab-1\" class=\"block-content active\">\n<div class=\"row\">\n<li class=\"widget-news-item without-thumb with-border\">\n<div class=\"widget-news-info\"><a href=\"http:\/\/vejasp.abril.com.br\/cidades\">Cidades<\/a><span class=\"widget-news-item-title\"><a href=\"https:\/\/vejasp.abril.com.br\/cidades\/retomada-eventos-e-aulas-sp\/\">De balada a F\u00f3rmula 1, S\u00e3o Paulo prepara retomada gradual<\/a><\/span><span class=\"widget-news-item-date\">23 jul 2021 &#8211; 06h07<\/span><\/div>\n<\/li>\n<li class=\"widget-news-item without-thumb with-border\">\n<div class=\"widget-news-info\"><a href=\"http:\/\/vejasp.abril.com.br\/saude\">Sa\u00fade<\/a><span class=\"widget-news-item-title\"><a href=\"https:\/\/vejasp.abril.com.br\/saude\/nunes-sanciona-lei-quem-escolher-vacina-na-capital-ira-para-o-fim-da-fila\/\">Nunes sanciona lei: quem escolher vacina na capital ir\u00e1 para o fim da fila<\/a><\/span><span class=\"widget-news-item-date\">27 jul 2021 &#8211; 09h07<\/span><\/div>\n<\/li>\n<li class=\"widget-news-item without-thumb with-border\">\n<div class=\"widget-news-info\"><a href=\"http:\/\/vejasp.abril.com.br\/saude\">Sa\u00fade<\/a><span class=\"widget-news-item-title\"><a href=\"https:\/\/vejasp.abril.com.br\/saude\/luciano-szafir-correu-risco-de-morrer-mais-de-uma-vez-diz-medico\/\">Luciano Szafir correu risco de morrer mais de uma vez, diz m\u00e9dico<\/a><\/span><span class=\"widget-news-item-date\">26 jul 2021 &#8211; 14h07<\/span><\/div>\n<\/li>\n<\/div>\n<\/div>\n<\/div>\n<div id=\"mais_lidas\" class=\"block related-posts mais-lidas\">\n<ul class=\"block-menu\">\n<li data-tab=\"tab-1\" class=\"active\">Mais lidas<\/li>\n<\/ul>\n<div id=\"tab-1\" class=\"block-content active\">\n<div class=\"row\">\n<div class=\"col-s-12 col-l-3\"><a href=\"https:\/\/vejasp.abril.com.br\/cidades\/sp-tera-3a-e-mais-forte-onda-de-frio-do-ano-veja-previsao-para-a-semana\/\" class=\"card\"><span class=\"category hide-s\">Cidades<\/span><img title = \"[Tags]\"data-src=\"https:\/\/vejasp.abril.com.br\/wp-content\/uploads\/2021\/06\/friosp.jpg?quality=70&amp;strip=info&amp;w=680&amp;h=453&amp;crop=1\"alt = \"friosp Por que os motoristas de aplicativo passaram a recusar tantas viagens?\" class=\"lazyload media\"><span class=\"category hide-l\">Cidades<\/span><span class=\"title\">SP ter\u00e1 3\u00aa e mais forte onda de frio do ano; veja previs\u00e3o para a semana<\/span><\/a><\/div>\n<div class=\"col-s-12 col-l-3\"><a href=\"https:\/\/vejasp.abril.com.br\/cidades\/casal-que-fazia-sexo-em-praia-e-expulso-a-chineladas-por-homem-furioso\/\" class=\"card\"><span class=\"category hide-s\">Cidades<\/span><img title = \"[Tags]\"data-src=\"https:\/\/vejasp.abril.com.br\/wp-content\/uploads\/2021\/07\/Design-sem-nome-2021-07-25T155005.692.png?w=680&amp;h=453&amp;crop=1\"alt = \"friosp Por que os motoristas de aplicativo passaram a recusar tantas viagens?\" class=\"lazyload media\"><span class=\"category hide-l\">Cidades<\/span><span class=\"title\">Casal que fazia sexo em praia \u00e9 expulso a chineladas por homem furioso<\/span><\/a><\/div>\n<div class=\"col-s-12 col-l-3\"><a href=\"https:\/\/vejasp.abril.com.br\/cidades\/brasil-pode-ter-frio-mais-intenso-do-seculo-projetam-meteorologistas\/\" class=\"card\"><span class=\"category hide-s\">Cidades<\/span><img title = \"[Tags]\"data-src=\"https:\/\/vejasp.abril.com.br\/wp-content\/uploads\/2017\/07\/inverno-2017-sp-02.jpg?quality=70&amp;strip=info&amp;w=680&amp;h=453&amp;crop=1\"alt = \"friosp Por que os motoristas de aplicativo passaram a recusar tantas viagens?\" class=\"lazyload media\"><span class=\"category hide-l\">Cidades<\/span><span class=\"title\">Brasil pode ter frio mais intenso do s\u00e9culo, projetam meteorologistas<\/span><\/a><\/div>\n<div class=\"col-s-12 col-l-3\"><a href=\"https:\/\/vejasp.abril.com.br\/blog\/astrologia\/previsoes-para-todos-os-signos-de-26-de-julho-a-1-de-agosto\/\" class=\"card\"><span class=\"category hide-s\">Cultura &amp; Lazer<\/span><img title = \"[Tags]\"data-src=\"https:\/\/vejasp.abril.com.br\/wp-content\/uploads\/2021\/07\/mickjagger.jpg?quality=70&amp;strip=info&amp;w=680&amp;h=453&amp;crop=1\"alt = \"friosp Por que os motoristas de aplicativo passaram a recusar tantas viagens?\" class=\"lazyload media\"><span class=\"category hide-l\">Cultura &amp; Lazer<\/span><span class=\"title\">Previs\u00f5es para todos os signos: de 26 de julho a 1 de agosto<\/span><\/a><\/div>\n<\/div>\n<\/div>\n<\/div>\n<div id=\"leia_mais\" class=\"block related-posts leia-mais\">\n<ul class=\"block-menu\">\n<li data-tab=\"tab-1\" class=\"active\">Leia mais<\/li>\n<\/ul>\n<div id=\"tab-1\" class=\"block-content active\">\n<div class=\"row\">\n<div class=\"col-s-12 col-l-3\"><a href=\"https:\/\/vejasp.abril.com.br\/cidades\/menino-ganha-estagio-fabrica-chocolates-apos-perder-trufas-nota-falsa-r-100\/\" class=\"card\"><span class=\"category hide-s\">Cidades<\/span><img title = \"[Tags]\"data-src=\"https:\/\/vejasp.abril.com.br\/wp-content\/uploads\/2021\/07\/menino-Joao-Victor-perdeu-trufas-ao-receber-nota-falsa-de-100-reais-ganha-estagio-em-fabrica-de-chocolates.jpeg?quality=70&amp;strip=info&amp;w=680&amp;h=453&amp;crop=1\"alt = \"friosp Por que os motoristas de aplicativo passaram a recusar tantas viagens?\" class=\"lazyload media\"><span class=\"category hide-l\">Cidades<\/span><span class=\"title\">Enganado com 100 reais falso, Jo\u00e3o ganha est\u00e1gio em f\u00e1brica de chocolates<\/span><\/a><\/div>\n<div class=\"col-s-12 col-l-3\"><a href=\"https:\/\/vejasp.abril.com.br\/cidades\/fechamento-de-pronto-socorro-em-hospital-da-zona-leste-causa-protesto\/\" class=\"card\"><span class=\"category hide-s\">Cidades<\/span><img title = \"[Tags]\"data-src=\"https:\/\/vejasp.abril.com.br\/wp-content\/uploads\/2021\/07\/whatsapp-image-2021-07-27-at-09.59.45.jpeg?quality=70&amp;strip=info&amp;w=680&amp;h=453&amp;crop=1\"alt = \"friosp Por que os motoristas de aplicativo passaram a recusar tantas viagens?\" class=\"lazyload media\"><span class=\"category hide-l\">Cidades<\/span><span class=\"title\">Fechamento de pronto-socorro em hospital da Zona Leste causa protesto<\/span><\/a><\/div>\n<div class=\"col-s-12 col-l-3\"><a href=\"https:\/\/vejasp.abril.com.br\/cidades\/com-previsao-de-frio-recorde-capital-montara-tendas-para-populacao-de-rua\/\" class=\"card\"><span class=\"category hide-s\">Cidades<\/span><img title = \"[Tags]\"data-src=\"https:\/\/vejasp.abril.com.br\/wp-content\/uploads\/2021\/06\/Moradores-de-Rua.jpg?quality=70&amp;strip=info&amp;w=680&amp;h=453&amp;crop=1\"alt = \"friosp Por que os motoristas de aplicativo passaram a recusar tantas viagens?\" class=\"lazyload media\"><span class=\"category hide-l\">Cidades<\/span><span class=\"title\">Com previs\u00e3o de frio recorde, capital montar\u00e1 tendas para popula\u00e7\u00e3o de rua<\/span><\/a><\/div>\n<div class=\"col-s-12 col-l-3\"><a href=\"https:\/\/vejasp.abril.com.br\/cidades\/usp-unicamp-unesp-aula-distancia\/\" class=\"card\"><span class=\"category hide-s\">Cidades<\/span><img title = \"[Tags]\"data-src=\"https:\/\/vejasp.abril.com.br\/wp-content\/uploads\/2021\/07\/USP-vista-por-drone.jpg?quality=70&amp;strip=info&amp;w=680&amp;h=453&amp;crop=1\"alt = \"friosp Por que os motoristas de aplicativo passaram a recusar tantas viagens?\" class=\"lazyload media\"><span class=\"category hide-l\">Cidades<\/span><span class=\"title\">Apesar de libera\u00e7\u00e3o, universidades p\u00fablicas paulistas mant\u00eam ensino remoto<\/span><\/a><\/div>\n<\/div>\n<\/div>\n<\/div>\n<p><br \/>\n<br \/><a href=\"https:\/\/vejasp.abril.com.br\/cidades\/motorista-uber-cancela-viagem\/\">Fonte do Artigo <\/a><br \/>\nTags:<br \/>\n#loterias #loteriascaixa #megasena #resultadoapostas#noticias #noticiario  #noticia #brasil #noticiascolombia #mundo #esporte #colombia #noticiadeld #ltimasnoticias  #noticiario #noticiasregionales #noticiasdepartamentales #noticiashoy #esportes #noticiaahora #elinformantenoticias #noticiasdeboyac  #esporteinterativo #esportivo #diariodosesportes  #noticiero  #jogodefutebol #jogos #loto #apostas<\/p>\n","protected":false},"excerpt":{"rendered":"<p>Pedir uma viagem por aplicativo na capital paulista por vezes \u00e9 uma tarefa que pode demorar mais do que o esperado: um, dois, tr\u00eas motoristas cancelam, at\u00e9 que o passageiro consiga algu\u00e9m que tope o levar para o destino. Antes da pandemia, o fen\u00f4meno n\u00e3o era t\u00e3o comum, mas nos \u00faltimos meses se acentuou: qual [&hellip;]<\/p>\n","protected":false},"author":1,"featured_media":69545,"comment_status":"open","ping_status":"open","sticky":false,"template":"","format":"standard","meta":{"footnotes":""},"categories":[1],"tags":[],"class_list":["post-69544","post","type-post","status-publish","format-standard","has-post-thumbnail","hentry","category-curso-de-copy"],"_links":{"self":[{"href":"https:\/\/wiy.com.br\/noticias\/wp-json\/wp\/v2\/posts\/69544","targetHints":{"allow":["GET"]}}],"collection":[{"href":"https:\/\/wiy.com.br\/noticias\/wp-json\/wp\/v2\/posts"}],"about":[{"href":"https:\/\/wiy.com.br\/noticias\/wp-json\/wp\/v2\/types\/post"}],"author":[{"embeddable":true,"href":"https:\/\/wiy.com.br\/noticias\/wp-json\/wp\/v2\/users\/1"}],"replies":[{"embeddable":true,"href":"https:\/\/wiy.com.br\/noticias\/wp-json\/wp\/v2\/comments?post=69544"}],"version-history":[{"count":0,"href":"https:\/\/wiy.com.br\/noticias\/wp-json\/wp\/v2\/posts\/69544\/revisions"}],"wp:featuredmedia":[{"embeddable":true,"href":"https:\/\/wiy.com.br\/noticias\/wp-json\/wp\/v2\/media\/69545"}],"wp:attachment":[{"href":"https:\/\/wiy.com.br\/noticias\/wp-json\/wp\/v2\/media?parent=69544"}],"wp:term":[{"taxonomy":"category","embeddable":true,"href":"https:\/\/wiy.com.br\/noticias\/wp-json\/wp\/v2\/categories?post=69544"},{"taxonomy":"post_tag","embeddable":true,"href":"https:\/\/wiy.com.br\/noticias\/wp-json\/wp\/v2\/tags?post=69544"}],"curies":[{"name":"wp","href":"https:\/\/api.w.org\/{rel}","templated":true}]}}