{"id":69519,"date":"2023-02-26T15:18:38","date_gmt":"2023-02-26T18:18:38","guid":{"rendered":"https:\/\/wiy.com.br\/noticias\/marido-de-joice-hasselmann-se-posiciona-sobre-rumores-de-agressao\/"},"modified":"2021-07-26T00:05:08","modified_gmt":"2021-07-26T03:05:08","slug":"marido-de-joice-hasselmann-se-posiciona-sobre-rumores-de-agressao","status":"publish","type":"post","link":"https:\/\/wiy.com.br\/noticias\/marido-de-joice-hasselmann-se-posiciona-sobre-rumores-de-agressao\/","title":{"rendered":"Marido de Joice Hasselmann se posiciona sobre rumores de agress\u00e3o"},"content":{"rendered":"<p> <br \/>\n<\/p>\n<div class=\"mc-column content-text active-extra-styles \" data-block-type=\"unstyled\" data-block-weight=\"46\" data-block-id=\"2\">\n<p data-track-category=\"Link no Texto\" data-track-links=\"\">O m\u00e9dico <strong>Daniel Fran\u00e7a<\/strong>, marido da deputada federal <a href=\"https:\/\/vejasp.abril.com.br\/cidades\/joice-hasselmann-fratura-ferimentos-atentado-brasilia\/\"><strong>Joice Hasselmann <\/strong><\/a>(PSL-SP), falou sobre a <a href=\"https:\/\/vejasp.abril.com.br\/cidades\/joice-hasselmann-fratura-ferimentos-atentado-brasilia\/\">agress\u00e3o sofrida pela esposa<\/a>, denunciada na \u00faltima quinta-feira (22). Durante coletiva de imprensa neste domingo (25), ele disse que est\u00e1 colaborando com as investiga\u00e7\u00f5es e que nunca violentaria a mulher.<\/p>\n<p data-track-category=\"Link no Texto\" data-track-links=\"\">&#8220;Eu nunca agredi ningu\u00e9m, nunca dei um tapa em ningu\u00e9m, nem um murro em ningu\u00e9m. N\u00e3o tenho nenhum motivo para fazer isso, eu jamais faria isso&#8221;, afirmou Fran\u00e7a ao lado de<strong> Joice Hasselmnan.\u00a0<\/strong><\/p>\n<p data-track-category=\"Link no Texto\" data-track-links=\"\">A deputada anunciou na \u00faltima semana que havia sido v\u00edtima de agress\u00f5es. Segundo ela, quando acordou havia marcas de sangue no ch\u00e3o do apartamento onde mora e ela estava com o rosto muito ferido. Joice, no entanto, afirma que n\u00e3o se lembra de nada. O marido alega que estava dormindo no quarto ao lado e n\u00e3o escutou nada.<\/p>\n<p data-track-category=\"Link no Texto\" data-track-links=\"\"><strong><a href=\"https:\/\/vejasp.abril.com.br\/cidades\/joice-hasselmann-fratura-ferimentos-atentado-brasilia\/\">+ Joice Hasselmann sofre fraturas no rosto, coluna e quebra dentes<\/a><\/strong><\/p>\n<p data-track-category=\"Link no Texto\" data-track-links=\"\">Joice afirmou que apresentou os nomes de dois suspeitos \u00e0 pol\u00edcia. Disse tamb\u00e9m que quem acusar o marido de agress\u00e3o ser\u00e1 processado. &#8220;Isso [acusa\u00e7\u00f5es] \u00e9 um crime de viol\u00eancia contra a mulher&#8221;, falou. &#8220;N\u00e3o vou admitir mancharem a honra do meu marido e a minha honra tamb\u00e9m, porque isso \u00e9 colocar o meu car\u00e1ter e minha hist\u00f3ria em suspeita&#8221;, prosseguiu.<\/p>\n<p data-track-category=\"Link no Texto\" data-track-links=\"\"><span>O marido deu duas hip\u00f3teses para o caso. \u201cComo n\u00e3o h\u00e1 absolutamente nenhum sinal de luta corporal, eu imagino [que] ou ela caiu j\u00e1 sem consci\u00eancia contra algum obst\u00e1culo ou ela teve sua consci\u00eancia retirada [por meio de alguma subst\u00e2ncia] e da\u00ed foi agredida\u201d.<\/span><\/p>\n<p data-track-category=\"Link no Texto\" data-track-links=\"\">O casal tamb\u00e9m disse que n\u00e3o registrou boletim de ocorr\u00eancia prontamente porque imaginou que se tratasse de um acidente dom\u00e9stico. &#8220;At\u00e9 quarta de manh\u00e3, eu tinha achado que tinha tomado um tombo [&#8230;] mas foram aparecendo hematomas em lugares que n\u00e3o tinha aparecido&#8221;, disse.<\/p>\n<p><strong><a href=\"https:\/\/vejasp.abril.com.br\/cidades\/brasil-pode-ter-frio-mais-intenso-do-seculo-projetam-meteorologistas\/\">+ Brasil pode ter frio mais intenso do s\u00e9culo, projetam meteorologistas<\/a><\/strong><\/p>\n<\/div>\n<p data-track-category=\"Link no Texto\" data-track-links=\"\">A suspeita de agress\u00e3o veio ap\u00f3s exames, feitos na ter\u00e7a-feira (20). &#8220;N\u00f3s nos assustamos pelo volume de fraturas. Ele [m\u00e9dico] falou: pode ter sido uma queda, mas voc\u00ea teria que ter batido em mais de um lugar, ou pode ser uma agress\u00e3o. A partir da\u00ed, sim, procuramos as autoridades&#8221;, conta a deputada.<\/p>\n<p>A parlamentar sofreu cinco fraturas no rosto (duas no nariz e outras nos seios da face); fraturou uma v\u00e9rtebra da coluna e quebrou dois dentes. Os joelhos, regi\u00e3o da costela e ombro ficaram machucados e roxos. Joice tamb\u00e9m sofreu um rasgo no queixo.<\/p>\n<div id=\"relacionadas\" class=\"block related-posts three_columns\">\n<ul class=\"block-menu\">\n<li data-tab=\"tab-1\" class=\"active\">Relacionadas<\/li>\n<\/ul>\n<div id=\"tab-1\" class=\"block-content active\">\n<div class=\"row\">\n<li class=\"widget-news-item without-thumb with-border\">\n<div class=\"widget-news-info\"><a href=\"http:\/\/vejasp.abril.com.br\/cidades\">Cidades<\/a><span class=\"widget-news-item-title\"><a href=\"https:\/\/vejasp.abril.com.br\/cidades\/retomada-eventos-e-aulas-sp\/\">De balada a F\u00f3rmula 1, S\u00e3o Paulo prepara retomada gradual<\/a><\/span><span class=\"widget-news-item-date\">23 jul 2021 &#8211; 06h07<\/span><\/div>\n<\/li>\n<li class=\"widget-news-item without-thumb with-border\">\n<div class=\"widget-news-info\"><a href=\"http:\/\/vejasp.abril.com.br\/olimpiadas\">Olimp\u00edadas<\/a><span class=\"widget-news-item-title\"><a href=\"https:\/\/vejasp.abril.com.br\/olimpiadas\/skate-e-judo-conquistam-primeiras-medalhas-do-brasil-veja-panorama\/\">Skate e jud\u00f4 conquistam primeiras medalhas do Brasil; veja panorama<\/a><\/span><span class=\"widget-news-item-date\">25 jul 2021 &#8211; 17h07<\/span><\/div>\n<\/li>\n<li class=\"widget-news-item without-thumb with-border\">\n<div class=\"widget-news-info\"><a href=\"http:\/\/vejasp.abril.com.br\/cidades\">Cidades<\/a><span class=\"widget-news-item-title\"><a href=\"https:\/\/vejasp.abril.com.br\/cidades\/acidente-gravissimo-mata-3-da-mesma-familia-e-deixa-5-feridos-em-rodovia\/\">Acidente grav\u00edssimo em rodovia mata 3 da mesma fam\u00edlia e deixa 5 feridos<\/a><\/span><span class=\"widget-news-item-date\">25 jul 2021 &#8211; 16h07<\/span><\/div>\n<\/li>\n<\/div>\n<\/div>\n<\/div>\n<div class=\"mc-column content-text active-extra-styles\" data-block-type=\"raw\" data-block-weight=\"1\" data-block-id=\"20\">\n<div class=\"content-intertitle\"><\/div>\n<\/div>\n<div class=\"mc-column content-text active-extra-styles \" data-block-type=\"unstyled\" data-block-weight=\"46\" data-block-id=\"2\">\n<div class=\"content-ads content-ads--reveal\" data-block-type=\"ads\" data-block-id=\"8\">\n<div id=\"banner_materia2\" class=\"tag-manager-publicidade-container mc-has-reveal mc-has-ad-lazyload tag-manager-publicidade-banner_materia2 tag-manager-publicidade-container--carregado tag-manager-publicidade-container--visivel\" data-id=\"banner_materia2\" data-req=\"true\" data-google-query-id=\"CPbdk6WU__ECFdYDuQYdPOkKIg\" data-cid=\"138354149732\" data-lid=\"5680824690\">\n<div class=\"mc-column content-text active-extra-styles \" data-block-type=\"unstyled\" data-block-weight=\"62\" data-block-id=\"19\"><\/div>\n<\/div>\n<\/div>\n<div class=\"mc-column content-text active-extra-styles\" data-block-type=\"raw\" data-block-weight=\"14\" data-block-id=\"5\"><\/div>\n<div class=\"mc-column content-text active-extra-styles \" data-block-type=\"unstyled\" data-block-weight=\"60\" data-block-id=\"4\"><\/div>\n<\/div>\n<div class=\"wall protected-content\">\n<div class=\"mc-column content-text active-extra-styles\" data-block-type=\"raw\" data-block-weight=\"28\" data-block-id=\"3\"><\/div>\n<\/div>\n<div id=\"mais_lidas\" class=\"block related-posts mais-lidas\">\n<ul class=\"block-menu\">\n<li data-tab=\"tab-1\" class=\"active\">Mais lidas<\/li>\n<\/ul>\n<div id=\"tab-1\" class=\"block-content active\">\n<div class=\"row\">\n<div class=\"col-s-12 col-l-3\"><a href=\"https:\/\/vejasp.abril.com.br\/cidades\/sp-tera-3a-e-mais-forte-onda-de-frio-do-ano-veja-previsao-para-a-semana\/\" class=\"card\"><span class=\"category hide-s\">Cidades<\/span><img title = \"[Tags]\"data-src=\"https:\/\/vejasp.abril.com.br\/wp-content\/uploads\/2021\/06\/friosp.jpg?quality=70&amp;strip=info&amp;w=680&amp;h=453&amp;crop=1\"alt = \"friosp Marido de Joice Hasselmann se posiciona sobre rumores de agress\u00e3o\" class=\"lazyload media\"><span class=\"category hide-l\">Cidades<\/span><span class=\"title\">SP ter\u00e1 3\u00aa e mais forte onda de frio do ano; veja previs\u00e3o para a semana<\/span><\/a><\/div>\n<div class=\"col-s-12 col-l-3\"><a href=\"https:\/\/vejasp.abril.com.br\/cidades\/casal-que-fazia-sexo-em-praia-e-expulso-a-chineladas-por-homem-furioso\/\" class=\"card\"><span class=\"category hide-s\">Cidades<\/span><img title = \"[Tags]\"data-src=\"https:\/\/vejasp.abril.com.br\/wp-content\/uploads\/2021\/07\/Design-sem-nome-2021-07-25T155005.692.png?w=680&amp;h=453&amp;crop=1\"alt = \"friosp Marido de Joice Hasselmann se posiciona sobre rumores de agress\u00e3o\" class=\"lazyload media\"><span class=\"category hide-l\">Cidades<\/span><span class=\"title\">Casal que fazia sexo em praia \u00e9 expulso a chineladas por homem furioso<\/span><\/a><\/div>\n<div class=\"col-s-12 col-l-3\"><a href=\"https:\/\/vejasp.abril.com.br\/cidades\/brasil-pode-ter-frio-mais-intenso-do-seculo-projetam-meteorologistas\/\" class=\"card\"><span class=\"category hide-s\">Cidades<\/span><img title = \"[Tags]\"data-src=\"https:\/\/vejasp.abril.com.br\/wp-content\/uploads\/2017\/07\/inverno-2017-sp-02.jpg?quality=70&amp;strip=info&amp;w=680&amp;h=453&amp;crop=1\"alt = \"friosp Marido de Joice Hasselmann se posiciona sobre rumores de agress\u00e3o\" class=\"lazyload media\"><span class=\"category hide-l\">Cidades<\/span><span class=\"title\">Brasil pode ter frio mais intenso do s\u00e9culo, projetam meteorologistas<\/span><\/a><\/div>\n<div class=\"col-s-12 col-l-3\"><a href=\"https:\/\/vejasp.abril.com.br\/saude\/pode-beber-depois-de-tomar-vacina\/\" class=\"card\"><span class=\"category hide-s\">Sa\u00fade<\/span><img title = \"[Tags]\"data-src=\"https:\/\/vejasp.abril.com.br\/wp-content\/uploads\/2021\/07\/Design-sem-nome-1.jpg?quality=70&amp;strip=info&amp;w=680&amp;h=453&amp;crop=1\"alt = \"friosp Marido de Joice Hasselmann se posiciona sobre rumores de agress\u00e3o\" class=\"lazyload media\"><span class=\"category hide-l\">Sa\u00fade<\/span><span class=\"title\">Pode beber depois de tomar vacina? Especialistas respondem a d\u00favidas frequentes<\/span><\/a><\/div>\n<\/div>\n<\/div>\n<\/div>\n<div id=\"leia_mais\" class=\"block related-posts leia-mais\">\n<ul class=\"block-menu\">\n<li data-tab=\"tab-1\" class=\"active\">Leia mais<\/li>\n<\/ul>\n<div id=\"tab-1\" class=\"block-content active\">\n<div class=\"row\">\n<div class=\"col-s-12 col-l-3\"><a href=\"https:\/\/vejasp.abril.com.br\/cidades\/acidente-gravissimo-mata-3-da-mesma-familia-e-deixa-5-feridos-em-rodovia\/\" class=\"card\"><span class=\"category hide-s\">Cidades<\/span><img title = \"[Tags]\"data-src=\"https:\/\/vejasp.abril.com.br\/wp-content\/uploads\/2021\/07\/acidente-itirapina.jpg?quality=70&amp;strip=info&amp;w=680&amp;h=453&amp;crop=1\"alt = \"friosp Marido de Joice Hasselmann se posiciona sobre rumores de agress\u00e3o\" class=\"lazyload media\"><span class=\"category hide-l\">Cidades<\/span><span class=\"title\">Acidente grav\u00edssimo em rodovia mata 3 da mesma fam\u00edlia e deixa 5 feridos<\/span><\/a><\/div>\n<div class=\"col-s-12 col-l-3\"><a href=\"https:\/\/vejasp.abril.com.br\/cidades\/casal-que-fazia-sexo-em-praia-e-expulso-a-chineladas-por-homem-furioso\/\" class=\"card\"><span class=\"category hide-s\">Cidades<\/span><img title = \"[Tags]\"data-src=\"https:\/\/vejasp.abril.com.br\/wp-content\/uploads\/2021\/07\/Design-sem-nome-2021-07-25T155005.692.png?w=680&amp;h=453&amp;crop=1\"alt = \"friosp Marido de Joice Hasselmann se posiciona sobre rumores de agress\u00e3o\" class=\"lazyload media\"><span class=\"category hide-l\">Cidades<\/span><span class=\"title\">Casal que fazia sexo em praia \u00e9 expulso a chineladas por homem furioso<\/span><\/a><\/div>\n<div class=\"col-s-12 col-l-3\"><a href=\"https:\/\/vejasp.abril.com.br\/cidades\/policia-prende-suspeito-de-incendiar-borba-gato\/\" class=\"card\"><span class=\"category hide-s\">Cidades<\/span><img title = \"[Tags]\"data-src=\"https:\/\/vejasp.abril.com.br\/wp-content\/uploads\/2016\/11\/11674_borba-gato.jpeg?quality=70&amp;strip=info&amp;crop=0px%2C98px%2C667px%2C454px&amp;resize=680%2C453\"alt = \"friosp Marido de Joice Hasselmann se posiciona sobre rumores de agress\u00e3o\" class=\"lazyload media\"><span class=\"category hide-l\">Cidades<\/span><span class=\"title\">Pol\u00edcia prende suspeito de incendiar Borba Gato<\/span><\/a><\/div>\n<div class=\"col-s-12 col-l-3\"><a href=\"https:\/\/vejasp.abril.com.br\/cidades\/vale-do-anhangabau-e-reaberto-ao-publico-veja-como-ficou-o-espaco\/\" class=\"card\"><span class=\"category hide-s\">Cidades<\/span><img title = \"[Tags]\"data-src=\"https:\/\/vejasp.abril.com.br\/wp-content\/uploads\/2021\/07\/223560184_518106929492632_9075123184906318733_n.jpg?quality=70&amp;strip=info&amp;crop=0px%2C345px%2C1080px%2C735px&amp;resize=680%2C453\"alt = \"friosp Marido de Joice Hasselmann se posiciona sobre rumores de agress\u00e3o\" class=\"lazyload media\"><span class=\"category hide-l\">Cidades<\/span><span class=\"title\">Vale do Anhangaba\u00fa \u00e9 reaberto ao p\u00fablico; veja como ficou o espa\u00e7o<\/span><\/a><\/div>\n<\/div>\n<\/div>\n<\/div>\n<p><br \/>\n<br \/><a href=\"https:\/\/vejasp.abril.com.br\/cidades\/marido-de-joice-hasselman-se-posiciona-sobre-rumores-de-agressao\/\">Fonte do Artigo <\/a><br \/>\nTags:<br \/>\n#loterias #loteriascaixa #megasena #resultadoapostas#noticias #noticiario  #noticia #brasil #noticiascolombia #mundo #esporte #colombia #noticiadeld #ltimasnoticias  #noticiario #noticiasregionales #noticiasdepartamentales #noticiashoy #esportes #noticiaahora #elinformantenoticias #noticiasdeboyac  #esporteinterativo #esportivo #diariodosesportes  #noticiero  #jogodefutebol #jogos #loto #apostas<\/p>\n","protected":false},"excerpt":{"rendered":"<p>O m\u00e9dico Daniel Fran\u00e7a, marido da deputada federal Joice Hasselmann (PSL-SP), falou sobre a agress\u00e3o sofrida pela esposa, denunciada na \u00faltima quinta-feira (22). Durante coletiva de imprensa neste domingo (25), ele disse que est\u00e1 colaborando com as investiga\u00e7\u00f5es e que nunca violentaria a mulher. &#8220;Eu nunca agredi ningu\u00e9m, nunca dei um tapa em ningu\u00e9m, nem [&hellip;]<\/p>\n","protected":false},"author":1,"featured_media":69520,"comment_status":"open","ping_status":"open","sticky":false,"template":"","format":"standard","meta":{"footnotes":""},"categories":[1],"tags":[],"class_list":["post-69519","post","type-post","status-publish","format-standard","has-post-thumbnail","hentry","category-curso-de-copy"],"_links":{"self":[{"href":"https:\/\/wiy.com.br\/noticias\/wp-json\/wp\/v2\/posts\/69519","targetHints":{"allow":["GET"]}}],"collection":[{"href":"https:\/\/wiy.com.br\/noticias\/wp-json\/wp\/v2\/posts"}],"about":[{"href":"https:\/\/wiy.com.br\/noticias\/wp-json\/wp\/v2\/types\/post"}],"author":[{"embeddable":true,"href":"https:\/\/wiy.com.br\/noticias\/wp-json\/wp\/v2\/users\/1"}],"replies":[{"embeddable":true,"href":"https:\/\/wiy.com.br\/noticias\/wp-json\/wp\/v2\/comments?post=69519"}],"version-history":[{"count":0,"href":"https:\/\/wiy.com.br\/noticias\/wp-json\/wp\/v2\/posts\/69519\/revisions"}],"wp:featuredmedia":[{"embeddable":true,"href":"https:\/\/wiy.com.br\/noticias\/wp-json\/wp\/v2\/media\/69520"}],"wp:attachment":[{"href":"https:\/\/wiy.com.br\/noticias\/wp-json\/wp\/v2\/media?parent=69519"}],"wp:term":[{"taxonomy":"category","embeddable":true,"href":"https:\/\/wiy.com.br\/noticias\/wp-json\/wp\/v2\/categories?post=69519"},{"taxonomy":"post_tag","embeddable":true,"href":"https:\/\/wiy.com.br\/noticias\/wp-json\/wp\/v2\/tags?post=69519"}],"curies":[{"name":"wp","href":"https:\/\/api.w.org\/{rel}","templated":true}]}}