{"id":69500,"date":"2023-02-26T15:26:55","date_gmt":"2023-02-26T18:26:55","guid":{"rendered":"https:\/\/wiy.com.br\/noticias\/uma-familia-inteira-e-presa-acusada-de-envenenar-e-matar-idosa\/"},"modified":"2021-07-24T13:05:08","modified_gmt":"2021-07-24T16:05:08","slug":"uma-familia-inteira-e-presa-acusada-de-envenenar-e-matar-idosa","status":"publish","type":"post","link":"https:\/\/wiy.com.br\/noticias\/uma-familia-inteira-e-presa-acusada-de-envenenar-e-matar-idosa\/","title":{"rendered":"Uma fam\u00edlia inteira \u00e9 presa acusada de envenenar e matar idosa"},"content":{"rendered":"<p> <br \/>\n<\/p>\n<div class=\"mc-column content-text active-extra-styles \" data-block-type=\"unstyled\" data-block-weight=\"23\" data-block-id=\"2\">\n<p data-track-category=\"Link no Texto\" data-track-links=\"\">Uma<strong> fam\u00edlia<\/strong> foi presa acusada de matar uma idosa de 66 anos em<strong> Taipas<\/strong>, na<strong> Zona Norte<\/strong> de S\u00e3o Paulo. Maria teve a casa desapropriada para a constru\u00e7\u00e3o de um trecho do Rodoanel e recebeu R$ 700 000. Ela foi morar em um terreno que j\u00e1 possu\u00eda no mesmo bairro. Em abril desde ano, a idosa foi encontrada morta no local. As informa\u00e7\u00f5es s\u00e3o do SP2, da Rede Globo.<\/p>\n<p data-track-category=\"Link no Texto\" data-track-links=\"\">De acordo com investiga\u00e7\u00e3o da pol\u00edcia, ela foi morta ap\u00f3s descobrir que estava sendo roubada e enganada por vizinhos. Conhecidos alegam que a idosa estava se sentindo indisposta e s\u00f3 sa\u00eda de casa para sacar dinheiro no banco.<\/p>\n<\/div>\n<div class=\"wall protected-content\">\n<div class=\"mc-column content-text active-extra-styles \" data-block-type=\"unstyled\" data-block-weight=\"48\" data-block-id=\"4\">\n<p data-track-category=\"Link no Texto\" data-track-links=\"\">\u201cLogo no in\u00edcio das investiga\u00e7\u00f5es a gente descobriu que tinha um ve\u00edculo em nome da v\u00edtima, o que nos causou estranheza diante do padr\u00e3o da resid\u00eancia que ela vivia, enfim, e tamb\u00e9m os vizinhos e demais conhecidos da v\u00edtima afirmavam que ela n\u00e3o tinha esse ve\u00edculo. Ent\u00e3o n\u00f3s conseguimos descobrir que esse ve\u00edculo foi retirado no nome dela e sem a anu\u00eancia dela, e essa foi a motiva\u00e7\u00e3o principal do homic\u00eddio\u201d, diz Sandro Vergal, delegado da Divis\u00e3o de Homic\u00eddios e Prote\u00e7\u00e3o \u00e0 Pessoa (DHPP), ao jornal.<\/p>\n<p data-track-category=\"Link no Texto\" data-track-links=\"\">A investiga\u00e7\u00e3o descobriu que o carro estava com Fab\u00edola Vieira. A m\u00e3e dela frequentava a casa da v\u00edtima como uma esp\u00e9cie de cuidadora, levando comia e rem\u00e9dios. \u201cEnt\u00e3o a gente conseguiu identificar elementos, ter elementos suficientes que indicou a participa\u00e7\u00e3o n\u00e3o s\u00f3 dessa investigada que estava com o carro, como da m\u00e3e, do irm\u00e3o e do marido dela tamb\u00e9m. E encontram-se todos presos em pris\u00e3o tempor\u00e1ria\u201d, afirmou Vergal.<\/p>\n<p data-track-category=\"Link no Texto\" data-track-links=\"\">O IML constatou que havia duas subst\u00e2ncias t\u00f3xicas no corpo da idosa. Para o delegado, houve premedita\u00e7\u00e3o do crime. <span>\u00a0\u201cE essas duas subst\u00e2ncias s\u00e3o fruto da metaboliza\u00e7\u00e3o da coca\u00edna no organismo humano. Ent\u00e3o o que nos indica que antes dela levar a pancada que causou a morte, acabou ingerindo algum alimento contendo coca\u00edna ou outra subst\u00e2ncia an\u00e1loga\u201d. <\/span>A defesa da fam\u00edlia n\u00e3o se manifestou.<\/p>\n<div id=\"relacionadas\" class=\"block related-posts three_columns\">\n<ul class=\"block-menu\">\n<li data-tab=\"tab-1\" class=\"active\">Relacionadas<\/li>\n<\/ul>\n<div id=\"tab-1\" class=\"block-content active\">\n<div class=\"row\">\n<li class=\"widget-news-item without-thumb with-border\">\n<div class=\"widget-news-info\"><a href=\"http:\/\/vejasp.abril.com.br\/cidades\">Cidades<\/a><span class=\"widget-news-item-title\"><a href=\"https:\/\/vejasp.abril.com.br\/cidades\/retomada-eventos-e-aulas-sp\/\">De balada a F\u00f3rmula 1, S\u00e3o Paulo prepara retomada gradual<\/a><\/span><span class=\"widget-news-item-date\">23 jul 2021 &#8211; 06h07<\/span><\/div>\n<\/li>\n<li class=\"widget-news-item without-thumb with-border\">\n<div class=\"widget-news-info\"><a href=\"http:\/\/vejasp.abril.com.br\/cidades\">Cidades<\/a><span class=\"widget-news-item-title\"><a href=\"https:\/\/vejasp.abril.com.br\/cidades\/policia-suspeita-mulher-morreu-pitbull-pizza\/\">Pol\u00edcia suspeita que pitbulls podem ter atacado mulher por cheiro de pizza<\/a><\/span><span class=\"widget-news-item-date\">23 jul 2021 &#8211; 20h07<\/span><\/div>\n<\/li>\n<li class=\"widget-news-item without-thumb with-border\">\n<div class=\"widget-news-info\"><a href=\"http:\/\/vejasp.abril.com.br\/cidades\">Cidades<\/a><span class=\"widget-news-item-title\"><a href=\"https:\/\/vejasp.abril.com.br\/cidades\/usp-fraude-cotas-raciais\/\">USP invalida matr\u00edcula de seis estudantes por fraude em cotas raciais<\/a><\/span><span class=\"widget-news-item-date\">23 jul 2021 &#8211; 19h07<\/span><\/div>\n<\/li>\n<\/div>\n<\/div>\n<\/div>\n<\/div>\n<\/div>\n<div class=\"mc-column content-text active-extra-styles \" data-block-type=\"unstyled\" data-block-weight=\"40\" data-block-id=\"10\"><\/div>\n<div class=\"wall protected-content\">\n<div class=\"mc-column content-text active-extra-styles \" data-block-type=\"unstyled\" data-block-weight=\"48\" data-block-id=\"4\">\n<div class=\"mc-column content-text active-extra-styles \" data-block-type=\"unstyled\" data-block-weight=\"27\" data-block-id=\"7\">\n<div class=\"mc-column content-text active-extra-styles \" data-block-type=\"unstyled\" data-block-weight=\"61\" data-block-id=\"9\"><\/div>\n<\/div>\n<div class=\"mc-column content-text active-extra-styles \" data-block-type=\"unstyled\" data-block-weight=\"41\" data-block-id=\"8\"><\/div>\n<p data-track-category=\"Link no Texto\" data-track-links=\"\">\n<\/div>\n<\/div>\n<div id=\"mais_lidas\" class=\"block related-posts mais-lidas\">\n<ul class=\"block-menu\">\n<li data-tab=\"tab-1\" class=\"active\">Mais lidas<\/li>\n<\/ul>\n<div id=\"tab-1\" class=\"block-content active\">\n<div class=\"row\">\n<div class=\"col-s-12 col-l-3\"><a href=\"https:\/\/vejasp.abril.com.br\/cultura-lazer\/harry-potter-restaurante-moema-sao-paulo-beco-hexagonal\/\" class=\"card\"><span class=\"category hide-s\">Cultura &amp; Lazer<\/span><img title = \"[Tags]\"data-src=\"https:\/\/vejasp.abril.com.br\/wp-content\/uploads\/2021\/07\/hp3.jpg?quality=70&amp;strip=info&amp;w=680&amp;h=453&amp;crop=1\"alt = \"hp3 Uma fam\u00edlia inteira \u00e9 presa acusada de envenenar e matar idosa\" class=\"lazyload media\"><span class=\"category hide-l\">Cultura &amp; Lazer<\/span><span class=\"title\">Inspirado em Harry Potter, novo restaurante em Moema encanta f\u00e3s da saga<\/span><\/a><\/div>\n<div class=\"col-s-12 col-l-3\"><a href=\"https:\/\/vejasp.abril.com.br\/saude\/pode-beber-depois-de-tomar-vacina\/\" class=\"card\"><span class=\"category hide-s\">Sa\u00fade<\/span><img title = \"[Tags]\"data-src=\"https:\/\/vejasp.abril.com.br\/wp-content\/uploads\/2021\/07\/Design-sem-nome-1.jpg?quality=70&amp;strip=info&amp;w=680&amp;h=453&amp;crop=1\"alt = \"hp3 Uma fam\u00edlia inteira \u00e9 presa acusada de envenenar e matar idosa\" class=\"lazyload media\"><span class=\"category hide-l\">Sa\u00fade<\/span><span class=\"title\">Pode beber depois de tomar vacina? Especialistas respondem a d\u00favidas frequentes<\/span><\/a><\/div>\n<div class=\"col-s-12 col-l-3\"><a href=\"https:\/\/vejasp.abril.com.br\/blog\/pop\/luisa-mell-diz-que-sofreu-violencia-medica-e-anuncia-separacao-do-marido\/\" class=\"card\"><span class=\"category hide-s\">Cultura &amp; Lazer<\/span><img title = \"[Tags]\"data-src=\"https:\/\/vejasp.abril.com.br\/wp-content\/uploads\/2021\/04\/luisa-mel-115_credito-LOURIVAL-RIBEIRO.jpg.jpg?quality=70&amp;strip=info&amp;crop=0px%2C185px%2C667px%2C454px&amp;resize=680%2C453\"alt = \"hp3 Uma fam\u00edlia inteira \u00e9 presa acusada de envenenar e matar idosa\" class=\"lazyload media\"><span class=\"category hide-l\">Cultura &amp; Lazer<\/span><span class=\"title\">Luisa Mell diz que sofreu viol\u00eancia m\u00e9dica e anuncia separa\u00e7\u00e3o do marido<\/span><\/a><\/div>\n<div class=\"col-s-12 col-l-3\"><a href=\"https:\/\/vejasp.abril.com.br\/cidades\/joice-hasselmann-fratura-ferimentos-atentado-brasilia\/\" class=\"card\"><span class=\"category hide-s\">Cidades<\/span><img title = \"[Tags]\"data-src=\"https:\/\/vejasp.abril.com.br\/wp-content\/uploads\/2021\/07\/joice.jpg?quality=70&amp;strip=info&amp;w=600&amp;h=400&amp;crop=1\"alt = \"hp3 Uma fam\u00edlia inteira \u00e9 presa acusada de envenenar e matar idosa\" class=\"lazyload media\"><span class=\"category hide-l\">Cidades<\/span><span class=\"title\">Joice Hasselmann sofre fraturas no rosto, coluna e quebra dentes<\/span><\/a><\/div>\n<\/div>\n<\/div>\n<\/div>\n<div id=\"leia_mais\" class=\"block related-posts leia-mais\">\n<ul class=\"block-menu\">\n<li data-tab=\"tab-1\" class=\"active\">Leia mais<\/li>\n<\/ul>\n<div id=\"tab-1\" class=\"block-content active\">\n<div class=\"row\">\n<div class=\"col-s-12 col-l-3\"><a href=\"https:\/\/vejasp.abril.com.br\/cidades\/policia-suspeita-mulher-morreu-pitbull-pizza\/\" class=\"card\"><span class=\"category hide-s\">Cidades<\/span><img title = \"[Tags]\"data-src=\"https:\/\/vejasp.abril.com.br\/wp-content\/uploads\/2021\/07\/206182084-4061012060653315-2067875152596655281-n.jpg?quality=70&amp;strip=info&amp;crop=0px%2C5px%2C984px%2C669px&amp;resize=680%2C453\"alt = \"hp3 Uma fam\u00edlia inteira \u00e9 presa acusada de envenenar e matar idosa\" class=\"lazyload media\"><span class=\"category hide-l\">Cidades<\/span><span class=\"title\">Pol\u00edcia suspeita que pitbulls podem ter atacado mulher por cheiro de pizza<\/span><\/a><\/div>\n<div class=\"col-s-12 col-l-3\"><a href=\"https:\/\/vejasp.abril.com.br\/cidades\/usp-fraude-cotas-raciais\/\" class=\"card\"><span class=\"category hide-s\">Cidades<\/span><img title = \"[Tags]\"data-src=\"https:\/\/vejasp.abril.com.br\/wp-content\/uploads\/2021\/07\/USP-vista-por-drone.jpg?quality=70&amp;strip=info&amp;w=680&amp;h=453&amp;crop=1\"alt = \"hp3 Uma fam\u00edlia inteira \u00e9 presa acusada de envenenar e matar idosa\" class=\"lazyload media\"><span class=\"category hide-l\">Cidades<\/span><span class=\"title\">USP invalida matr\u00edcula de seis estudantes por fraude em cotas raciais<\/span><\/a><\/div>\n<div class=\"col-s-12 col-l-3\"><a href=\"https:\/\/vejasp.abril.com.br\/cidades\/joice-hasselmann-passa-mal-prestar-depoimento-agressoes-brasilia\/\" class=\"card\"><span class=\"category hide-s\">Cidades<\/span><img title = \"[Tags]\"data-src=\"https:\/\/vejasp.abril.com.br\/wp-content\/uploads\/2021\/07\/joice.jpg?quality=70&amp;strip=info&amp;w=600&amp;h=400&amp;crop=1\"alt = \"hp3 Uma fam\u00edlia inteira \u00e9 presa acusada de envenenar e matar idosa\" class=\"lazyload media\"><span class=\"category hide-l\">Cidades<\/span><span class=\"title\">Joice Hasselmann passa mal ap\u00f3s prestar depoimento sobre fraturas no corpo<\/span><\/a><\/div>\n<div class=\"col-s-12 col-l-3\"><a href=\"https:\/\/vejasp.abril.com.br\/cidades\/sergio-mamberti-internado-pneumonia\/\" class=\"card\"><span class=\"category hide-s\">Cidades<\/span><img title = \"[Tags]\"data-src=\"https:\/\/vejasp.abril.com.br\/wp-content\/uploads\/2020\/12\/SERGIOMANBERTI_1.JPG-1.jpg?quality=70&amp;strip=info&amp;w=680&amp;h=453&amp;crop=1\"alt = \"hp3 Uma fam\u00edlia inteira \u00e9 presa acusada de envenenar e matar idosa\" class=\"lazyload media\"><span class=\"category hide-l\">Cidades<\/span><span class=\"title\">Sergio Mamberti est\u00e1 hospitalizado tratando pneumonia<\/span><\/a><\/div>\n<\/div>\n<\/div>\n<\/div>\n<p><br \/>\n<br \/><a href=\"https:\/\/vejasp.abril.com.br\/cidades\/uma-familia-inteira-e-presa-acusada-de-envenenar-e-matar-idosa\/\">Fonte do Artigo <\/a><br \/>\nTags:<br \/>\n#loterias #loteriascaixa #megasena #resultadoapostas#noticias #noticiario  #noticia #brasil #noticiascolombia #mundo #esporte #colombia #noticiadeld #ltimasnoticias  #noticiario #noticiasregionales #noticiasdepartamentales #noticiashoy #esportes #noticiaahora #elinformantenoticias #noticiasdeboyac  #esporteinterativo #esportivo #diariodosesportes  #noticiero  #jogodefutebol #jogos #loto #apostas<\/p>\n","protected":false},"excerpt":{"rendered":"<p>Uma fam\u00edlia foi presa acusada de matar uma idosa de 66 anos em Taipas, na Zona Norte de S\u00e3o Paulo. Maria teve a casa desapropriada para a constru\u00e7\u00e3o de um trecho do Rodoanel e recebeu R$ 700 000. Ela foi morar em um terreno que j\u00e1 possu\u00eda no mesmo bairro. Em abril desde ano, a [&hellip;]<\/p>\n","protected":false},"author":1,"featured_media":69501,"comment_status":"open","ping_status":"open","sticky":false,"template":"","format":"standard","meta":{"footnotes":""},"categories":[1],"tags":[],"class_list":["post-69500","post","type-post","status-publish","format-standard","has-post-thumbnail","hentry","category-curso-de-copy"],"_links":{"self":[{"href":"https:\/\/wiy.com.br\/noticias\/wp-json\/wp\/v2\/posts\/69500","targetHints":{"allow":["GET"]}}],"collection":[{"href":"https:\/\/wiy.com.br\/noticias\/wp-json\/wp\/v2\/posts"}],"about":[{"href":"https:\/\/wiy.com.br\/noticias\/wp-json\/wp\/v2\/types\/post"}],"author":[{"embeddable":true,"href":"https:\/\/wiy.com.br\/noticias\/wp-json\/wp\/v2\/users\/1"}],"replies":[{"embeddable":true,"href":"https:\/\/wiy.com.br\/noticias\/wp-json\/wp\/v2\/comments?post=69500"}],"version-history":[{"count":0,"href":"https:\/\/wiy.com.br\/noticias\/wp-json\/wp\/v2\/posts\/69500\/revisions"}],"wp:featuredmedia":[{"embeddable":true,"href":"https:\/\/wiy.com.br\/noticias\/wp-json\/wp\/v2\/media\/69501"}],"wp:attachment":[{"href":"https:\/\/wiy.com.br\/noticias\/wp-json\/wp\/v2\/media?parent=69500"}],"wp:term":[{"taxonomy":"category","embeddable":true,"href":"https:\/\/wiy.com.br\/noticias\/wp-json\/wp\/v2\/categories?post=69500"},{"taxonomy":"post_tag","embeddable":true,"href":"https:\/\/wiy.com.br\/noticias\/wp-json\/wp\/v2\/tags?post=69500"}],"curies":[{"name":"wp","href":"https:\/\/api.w.org\/{rel}","templated":true}]}}