{"id":69459,"date":"2023-02-26T15:52:32","date_gmt":"2023-02-26T18:52:32","guid":{"rendered":"https:\/\/wiy.com.br\/noticias\/filhos-pedem-interdicao-de-cid-moreira-e-acusam-madrasta-de-maltrata-lo\/"},"modified":"2021-07-21T15:05:09","modified_gmt":"2021-07-21T18:05:09","slug":"filhos-pedem-interdicao-de-cid-moreira-e-acusam-madrasta-de-maltrata-lo","status":"publish","type":"post","link":"https:\/\/wiy.com.br\/noticias\/filhos-pedem-interdicao-de-cid-moreira-e-acusam-madrasta-de-maltrata-lo\/","title":{"rendered":"Filhos pedem interdi\u00e7\u00e3o de Cid Moreira e acusam madrasta de maltrat\u00e1-lo"},"content":{"rendered":"<p> <br \/>\n<\/p>\n<p><span>Os dois filhos de <strong>Cid Moreira<\/strong>, <strong>Rodrigo<\/strong> e <strong>Roger Moreira,<\/strong> entraram na Justi\u00e7a para solicitar a interdi\u00e7\u00e3o do pai, alegando que ele est\u00e1 enfrentando sintomas de dem\u00eancia. Al\u00e9m disso, ambos pediram a pris\u00e3o da atual mulher do apresentador de 93 anos, <strong>F\u00e1tima Sampaio Moreira,<\/strong> por, segundo eles, limitar a liberdade do pai. As informa\u00e7\u00f5es s\u00e3o do UOL.<\/span><\/p>\n<p><span>Segundo o portal, o processo tamb\u00e9m pede pela tutela de <strong>Cid,<\/strong> de forma urgente. A argumenta\u00e7\u00e3o \u00e9 de que o idoso n\u00e3o tem \u201cm\u00ednimas condi\u00e7\u00f5es\u201d de administrar seus pr\u00f3prios bens, os quais foram solicitados bloqueio imediato durante as investiga\u00e7\u00f5es.\u00a0\u00a0<\/span><\/p>\n<p><span>J\u00e1 em rela\u00e7\u00e3o \u00e0 acusa\u00e7\u00e3o da madrasta, o documento aponta que <strong>F\u00e1tima<\/strong> se uniu com seu marido por \u201cinteresses econ\u00f4micos\u201d e que est\u00e1 o maltratando, mantendo-o em c\u00e1rcere privado. Junto a isso, foram somadas outras acusa\u00e7\u00f5es, como apropria\u00e7\u00e3o ind\u00e9bita e forma\u00e7\u00e3o de quadrilha. <\/span>Um trecho do documento do processo aponta que ela agride o jornalista, deixa-o sem medica\u00e7\u00e3o e o alimenta com comida estragada.<\/p>\n<p><span>A assessoria de <strong>Cid Moreira<\/strong> n\u00e3o se posicionou at\u00e9 o momento sobre o caso, apenas disse que n\u00e3o houve nenhum comunicado da Justi\u00e7a.\u00a0<\/span><\/p>\n<h3>Filho deserdado<\/h3>\n<p><span>Durante o programa <em>Balan\u00e7o Geral<\/em> do dia 13 de julho, <a href=\"https:\/\/vejasp.abril.com.br\/blog\/pop\/filho-de-cid-moreira-diz-ter-sido-deserdado-e-esposa-do-jornalista-rebate\/\"><strong>Roger Moreira<\/strong> afirmou ter sido deserdado pelo pai<\/a> e, assim, perdido direito \u00e0 heran\u00e7a. Na atra\u00e7\u00e3o da Record, ele revelou um e-mail atribu\u00eddo ao ex-apresentador do Jornal Nacional em que teria dito que \u201cfoi um engano\u201d adot\u00e1-lo.\u00a0<\/span><\/p>\n<p><span>\u201cPra mim foi um grande trauma, na realidade. Al\u00e9m disso, ele escreveu tamb\u00e9m \u2018n\u00e3o querem que pense que tenho proximidade ou intimidade com voc\u00ea\u2019. Eu com certeza passei por um per\u00edodo da minha vida de dor, de sentimento mesmo, de medo. Esse abandono causa sequelas. Precisei de acompanhamento durante um tempo da minha\u201d, diz Roger.<\/span><\/p>\n<p><span>No e-mail, <strong>Cid<\/strong> teria afirmado que fez \u201cum documento e deserdou\u201d o filho. \u201cEscrevi de pr\u00f3prio punho e assinei. Juntei pareceres profissionais de sa\u00fade para provar que n\u00e3o estou senil\u201d. Em outro trecho da carta, o ex-\u00e2ncora alega que o filho j\u00e1 chegou a amea\u00e7\u00e1-lo com processo na Justi\u00e7a do Trabalho.\u00a0<\/span><\/p>\n<p><span>Segundo <strong>F\u00e1tima Moreira,<\/strong> atual esposa do jornalista, a ado\u00e7\u00e3o aconteceu ap\u00f3s a tia de <strong>Roger<\/strong> se casar com <strong>Cid<\/strong> e o jovem decidir deixar sua m\u00e3e e seu pai aos 20 anos. Ela explica que o afastamento se deu por conta dos custos de manter um est\u00fadio que Roger usava para trabalhar.\u00a0<\/span><\/p>\n<p><span>\u201cN\u00e3o tinha mais sociedade com a ex-mulher, nenhuma rela\u00e7\u00e3o profissional com ele. Est\u00e1vamos fora do pa\u00eds quando saiu a not\u00edcia, foi constrangedor. Eles pararam de relacionar\u201d, fala <strong>F\u00e1tima<\/strong> em um v\u00eddeo de seu Instagram.\u00a0<\/span><\/p>\n<p><b>+<\/b><a href=\"https:\/\/abr.ai\/assine-vejasp\"><b>Assine a Vejinha a partir de 8,90<\/b><\/a><b>.<\/b><\/p>\n<div id=\"relacionadas\" class=\"block related-posts three_columns\">\n<ul class=\"block-menu\">\n<li data-tab=\"tab-1\" class=\"active\">Relacionadas<\/li>\n<\/ul>\n<div id=\"tab-1\" class=\"block-content active\">\n<div class=\"row\">\n<li class=\"widget-news-item without-thumb with-border\">\n<div class=\"widget-news-info\"><a href=\"http:\/\/vejasp.abril.com.br\/cultura-lazer\">Cultura &amp; Lazer<\/a><span class=\"widget-news-item-title\"><a href=\"https:\/\/vejasp.abril.com.br\/cultura-lazer\/capa-video-game-e-sports-nobru\/\">E-sports: milh\u00f5es de f\u00e3s, esperan\u00e7a na periferia e arena de 95 milh\u00f5es<\/a><\/span><span class=\"widget-news-item-date\">16 jul 2021 &#8211; 06h07<\/span><\/div>\n<\/li>\n<li class=\"widget-news-item without-thumb with-border\">\n<div class=\"widget-news-info\"><a href=\"http:\/\/vejasp.abril.com.br\/saude\">Sa\u00fade<\/a><span class=\"widget-news-item-title\"><a href=\"https:\/\/vejasp.abril.com.br\/saude\/mae-luciano-szafir-saiu-uti-mais-tranquila\/\">M\u00e3e de Luciano Szafir diz que filho saiu da UTI e agradece apoio<\/a><\/span><span class=\"widget-news-item-date\">20 jul 2021 &#8211; 17h07<\/span><\/div>\n<\/li>\n<li class=\"widget-news-item without-thumb with-border\">\n<div class=\"widget-news-info\"><a href=\"http:\/\/vejasp.abril.com.br\/olimpiadas\">Olimp\u00edadas<\/a><span class=\"widget-news-item-title\"><a href=\"https:\/\/vejasp.abril.com.br\/olimpiadas\/douglas-souza-olimpiada-volei\/\">Conhe\u00e7a Douglas Souza: atleta j\u00e1 \u00e9 a sensa\u00e7\u00e3o da internet nesta Olimp\u00edada<\/a><\/span><span class=\"widget-news-item-date\">20 jul 2021 &#8211; 16h07<\/span><\/div>\n<\/li>\n<li class=\"widget-news-item without-thumb with-border\">\n<div class=\"widget-news-info\"><a href=\"http:\/\/vejasp.abril.com.br\/cidades\">Cidades<\/a><span class=\"widget-news-item-title\"><a href=\"https:\/\/vejasp.abril.com.br\/cidades\/conta-de-luz-quanto-gasta-banho-10-minutos\/\">Voc\u00ea sabe quanto gasta em um banho de 10 minutos?<\/a><\/span><span class=\"widget-news-item-date\">20 jul 2021 &#8211; 15h07<\/span><\/div>\n<\/li>\n<\/div>\n<\/div>\n<\/div>\n<div id=\"mais_lidas\" class=\"block related-posts mais-lidas\">\n<ul class=\"block-menu\">\n<li data-tab=\"tab-1\" class=\"active\">Mais lidas<\/li>\n<\/ul>\n<div id=\"tab-1\" class=\"block-content active\">\n<div class=\"row\">\n<div class=\"col-s-12 col-l-3\"><a href=\"https:\/\/vejasp.abril.com.br\/cidades\/frente-fria-polar-chega-a-capital-com-recorde-de-frio-nesta-terca-20\/\" class=\"card\"><span class=\"category hide-s\">Cidades<\/span><img title = \"[Tags]\"data-src=\"https:\/\/vejasp.abril.com.br\/wp-content\/uploads\/2016\/11\/7568_frio.jpeg?quality=70&amp;strip=info&amp;w=680&amp;h=453&amp;crop=1\"alt = \"7568_frio Filhos pedem interdi\u00e7\u00e3o de Cid Moreira e acusam madrasta de maltrat\u00e1-lo\" class=\"lazyload media\"><span class=\"category hide-l\">Cidades<\/span><span class=\"title\">Frente fria polar que chega \u00e0 capital deve provocar recorde de frio<\/span><\/a><\/div>\n<div class=\"col-s-12 col-l-3\"><a href=\"https:\/\/vejasp.abril.com.br\/saude\/pode-beber-depois-de-tomar-vacina\/\" class=\"card\"><span class=\"category hide-s\">Sa\u00fade<\/span><img title = \"[Tags]\"data-src=\"https:\/\/vejasp.abril.com.br\/wp-content\/uploads\/2021\/07\/Design-sem-nome-1.jpg?quality=70&amp;strip=info&amp;w=680&amp;h=453&amp;crop=1\"alt = \"7568_frio Filhos pedem interdi\u00e7\u00e3o de Cid Moreira e acusam madrasta de maltrat\u00e1-lo\" class=\"lazyload media\"><span class=\"category hide-l\">Sa\u00fade<\/span><span class=\"title\">Pode beber depois de tomar vacina? Especialistas respondem a d\u00favidas frequentes<\/span><\/a><\/div>\n<div class=\"col-s-12 col-l-3\"><a href=\"https:\/\/vejasp.abril.com.br\/blog\/notas-etilicas\/peixaria-mitsugi-liberdade-fechou\/\" class=\"card\"><span class=\"category hide-s\">Comida &amp; Bebida<\/span><img title = \"[Tags]\"data-src=\"https:\/\/vejasp.abril.com.br\/wp-content\/uploads\/2021\/07\/74611140_489350401672273_6774516717020884972_n.jpg?quality=70&amp;strip=info&amp;w=680&amp;h=453&amp;crop=1\"alt = \"7568_frio Filhos pedem interdi\u00e7\u00e3o de Cid Moreira e acusam madrasta de maltrat\u00e1-lo\" class=\"lazyload media\"><span class=\"category hide-l\">Comida &amp; Bebida<\/span><span class=\"title\">O final da cinquentona Peixaria Mitsugi, um lugar descolado na Liberdade<\/span><\/a><\/div>\n<div class=\"col-s-12 col-l-3\"><a href=\"https:\/\/vejasp.abril.com.br\/cidades\/homem-mata-a-mulher-e-depois-atira-contra-policias-na-granja-viana\/\" class=\"card\"><span class=\"category hide-s\">Cidades<\/span><img title = \"[Tags]\"data-src=\"https:\/\/vejasp.abril.com.br\/wp-content\/uploads\/2021\/07\/Design-sem-nome-2021-07-19T185358.465.png?w=680&amp;h=453&amp;crop=1\"alt = \"7568_frio Filhos pedem interdi\u00e7\u00e3o de Cid Moreira e acusam madrasta de maltrat\u00e1-lo\" class=\"lazyload media\"><span class=\"category hide-l\">Cidades<\/span><span class=\"title\">Trag\u00e9dia na Granja Viana: homem mata a mulher, policial e morre<\/span><\/a><\/div>\n<\/div>\n<\/div>\n<\/div>\n<div id=\"leia_mais\" class=\"block related-posts leia-mais\">\n<ul class=\"block-menu\">\n<li data-tab=\"tab-1\" class=\"active\">Leia mais<\/li>\n<\/ul>\n<div id=\"tab-1\" class=\"block-content active\">\n<div class=\"row\">\n<div class=\"col-s-12 col-l-3\"><a href=\"https:\/\/vejasp.abril.com.br\/cidades\/comeca-1o-evento-teste-que-servira-de-modelo-para-retomada-de-setores\/\" class=\"card\"><span class=\"category hide-s\">Cidades<\/span><img title = \"[Tags]\"data-src=\"https:\/\/vejasp.abril.com.br\/wp-content\/uploads\/2021\/02\/coronavirus-5739918_1920.jpg?quality=70&amp;strip=info&amp;w=680&amp;h=453&amp;crop=1\"alt = \"7568_frio Filhos pedem interdi\u00e7\u00e3o de Cid Moreira e acusam madrasta de maltrat\u00e1-lo\" class=\"lazyload media\"><span class=\"category hide-l\">Cidades<\/span><span class=\"title\">Come\u00e7a 1\u00ba evento-teste que servir\u00e1 de modelo para retomada de setores<\/span><\/a><\/div>\n<div class=\"col-s-12 col-l-3\"><a href=\"https:\/\/vejasp.abril.com.br\/cidades\/alunos-ensino-medio-sp-uma-aula-a-mais-2022\/\" class=\"card\"><span class=\"category hide-s\">Cidades<\/span><img title = \"[Tags]\"data-src=\"https:\/\/vejasp.abril.com.br\/wp-content\/uploads\/2021\/02\/ruben-rodriguez-IXTvnOOSTyU-unsplash.jpg?quality=70&amp;strip=info&amp;w=680&amp;h=453&amp;crop=1\"alt = \"7568_frio Filhos pedem interdi\u00e7\u00e3o de Cid Moreira e acusam madrasta de maltrat\u00e1-lo\" class=\"lazyload media\"><span class=\"category hide-l\">Cidades<\/span><span class=\"title\">Em SP, alunos do Ensino M\u00e9dio ter\u00e3o uma aula a mais por dia em 2022<\/span><\/a><\/div>\n<div class=\"col-s-12 col-l-3\"><a href=\"https:\/\/vejasp.abril.com.br\/cidades\/conta-de-luz-quanto-gasta-banho-10-minutos\/\" class=\"card\"><span class=\"category hide-s\">Cidades<\/span><img title = \"[Tags]\"data-src=\"https:\/\/vejasp.abril.com.br\/wp-content\/uploads\/2021\/07\/jakayla-toney-dmgjBv3w8s-unsplash.jpg?quality=70&amp;strip=info&amp;crop=0px%2C0px%2C3024px%2C2055px&amp;resize=680%2C453\"alt = \"7568_frio Filhos pedem interdi\u00e7\u00e3o de Cid Moreira e acusam madrasta de maltrat\u00e1-lo\" class=\"lazyload media\"><span class=\"category hide-l\">Cidades<\/span><span class=\"title\">Voc\u00ea sabe quanto gasta em um banho de 10 minutos?<\/span><\/a><\/div>\n<div class=\"col-s-12 col-l-3\"><a href=\"https:\/\/vejasp.abril.com.br\/cidades\/volta-as-aulas-na-capital-sera-em-2-de-agosto-com-100-dos-estudantes\/\" class=\"card\"><span class=\"category hide-s\">Cidades<\/span><img title = \"[Tags]\"data-src=\"https:\/\/vejasp.abril.com.br\/wp-content\/uploads\/2021\/01\/mche-lee-PC91Jm1DlWA-unsplash.jpg?quality=70&amp;strip=info&amp;w=680&amp;h=453&amp;crop=1\"alt = \"7568_frio Filhos pedem interdi\u00e7\u00e3o de Cid Moreira e acusam madrasta de maltrat\u00e1-lo\" class=\"lazyload media\"><span class=\"category hide-l\">Cidades<\/span><span class=\"title\">Volta \u00e0s aulas na capital ser\u00e1 em 2 de agosto com 100% dos estudantes<\/span><\/a><\/div>\n<\/div>\n<\/div>\n<\/div>\n<p><br \/>\n<br \/><a href=\"https:\/\/vejasp.abril.com.br\/cidades\/filhos-cid-moreira-madrasta-pai-carcere-privado\/\">Fonte do Artigo <\/a><br \/>\nTags:<br \/>\n#loterias #loteriascaixa #megasena #resultadoapostas#noticias #noticiario  #noticia #brasil #noticiascolombia #mundo #esporte #colombia #noticiadeld #ltimasnoticias  #noticiario #noticiasregionales #noticiasdepartamentales #noticiashoy #esportes #noticiaahora #elinformantenoticias #noticiasdeboyac  #esporteinterativo #esportivo #diariodosesportes  #noticiero  #jogodefutebol #jogos #loto #apostas<\/p>\n","protected":false},"excerpt":{"rendered":"<p>Os dois filhos de Cid Moreira, Rodrigo e Roger Moreira, entraram na Justi\u00e7a para solicitar a interdi\u00e7\u00e3o do pai, alegando que ele est\u00e1 enfrentando sintomas de dem\u00eancia. Al\u00e9m disso, ambos pediram a pris\u00e3o da atual mulher do apresentador de 93 anos, F\u00e1tima Sampaio Moreira, por, segundo eles, limitar a liberdade do pai. As informa\u00e7\u00f5es s\u00e3o [&hellip;]<\/p>\n","protected":false},"author":1,"featured_media":69460,"comment_status":"open","ping_status":"open","sticky":false,"template":"","format":"standard","meta":{"footnotes":""},"categories":[1],"tags":[],"class_list":["post-69459","post","type-post","status-publish","format-standard","has-post-thumbnail","hentry","category-curso-de-copy"],"_links":{"self":[{"href":"https:\/\/wiy.com.br\/noticias\/wp-json\/wp\/v2\/posts\/69459","targetHints":{"allow":["GET"]}}],"collection":[{"href":"https:\/\/wiy.com.br\/noticias\/wp-json\/wp\/v2\/posts"}],"about":[{"href":"https:\/\/wiy.com.br\/noticias\/wp-json\/wp\/v2\/types\/post"}],"author":[{"embeddable":true,"href":"https:\/\/wiy.com.br\/noticias\/wp-json\/wp\/v2\/users\/1"}],"replies":[{"embeddable":true,"href":"https:\/\/wiy.com.br\/noticias\/wp-json\/wp\/v2\/comments?post=69459"}],"version-history":[{"count":0,"href":"https:\/\/wiy.com.br\/noticias\/wp-json\/wp\/v2\/posts\/69459\/revisions"}],"wp:featuredmedia":[{"embeddable":true,"href":"https:\/\/wiy.com.br\/noticias\/wp-json\/wp\/v2\/media\/69460"}],"wp:attachment":[{"href":"https:\/\/wiy.com.br\/noticias\/wp-json\/wp\/v2\/media?parent=69459"}],"wp:term":[{"taxonomy":"category","embeddable":true,"href":"https:\/\/wiy.com.br\/noticias\/wp-json\/wp\/v2\/categories?post=69459"},{"taxonomy":"post_tag","embeddable":true,"href":"https:\/\/wiy.com.br\/noticias\/wp-json\/wp\/v2\/tags?post=69459"}],"curies":[{"name":"wp","href":"https:\/\/api.w.org\/{rel}","templated":true}]}}