{"id":69399,"date":"2023-02-26T15:46:35","date_gmt":"2023-02-26T18:46:35","guid":{"rendered":"https:\/\/wiy.com.br\/noticias\/camara-aprova-taxacao-de-aplicativos-de-transporte-e-entrega\/"},"modified":"2021-07-17T13:05:09","modified_gmt":"2021-07-17T16:05:09","slug":"camara-aprova-taxacao-de-aplicativos-de-transporte-e-entrega","status":"publish","type":"post","link":"https:\/\/wiy.com.br\/noticias\/camara-aprova-taxacao-de-aplicativos-de-transporte-e-entrega\/","title":{"rendered":"C\u00e2mara aprova taxa\u00e7\u00e3o de aplicativos de transporte e entrega"},"content":{"rendered":"<p> <br \/>\n<\/p>\n<p>A <strong>C\u00e2mara Municipal<\/strong> aprovou nesta sexta-feira (16) o projeto que estabelece a cria\u00e7\u00e3o de uma taxa para empresas de aplicativo de transporte e de entrega. A proposta \u00e9 de autoria de <strong>Milton Leite<\/strong> (DEM), presidente do Legislativo paulistano, e de <strong>Adilson Amadeu<\/strong> (DEM). Agora, o texto vai a san\u00e7\u00e3o do prefeito <strong>Ricardo Nunes<\/strong> (MDB).<\/p>\n<p>O medida autoriza a prefeitura a cobrar um pre\u00e7o, ainda n\u00e3o definido (o que ocorrer\u00e1 ap\u00f3s a regulamenta\u00e7\u00e3o), que poder\u00e1 ser por quil\u00f4metro rodado em cada viagem. Outra possibilidade \u00e9 determinar um pre\u00e7o fixo e estabelecer o valor de 2 reais por cada corrida.<\/p>\n<p>Segundo o texto, entende-se por viagem na cidade aquela que come\u00e7a ou termina por aqui, al\u00e9m das passagens ocasionais, feitas fora do territ\u00f3rio paulistano, mas que em algum momento adentram \u00e0 cidade.<\/p>\n<p>&#8220;\u00c9 uma quest\u00e3o justa e leg\u00edtima de compensa\u00e7\u00e3o \u00e0 cidade de S\u00e3o Paulo. V\u00e1rias dessas empresas migraram suas sedes para outros munic\u00edpios, embora todo o impacto da circula\u00e7\u00e3o vi\u00e1ria, de tr\u00e1fego e ambiental, continue aqui na capital. N\u00e3o \u00e9 justo que o cidad\u00e3o paulistano arque com esses impactos enquanto muitas dessas empresas lucram milh\u00f5es, sem dar quase nenhuma contrapartida \u00e0 cidade&#8221;, disse o vereador Milton Leite.<\/p>\n<div id=\"relacionadas\" class=\"block related-posts three_columns\">\n<ul class=\"block-menu\">\n<li data-tab=\"tab-1\" class=\"active\">Relacionadas<\/li>\n<\/ul>\n<div id=\"tab-1\" class=\"block-content active\">\n<div class=\"row\">\n<li class=\"widget-news-item without-thumb with-border\">\n<div class=\"widget-news-info\"><a href=\"http:\/\/vejasp.abril.com.br\/cultura-lazer\">Cultura &amp; Lazer<\/a><span class=\"widget-news-item-title\"><a href=\"https:\/\/vejasp.abril.com.br\/cultura-lazer\/olimpiada-fernando-reis-testa-positivo-em-exame-antidoping\/\">Olimp\u00edada: Fernando Reis testa positivo em exame antidoping<\/a><\/span><span class=\"widget-news-item-date\">17 jul 2021 &#8211; 10h07<\/span><\/div>\n<\/li>\n<\/div>\n<\/div>\n<\/div>\n<div id=\"mais_lidas\" class=\"block related-posts mais-lidas\">\n<ul class=\"block-menu\">\n<li data-tab=\"tab-1\" class=\"active\">Mais lidas<\/li>\n<\/ul>\n<div id=\"tab-1\" class=\"block-content active\">\n<div class=\"row\">\n<div class=\"col-s-12 col-l-3\"><a href=\"https:\/\/vejasp.abril.com.br\/saude\/pode-beber-depois-de-tomar-vacina\/\" class=\"card\"><span class=\"category hide-s\">Sa\u00fade<\/span><img title = \"[Tags]\"data-src=\"https:\/\/vejasp.abril.com.br\/wp-content\/uploads\/2021\/07\/Design-sem-nome-1.jpg?quality=70&amp;strip=info&amp;w=680&amp;h=453&amp;crop=1\"alt = \"Design-sem-nome-1 C\u00e2mara aprova taxa\u00e7\u00e3o de aplicativos de transporte e entrega\" class=\"lazyload media\"><span class=\"category hide-l\">Sa\u00fade<\/span><span class=\"title\">Pode beber depois de tomar vacina? Especialistas respondem a d\u00favidas frequentes<\/span><\/a><\/div>\n<div class=\"col-s-12 col-l-3\"><a href=\"https:\/\/vejasp.abril.com.br\/blog\/pop\/expulso-rodizio-ragazzo-joao-carlos-apolonio\/\" class=\"card\"><span class=\"category hide-s\">Cultura &amp; Lazer<\/span><img title = \"[Tags]\"data-src=\"https:\/\/vejasp.abril.com.br\/wp-content\/uploads\/2021\/07\/joao.jpg?quality=70&amp;strip=info&amp;w=600&amp;h=400&amp;crop=1\"alt = \"Design-sem-nome-1 C\u00e2mara aprova taxa\u00e7\u00e3o de aplicativos de transporte e entrega\" class=\"lazyload media\"><span class=\"category hide-l\">Cultura &amp; Lazer<\/span><span class=\"title\">Expulso ap\u00f3s 15 pratos no rod\u00edzio? Pintor explica melhor a hist\u00f3ria<\/span><\/a><\/div>\n<div class=\"col-s-12 col-l-3\"><a href=\"https:\/\/vejasp.abril.com.br\/cidades\/frente-fria-e-massa-de-ar-polar-chegam-forte-a-sao-paulo-veja-temperatura\/\" class=\"card\"><span class=\"category hide-s\">Cidades<\/span><img title = \"[Tags]\"data-src=\"https:\/\/vejasp.abril.com.br\/wp-content\/uploads\/2016\/11\/7568_frio.jpeg?quality=70&amp;strip=info&amp;w=680&amp;h=453&amp;crop=1\"alt = \"Design-sem-nome-1 C\u00e2mara aprova taxa\u00e7\u00e3o de aplicativos de transporte e entrega\" class=\"lazyload media\"><span class=\"category hide-l\">Cidades<\/span><span class=\"title\">Frente fria e massa de ar polar chegam forte a S\u00e3o Paulo; veja temperaturas<\/span><\/a><\/div>\n<div class=\"col-s-12 col-l-3\"><a href=\"https:\/\/vejasp.abril.com.br\/cidades\/calor-pre-frontal-esquenta-sao-paulo-antes-da-chegada-de-frente-fria\/\" class=\"card\"><span class=\"category hide-s\">Cidades<\/span><img title = \"[Tags]\"data-src=\"https:\/\/vejasp.abril.com.br\/wp-content\/uploads\/2016\/12\/7_fup20160620028.jpeg?quality=70&amp;strip=info&amp;w=680&amp;h=453&amp;crop=1\"alt = \"Design-sem-nome-1 C\u00e2mara aprova taxa\u00e7\u00e3o de aplicativos de transporte e entrega\" class=\"lazyload media\"><span class=\"category hide-l\">Cidades<\/span><span class=\"title\">Calor pr\u00e9-frontal esquenta S\u00e3o Paulo antes da chegada de frente fria<\/span><\/a><\/div>\n<\/div>\n<\/div>\n<\/div>\n<div id=\"leia_mais\" class=\"block related-posts leia-mais\">\n<ul class=\"block-menu\">\n<li data-tab=\"tab-1\" class=\"active\">Leia mais<\/li>\n<\/ul>\n<div id=\"tab-1\" class=\"block-content active\">\n<div class=\"row\">\n<div class=\"col-s-12 col-l-3\"><a href=\"https:\/\/vejasp.abril.com.br\/cidades\/mulher-perde-visao-bala-borracha-estacao-cptm\/\" class=\"card\"><span class=\"category hide-s\">Cidades<\/span><img title = \"[Tags]\"data-src=\"https:\/\/vejasp.abril.com.br\/wp-content\/uploads\/2020\/09\/estacao-francisco-morato-31082020180051794.jpeg?quality=70&amp;strip=info&amp;w=660&amp;h=360&amp;crop=1\"alt = \"Design-sem-nome-1 C\u00e2mara aprova taxa\u00e7\u00e3o de aplicativos de transporte e entrega\" class=\"lazyload media\"><span class=\"category hide-l\">Cidades<\/span><span class=\"title\">Mulher perde vis\u00e3o de um olho ap\u00f3s ser ferida por bala de borracha<\/span><\/a><\/div>\n<div class=\"col-s-12 col-l-3\"><a href=\"https:\/\/vejasp.abril.com.br\/cidades\/camara-aprova-projeto-que-coloca-sommeliers-de-vacina-no-final-da-fila\/\" class=\"card\"><span class=\"category hide-s\">Cidades<\/span><img title = \"[Tags]\"data-src=\"https:\/\/vejasp.abril.com.br\/wp-content\/uploads\/2021\/06\/51266482883_a0f91329cb_k.jpg?quality=70&amp;strip=info&amp;w=680&amp;h=453&amp;crop=1\"alt = \"Design-sem-nome-1 C\u00e2mara aprova taxa\u00e7\u00e3o de aplicativos de transporte e entrega\" class=\"lazyload media\"><span class=\"category hide-l\">Cidades<\/span><span class=\"title\">C\u00e2mara aprova projeto que coloca \u2018sommeliers de vacina\u2019 no final da fila<\/span><\/a><\/div>\n<div class=\"col-s-12 col-l-3\"><a href=\"https:\/\/vejasp.abril.com.br\/cidades\/frente-fria-e-massa-de-ar-polar-chegam-forte-a-sao-paulo-veja-temperatura\/\" class=\"card\"><span class=\"category hide-s\">Cidades<\/span><img title = \"[Tags]\"data-src=\"https:\/\/vejasp.abril.com.br\/wp-content\/uploads\/2016\/11\/7568_frio.jpeg?quality=70&amp;strip=info&amp;w=680&amp;h=453&amp;crop=1\"alt = \"Design-sem-nome-1 C\u00e2mara aprova taxa\u00e7\u00e3o de aplicativos de transporte e entrega\" class=\"lazyload media\"><span class=\"category hide-l\">Cidades<\/span><span class=\"title\">Frente fria e massa de ar polar chegam forte a S\u00e3o Paulo; veja temperaturas<\/span><\/a><\/div>\n<div class=\"col-s-12 col-l-3\"><a href=\"https:\/\/vejasp.abril.com.br\/cidades\/papo-vejinha-ronaldo-lemos-inovacao-fake-news-paulo-gustavo\/\" class=\"card\"><span class=\"category hide-s\">Cidades<\/span><img title = \"[Tags]\"data-src=\"https:\/\/vejasp.abril.com.br\/wp-content\/uploads\/2021\/07\/ronaldo-lemos-papo-vejinha.jpg.jpg?quality=70&amp;strip=info&amp;crop=0px%2C103px%2C667px%2C454px&amp;resize=680%2C453\"alt = \"Design-sem-nome-1 C\u00e2mara aprova taxa\u00e7\u00e3o de aplicativos de transporte e entrega\" class=\"lazyload media\"><span class=\"category hide-l\">Cidades<\/span><span class=\"title\">\u201cTenho pena do ministro de Ci\u00eancia e Tecnologia\u201d, diz Ronaldo Lemos<\/span><\/a><\/div>\n<\/div>\n<\/div>\n<\/div>\n<p><br \/>\n<br \/><a href=\"https:\/\/vejasp.abril.com.br\/cidades\/camara-aprova-taxacao-de-aplicativos-de-transporte-e-entrega\/\">Fonte do Artigo <\/a><br \/>\nTags:<br \/>\n#loterias #loteriascaixa #megasena #resultadoapostas#noticias #noticiario  #noticia #brasil #noticiascolombia #mundo #esporte #colombia #noticiadeld #ltimasnoticias  #noticiario #noticiasregionales #noticiasdepartamentales #noticiashoy #esportes #noticiaahora #elinformantenoticias #noticiasdeboyac  #esporteinterativo #esportivo #diariodosesportes  #noticiero  #jogodefutebol #jogos #loto #apostas<\/p>\n","protected":false},"excerpt":{"rendered":"<p>A C\u00e2mara Municipal aprovou nesta sexta-feira (16) o projeto que estabelece a cria\u00e7\u00e3o de uma taxa para empresas de aplicativo de transporte e de entrega. A proposta \u00e9 de autoria de Milton Leite (DEM), presidente do Legislativo paulistano, e de Adilson Amadeu (DEM). Agora, o texto vai a san\u00e7\u00e3o do prefeito Ricardo Nunes (MDB). O [&hellip;]<\/p>\n","protected":false},"author":1,"featured_media":69400,"comment_status":"open","ping_status":"open","sticky":false,"template":"","format":"standard","meta":{"footnotes":""},"categories":[1],"tags":[],"class_list":["post-69399","post","type-post","status-publish","format-standard","has-post-thumbnail","hentry","category-curso-de-copy"],"_links":{"self":[{"href":"https:\/\/wiy.com.br\/noticias\/wp-json\/wp\/v2\/posts\/69399","targetHints":{"allow":["GET"]}}],"collection":[{"href":"https:\/\/wiy.com.br\/noticias\/wp-json\/wp\/v2\/posts"}],"about":[{"href":"https:\/\/wiy.com.br\/noticias\/wp-json\/wp\/v2\/types\/post"}],"author":[{"embeddable":true,"href":"https:\/\/wiy.com.br\/noticias\/wp-json\/wp\/v2\/users\/1"}],"replies":[{"embeddable":true,"href":"https:\/\/wiy.com.br\/noticias\/wp-json\/wp\/v2\/comments?post=69399"}],"version-history":[{"count":0,"href":"https:\/\/wiy.com.br\/noticias\/wp-json\/wp\/v2\/posts\/69399\/revisions"}],"wp:featuredmedia":[{"embeddable":true,"href":"https:\/\/wiy.com.br\/noticias\/wp-json\/wp\/v2\/media\/69400"}],"wp:attachment":[{"href":"https:\/\/wiy.com.br\/noticias\/wp-json\/wp\/v2\/media?parent=69399"}],"wp:term":[{"taxonomy":"category","embeddable":true,"href":"https:\/\/wiy.com.br\/noticias\/wp-json\/wp\/v2\/categories?post=69399"},{"taxonomy":"post_tag","embeddable":true,"href":"https:\/\/wiy.com.br\/noticias\/wp-json\/wp\/v2\/tags?post=69399"}],"curies":[{"name":"wp","href":"https:\/\/api.w.org\/{rel}","templated":true}]}}