{"id":69362,"date":"2023-02-26T15:10:29","date_gmt":"2023-02-26T18:10:29","guid":{"rendered":"https:\/\/wiy.com.br\/noticias\/sp-lanca-programa-para-pagar-r-500-a-20-000-parentes-de-estudantes\/"},"modified":"2021-07-14T15:05:10","modified_gmt":"2021-07-14T18:05:10","slug":"sp-lanca-programa-para-pagar-r-500-a-20-000-parentes-de-estudantes","status":"publish","type":"post","link":"https:\/\/wiy.com.br\/noticias\/sp-lanca-programa-para-pagar-r-500-a-20-000-parentes-de-estudantes\/","title":{"rendered":"SP lan\u00e7a programa para pagar R$ 500 a 20 000 parentes de estudantes"},"content":{"rendered":"<p> <br \/>\n<\/p>\n<p>O governador <strong>Jo\u00e3o Doria<\/strong> (PSDB) anunciou nesta quarta-feira (14) o lan\u00e7amento do programa<strong> Bolso Povo Educa\u00e7\u00e3o<\/strong>. A iniciativa ir\u00e1 pagar R$ 500 para 20 000 parentes de alunos trabalharem em escolas p\u00fablicas do estado.<\/p>\n<p><span>&#8220;O governo do estado de S\u00e3o Paulo lan\u00e7a o programa Bolsa do Povo Educa\u00e7\u00e3o, com o pagamento R$ 500. um programa in\u00e9dito no pa\u00eds e que come\u00e7a a funcionar em agosto. O programa vai contratar 20 000 pessoas para trabalhar nas escolas 4 horas por dia recebendo R$ 500 por m\u00eas. As inscri\u00e7\u00f5es come\u00e7am em 19 de julho e v\u00e3o at\u00e9 31 de julho&#8221;, disse Doria.<\/span><\/p>\n<p><strong>+ <a href=\"https:\/\/vejasp.abril.com.br\/cidades\/novo-programa-social-unifica-bolsa-do-povo\/\">SP anuncia \u2018Bolsa do Povo\u2019, que pretende pagar at\u00e9 R$ 500 a fam\u00edlias<\/a><\/strong><\/p>\n<p>Os pais e respons\u00e1veis de alunos devem ser os principais contratados pelo programa. Eles ir\u00e3o prestar apoio \u00e0s equipes escolares no cumprimento de medidas sanit\u00e1rias. Inicialmente, o investimento \u00e9 de <span>R$ 60 milh\u00f5es a partir de agosto.\u00a0<\/span><\/p>\n<p><span>&#8220;\u00c9 uma aproxima\u00e7\u00e3o entre a escola e a comunidade, mas tamb\u00e9m para garantir mais oportunidades para os estudantes e as pr\u00f3prias fam\u00edlias&#8221;, afirmou o secret\u00e1rio estadual de Educa\u00e7\u00e3o, <strong>Rossieli Soares<\/strong>.\u00a0<\/span><\/p>\n<p><strong>LEIA TAMB\u00c9M:<\/strong> <a href=\"https:\/\/vejasp.abril.com.br\/cidades\/governo-sao-paulo-expansao-ensino-integral-escolas\/\">Governo de S\u00e3o Paulo anuncia expans\u00e3o de ensino integral para 778 escolas<\/a><\/p>\n<p>Os interessados em participar do programa devem se inscrever atrav\u00e9s do <a href=\"https:\/\/www.bolsadopovo.sp.gov.br\"><strong>site Bolsa do Povo<\/strong><\/a>. Haver\u00e1 entrevistas e avalia\u00e7\u00f5es da<strong> Diretoria de Ensino<\/strong>. <span>A previs\u00e3o \u00e9 de que as primeiras contrata\u00e7\u00f5es aconte\u00e7am em 16 de agosto.\u00a0<\/span><\/p>\n<h3>Para participar \u00e9 necess\u00e1rio:<\/h3>\n<p>\u2022 Ser respons\u00e1vel legal por aluno da rede estadual (um respons\u00e1vel por fam\u00edlia);<br \/>\n\u2022 Estar desempregado h\u00e1 pelo menos tr\u00eas meses;<br \/>\n\u2022 Ter entre 18 e 59 anos;<br \/>\n\u2022 Morar pr\u00f3ximo \u00e0 unidade escolar (raio de dois quil\u00f4metros).<\/p>\n<h3>S\u00e3o crit\u00e9rios preferenciais:<\/h3>\n<p>\u2022 Estar cadastrado no Cad\u00danico;<br \/>\n\u2022 Ser m\u00e3e de aluno da rede estadual;<br \/>\n\u2022 Ter filho estudando na escola de interesse;<br \/>\n\u2022 Proximidade entre endere\u00e7o residencial e escola;<br \/>\n\u2022 Maior idade.<\/p>\n<div id=\"relacionadas\" class=\"block related-posts three_columns\">\n<ul class=\"block-menu\">\n<li data-tab=\"tab-1\" class=\"active\">Relacionadas<\/li>\n<\/ul>\n<div id=\"tab-1\" class=\"block-content active\">\n<div class=\"row\">\n<li class=\"widget-news-item without-thumb with-border\">\n<div class=\"widget-news-info\"><a href=\"http:\/\/vejasp.abril.com.br\/saude\">Sa\u00fade<\/a><span class=\"widget-news-item-title\"><a href=\"https:\/\/vejasp.abril.com.br\/saude\/pfizer-entrega-9243-mil-doses-da-vacina-contra-a-covid-19-nesta-quarta\/\">Pfizer entrega 924,3 mil doses da vacina contra a Covid-19 nesta quarta<\/a><\/span><span class=\"widget-news-item-date\">14 jul 2021 &#8211; 11h07<\/span><\/div>\n<\/li>\n<li class=\"widget-news-item without-thumb with-border\">\n<div class=\"widget-news-info\"><a href=\"http:\/\/vejasp.abril.com.br\/cidades\">Cidades<\/a><span class=\"widget-news-item-title\"><a href=\"https:\/\/vejasp.abril.com.br\/cidades\/na-pandemia-cresce-numero-de-familias-morando-na-rua-em-sp\/\">Sem emprego e sem comida, fam\u00edlias inteiras saem da periferia para viver nas cal\u00e7adas do Centro<\/a><\/span><span class=\"widget-news-item-date\">9 jul 2021 &#8211; 06h07<\/span><\/div>\n<\/li>\n<li class=\"widget-news-item without-thumb with-border\">\n<div class=\"widget-news-info\"><a href=\"http:\/\/vejasp.abril.com.br\/saude\">Sa\u00fade<\/a><span class=\"widget-news-item-title\"><a href=\"https:\/\/vejasp.abril.com.br\/saude\/butantan-entrega-novo-lote-de-800-000-doses-da-coronavac-a-saude\/\">Butantan entrega novo lote de 800 000 doses da CoronaVac \u00e0 Sa\u00fade<\/a><\/span><span class=\"widget-news-item-date\">14 jul 2021 &#8211; 10h07<\/span><\/div>\n<\/li>\n<\/div>\n<\/div>\n<\/div>\n<div id=\"mais_lidas\" class=\"block related-posts mais-lidas\">\n<ul class=\"block-menu\">\n<li data-tab=\"tab-1\" class=\"active\">Mais lidas<\/li>\n<\/ul>\n<div id=\"tab-1\" class=\"block-content active\">\n<div class=\"row\">\n<div class=\"col-s-12 col-l-3\"><a href=\"https:\/\/vejasp.abril.com.br\/saude\/pode-beber-depois-de-tomar-vacina\/\" class=\"card\"><span class=\"category hide-s\">Sa\u00fade<\/span><img title = \"[Tags]\"data-src=\"https:\/\/vejasp.abril.com.br\/wp-content\/uploads\/2021\/07\/Design-sem-nome-1.jpg?quality=70&amp;strip=info&amp;w=680&amp;h=453&amp;crop=1\"alt = \"Design-sem-nome-1 SP lan\u00e7a programa para pagar R$ 500 a 20 000 parentes de estudantes\" class=\"lazyload media\"><span class=\"category hide-l\">Sa\u00fade<\/span><span class=\"title\">Pode beber depois de tomar vacina? Especialistas respondem a d\u00favidas frequentes<\/span><\/a><\/div>\n<div class=\"col-s-12 col-l-3\"><a href=\"https:\/\/vejasp.abril.com.br\/blog\/memoria\/mansao-clodovil\/\" class=\"card\"><span class=\"category hide-s\">Cultura &amp; Lazer<\/span><img title = \"[Tags]\"data-src=\"https:\/\/vejasp.abril.com.br\/wp-content\/uploads\/2016\/11\/20969_clodovil-no-banheiro-de-sua-casa-em-ubatuba.jpeg?quality=70&amp;strip=info&amp;w=680&amp;h=453&amp;crop=1\"alt = \"Design-sem-nome-1 SP lan\u00e7a programa para pagar R$ 500 a 20 000 parentes de estudantes\" class=\"lazyload media\"><span class=\"category hide-l\">Cultura &amp; Lazer<\/span><span class=\"title\">Caindo aos peda\u00e7os: veja fotos da mans\u00e3o de Clodovil em Ubatuba<\/span><\/a><\/div>\n<div class=\"col-s-12 col-l-3\"><a href=\"https:\/\/vejasp.abril.com.br\/saude\/anvisa-alerta-para-casos-de-doencas-apos-vacinacao-contra-a-covid-19\/\" class=\"card\"><span class=\"category hide-s\">Sa\u00fade<\/span><img title = \"[Tags]\"data-src=\"https:\/\/vejasp.abril.com.br\/wp-content\/uploads\/2021\/06\/Vacina-Pfizer-Divulgacao-Prefeitura-de-Santa-Barbara-dOeste.jpg?quality=70&amp;strip=info&amp;w=680&amp;h=453&amp;crop=1\"alt = \"Design-sem-nome-1 SP lan\u00e7a programa para pagar R$ 500 a 20 000 parentes de estudantes\" class=\"lazyload media\"><span class=\"category hide-l\">Sa\u00fade<\/span><span class=\"title\">Covid: Anvisa emite alerta ap\u00f3s casos de doen\u00e7as em vacinados nos EUA<\/span><\/a><\/div>\n<div class=\"col-s-12 col-l-3\"><a href=\"https:\/\/vejasp.abril.com.br\/cidades\/calor-vai-durar-pouco-nova-frente-fria-se-aproxima-de-sao-paulo\/\" class=\"card\"><span class=\"category hide-s\">Cidades<\/span><img title = \"[Tags]\"data-src=\"https:\/\/vejasp.abril.com.br\/wp-content\/uploads\/2021\/06\/friosp.jpg?quality=70&amp;strip=info&amp;w=680&amp;h=453&amp;crop=1\"alt = \"Design-sem-nome-1 SP lan\u00e7a programa para pagar R$ 500 a 20 000 parentes de estudantes\" class=\"lazyload media\"><span class=\"category hide-l\">Cidades<\/span><span class=\"title\">Calor vai durar pouco: nova frente fria se aproxima de S\u00e3o Paulo<\/span><\/a><\/div>\n<\/div>\n<\/div>\n<\/div>\n<div id=\"leia_mais\" class=\"block related-posts leia-mais\">\n<ul class=\"block-menu\">\n<li data-tab=\"tab-1\" class=\"active\">Leia mais<\/li>\n<\/ul>\n<div id=\"tab-1\" class=\"block-content active\">\n<div class=\"row\">\n<div class=\"col-s-12 col-l-3\"><a href=\"https:\/\/vejasp.abril.com.br\/cidades\/morre-aos-101-anos-alberto-dualib-ex-presidente-do-corinthians\/\" class=\"card\"><span class=\"category hide-s\">Cidades<\/span><img title = \"[Tags]\"data-src=\"https:\/\/vejasp.abril.com.br\/wp-content\/uploads\/2021\/07\/Alberto-Dualib.jpeg?quality=70&amp;strip=info&amp;crop=0px%2C102px%2C984px%2C669px&amp;resize=680%2C453\"alt = \"Design-sem-nome-1 SP lan\u00e7a programa para pagar R$ 500 a 20 000 parentes de estudantes\" class=\"lazyload media\"><span class=\"category hide-l\">Cidades<\/span><span class=\"title\">Morre aos 101 anos Alberto Dualib, ex-presidente do Corinthians<\/span><\/a><\/div>\n<div class=\"col-s-12 col-l-3\"><a href=\"https:\/\/vejasp.abril.com.br\/cidades\/luana-piovani-lembra-agressao-e-dado-dolabella-pede-desculpas-a-atriz\/\" class=\"card\"><span class=\"category hide-s\">Cidades<\/span><img title = \"[Tags]\"data-src=\"https:\/\/vejasp.abril.com.br\/wp-content\/uploads\/2017\/08\/dado-dolabella-20171.jpg?quality=70&amp;strip=info&amp;w=680&amp;h=453&amp;crop=1\"alt = \"Design-sem-nome-1 SP lan\u00e7a programa para pagar R$ 500 a 20 000 parentes de estudantes\" class=\"lazyload media\"><span class=\"category hide-l\">Cidades<\/span><span class=\"title\">Luana Piovani lembra agress\u00e3o e Dado Dolabella pede desculpas \u00e0 atriz<\/span><\/a><\/div>\n<div class=\"col-s-12 col-l-3\"><a href=\"https:\/\/vejasp.abril.com.br\/cidades\/funcionarios-publicos-de-sao-paulo-devem-voltar-ao-trabalho-presencial\/\" class=\"card\"><span class=\"category hide-s\">Cidades<\/span><img title = \"[Tags]\"data-src=\"https:\/\/vejasp.abril.com.br\/wp-content\/uploads\/2021\/05\/51170933588_af658ed333_o.jpg?quality=70&amp;strip=info&amp;w=680&amp;h=453&amp;crop=1\"alt = \"Design-sem-nome-1 SP lan\u00e7a programa para pagar R$ 500 a 20 000 parentes de estudantes\" class=\"lazyload media\"><span class=\"category hide-l\">Cidades<\/span><span class=\"title\">Funcion\u00e1rios p\u00fablicos de S\u00e3o Paulo devem voltar ao trabalho presencial<\/span><\/a><\/div>\n<div class=\"col-s-12 col-l-3\"><a href=\"https:\/\/vejasp.abril.com.br\/cidades\/farmacia-em-sp-engana-imigrantes-com-vacina-falsa-por-r-100\/\" class=\"card\"><span class=\"category hide-s\">Cidades<\/span><img title = \"[Tags]\"data-src=\"https:\/\/vejasp.abril.com.br\/wp-content\/uploads\/2021\/07\/whatsapp-image-2021-07-13-at-09.54.43.jpeg?quality=70&amp;strip=info&amp;w=680&amp;h=453&amp;crop=1\"alt = \"Design-sem-nome-1 SP lan\u00e7a programa para pagar R$ 500 a 20 000 parentes de estudantes\" class=\"lazyload media\"><span class=\"category hide-l\">Cidades<\/span><span class=\"title\">Farm\u00e1cia em SP engana imigrantes com vacina falsa por R$ 100<\/span><\/a><\/div>\n<\/div>\n<\/div>\n<\/div>\n<p><br \/>\n<br \/><a href=\"https:\/\/vejasp.abril.com.br\/cidades\/sp-lanca-programa-para-pagar-r-500-a-20-000-parentes-de-estudantes\/\">Fonte do Artigo <\/a><br \/>\nTags:<br \/>\n#loterias #loteriascaixa #megasena #resultadoapostas#noticias #noticiario  #noticia #brasil #noticiascolombia #mundo #esporte #colombia #noticiadeld #ltimasnoticias  #noticiario #noticiasregionales #noticiasdepartamentales #noticiashoy #esportes #noticiaahora #elinformantenoticias #noticiasdeboyac  #esporteinterativo #esportivo #diariodosesportes  #noticiero  #jogodefutebol #jogos #loto #apostas<\/p>\n","protected":false},"excerpt":{"rendered":"<p>O governador Jo\u00e3o Doria (PSDB) anunciou nesta quarta-feira (14) o lan\u00e7amento do programa Bolso Povo Educa\u00e7\u00e3o. A iniciativa ir\u00e1 pagar R$ 500 para 20 000 parentes de alunos trabalharem em escolas p\u00fablicas do estado. &#8220;O governo do estado de S\u00e3o Paulo lan\u00e7a o programa Bolsa do Povo Educa\u00e7\u00e3o, com o pagamento R$ 500. um programa [&hellip;]<\/p>\n","protected":false},"author":1,"featured_media":63113,"comment_status":"open","ping_status":"open","sticky":false,"template":"","format":"standard","meta":{"footnotes":""},"categories":[1],"tags":[],"class_list":["post-69362","post","type-post","status-publish","format-standard","has-post-thumbnail","hentry","category-curso-de-copy"],"_links":{"self":[{"href":"https:\/\/wiy.com.br\/noticias\/wp-json\/wp\/v2\/posts\/69362","targetHints":{"allow":["GET"]}}],"collection":[{"href":"https:\/\/wiy.com.br\/noticias\/wp-json\/wp\/v2\/posts"}],"about":[{"href":"https:\/\/wiy.com.br\/noticias\/wp-json\/wp\/v2\/types\/post"}],"author":[{"embeddable":true,"href":"https:\/\/wiy.com.br\/noticias\/wp-json\/wp\/v2\/users\/1"}],"replies":[{"embeddable":true,"href":"https:\/\/wiy.com.br\/noticias\/wp-json\/wp\/v2\/comments?post=69362"}],"version-history":[{"count":0,"href":"https:\/\/wiy.com.br\/noticias\/wp-json\/wp\/v2\/posts\/69362\/revisions"}],"wp:featuredmedia":[{"embeddable":true,"href":"https:\/\/wiy.com.br\/noticias\/wp-json\/wp\/v2\/media\/63113"}],"wp:attachment":[{"href":"https:\/\/wiy.com.br\/noticias\/wp-json\/wp\/v2\/media?parent=69362"}],"wp:term":[{"taxonomy":"category","embeddable":true,"href":"https:\/\/wiy.com.br\/noticias\/wp-json\/wp\/v2\/categories?post=69362"},{"taxonomy":"post_tag","embeddable":true,"href":"https:\/\/wiy.com.br\/noticias\/wp-json\/wp\/v2\/tags?post=69362"}],"curies":[{"name":"wp","href":"https:\/\/api.w.org\/{rel}","templated":true}]}}