{"id":69162,"date":"2023-02-26T15:41:03","date_gmt":"2023-02-26T18:41:03","guid":{"rendered":"https:\/\/wiy.com.br\/noticias\/estudo-com-astrazeneca-aponta-queda-de-71-de-casos-de-covid-em-botucatu\/"},"modified":"2021-06-29T04:05:09","modified_gmt":"2021-06-29T07:05:09","slug":"estudo-com-astrazeneca-aponta-queda-de-71-de-casos-de-covid-em-botucatu","status":"publish","type":"post","link":"https:\/\/wiy.com.br\/noticias\/estudo-com-astrazeneca-aponta-queda-de-71-de-casos-de-covid-em-botucatu\/","title":{"rendered":"Estudo com AstraZeneca aponta queda de 71% de casos de Covid em Botucatu"},"content":{"rendered":"<p> <br \/>\n<\/p>\n<p><span>Ap\u00f3s seis semanas da <a href=\"https:\/\/vejasp.abril.com.br\/saude\/botucatu-pesquisa-cidade-vacinada-massa-covid-19\/\">vacina\u00e7\u00e3o em massa em <strong>Botucatu,<\/strong><\/a> estudo da Unesp junto \u00e0 prefeitura e ao Minist\u00e9rio da Sa\u00fade aponta que houve redu\u00e7\u00e3o de 71% dos casos de <strong>Covid-19<\/strong> no munic\u00edpio. O imunizante contra o v\u00edrus usado foi o da <strong>AstraZeneca.<\/strong>\u00a0<\/span><\/p>\n<p><span>A previs\u00e3o dos especialistas era de que a redu\u00e7\u00e3o de casos come\u00e7asse a ocorrer a partir da segunda semana de junho, situa\u00e7\u00e3o que se confirmou nos primeiros resultados do estudo. A queda de 71,3% foi registrada nas \u00faltimas tr\u00eas semanas. Os respons\u00e1veis pela pesquisa acreditam que a vacina levar\u00e1 a queda de transmissibilidade, reduzindo tamb\u00e9m o n\u00famero de casos graves, hospitaliza\u00e7\u00f5es, internaliza\u00e7\u00f5es e, por fim, as mortes.<\/span><\/p>\n<p><strong>+ <a href=\"https:\/\/vejasp.abril.com.br\/saude\/astrazeneca-3a-dose-de-vacina-produz-forte-resposta-imune-diz-estudo\/\">AstraZeneca: 3\u00aa dose de vacina produz forte resposta imune, diz estudo<\/a><\/strong><\/p>\n<p><span>A popula\u00e7\u00e3o at\u00e9 agora recebeu a primeira dose da <strong>AstraZeneca,<\/strong> a segunda est\u00e1 prevista para agosto. Todos os moradores devem seguir respeitando as medidas de distanciamento social e uso de m\u00e1scaras. No dia 23, o Hospital do Bairro n\u00e3o registrou qualquer interna\u00e7\u00e3o por <strong>Covid<\/strong> no munic\u00edpio.\u00a0<\/span><\/p>\n<p><span>Desde maio, <strong>Botucatu<\/strong> recebeu a\u00e7\u00f5es para promover a vacina\u00e7\u00e3o em massa na cidade. Ao todo, 120 405 habitantes receberam a primeira dose do imunizante, o que representa aproximadamente 81% da popula\u00e7\u00e3o. De acordo com a prefeitura, isso j\u00e1 significa que todos os adultos est\u00e3o vacinados. <\/span><\/p>\n<h3>Estudo em Serrana<\/h3>\n<p><span>Outro estudo sobre vacina\u00e7\u00e3o em massa que aconteceu no estado foi o &#8216;<strong>Projeto S<\/strong>&#8216; na cidade de <strong>Serrana.<\/strong> A pesquisa, coordenada pelo <strong>Instituto Butantan<\/strong> para verificar a efetividade da <strong>vacina\u00e7\u00e3o<\/strong> para o controle da <strong>pandemia<\/strong>, foi divulgada no dia 31 de maio em evento com o governador <strong>Jo\u00e3o Doria<\/strong> (PSDB) e o diretor da institui\u00e7\u00e3o, <strong>Dimas Covas<\/strong>. Com a vacina\u00e7\u00e3o de 95% dos habitantes acima de 18 anos na cidade com a <strong>CoronaVac<\/strong>, <a href=\"https:\/\/vejasp.abril.com.br\/saude\/vacinacao-em-serrana-faz-despencar-em-95-as-mortes-por-covid-19\/\">a pesquisa cient\u00edfica mostrou quedas significativas nos n\u00fameros da pandemia: 95% em mortes, 86% de interna\u00e7\u00f5es e 80% em casos sintom\u00e1ticos de <strong>Covid-19<\/strong><\/a>.<\/span><\/p>\n<p><b>+<\/b><a href=\"https:\/\/abr.ai\/assine-vejasp\"><b>Assine a Vejinha a partir de 8,90<\/b><\/a><b>.<\/b><\/p>\n<div id=\"relacionadas\" class=\"block related-posts three_columns\">\n<ul class=\"block-menu\">\n<li data-tab=\"tab-1\" class=\"active\">Relacionadas<\/li>\n<\/ul>\n<div id=\"tab-1\" class=\"block-content active\">\n<div class=\"row\">\n<li class=\"widget-news-item without-thumb with-border\">\n<div class=\"widget-news-info\"><a href=\"http:\/\/vejasp.abril.com.br\/cidades\">Cidades<\/a><span class=\"widget-news-item-title\"><a href=\"https:\/\/vejasp.abril.com.br\/cidades\/capa-esportes-quadra-areia-sp\/\">Potencializados pelo confinamento, cresce busca por esportes em quadras de areia<\/a><\/span><span class=\"widget-news-item-date\">25 jun 2021 &#8211; 06h06<\/span><\/div>\n<\/li>\n<li class=\"widget-news-item without-thumb with-border\">\n<div class=\"widget-news-info\"><a href=\"http:\/\/vejasp.abril.com.br\/saude\">Sa\u00fade<\/a><span class=\"widget-news-item-title\"><a href=\"https:\/\/vejasp.abril.com.br\/saude\/astrazeneca-3a-dose-de-vacina-produz-forte-resposta-imune-diz-estudo\/\">AstraZeneca: 3\u00aa dose de vacina produz forte resposta imune, diz estudo<\/a><\/span><span class=\"widget-news-item-date\">28 jun 2021 &#8211; 11h06<\/span><\/div>\n<\/li>\n<li class=\"widget-news-item without-thumb with-border\">\n<div class=\"widget-news-info\"><a href=\"http:\/\/vejasp.abril.com.br\/cidades\">Cidades<\/a><span class=\"widget-news-item-title\"><a href=\"https:\/\/vejasp.abril.com.br\/cidades\/galpao-incendio-bom-retiro\/\">Galp\u00e3o \u00e9 atingido por inc\u00eandio no Bom Retiro, na regi\u00e3o central<\/a><\/span><span class=\"widget-news-item-date\">28 jun 2021 &#8211; 11h06<\/span><\/div>\n<\/li>\n<li class=\"widget-news-item without-thumb with-border\">\n<div class=\"widget-news-info\"><a href=\"http:\/\/vejasp.abril.com.br\/saude\">Sa\u00fade<\/a><span class=\"widget-news-item-title\"><a href=\"https:\/\/vejasp.abril.com.br\/saude\/gravida-de-42-anos-e-a-1a-morte-confirmada-pela-variante-delta-da-covid-19\/\">Gr\u00e1vida de 42 anos \u00e9 a 1\u00aa morte confirmada pela variante delta da Covid-19 no Brasil<\/a><\/span><span class=\"widget-news-item-date\">27 jun 2021 &#8211; 17h06<\/span><\/div>\n<\/li>\n<\/div>\n<\/div>\n<\/div>\n<div id=\"mais_lidas\" class=\"block related-posts mais-lidas\">\n<ul class=\"block-menu\">\n<li data-tab=\"tab-1\" class=\"active\">Mais lidas<\/li>\n<\/ul>\n<div id=\"tab-1\" class=\"block-content active\">\n<div class=\"row\">\n<div class=\"col-s-12 col-l-3\"><a href=\"https:\/\/vejasp.abril.com.br\/saude\/astrazeneca-3a-dose-de-vacina-produz-forte-resposta-imune-diz-estudo\/\" class=\"card\"><span class=\"category hide-s\">Sa\u00fade<\/span><img title = \"[Tags]\"data-src=\"https:\/\/vejasp.abril.com.br\/wp-content\/uploads\/2021\/02\/Vacina-T\u00e2nia-Rego-Ag\u00eancia-Brasil.jpg?quality=70&amp;strip=info&amp;w=680&amp;h=453&amp;crop=1\"alt = \"Vacina-T\u00e2nia-Rego-Ag\u00eancia-Brasil Estudo com AstraZeneca aponta queda de 71% de casos de Covid em Botucatu\" class=\"lazyload media\"><span class=\"category hide-l\">Sa\u00fade<\/span><span class=\"title\">AstraZeneca: 3\u00aa dose de vacina produz forte resposta imune, diz estudo<\/span><\/a><\/div>\n<div class=\"col-s-12 col-l-3\"><a href=\"https:\/\/vejasp.abril.com.br\/cidades\/vai-esfriar-ainda-mais-saiba-como-fica-o-tempo-nos-proximos-dias\/\" class=\"card\"><span class=\"category hide-s\">Cidades<\/span><img title = \"[Tags]\"data-src=\"https:\/\/vejasp.abril.com.br\/wp-content\/uploads\/2021\/01\/temponublado.jpg?quality=70&amp;strip=info&amp;w=680&amp;h=453&amp;crop=1\"alt = \"Vacina-T\u00e2nia-Rego-Ag\u00eancia-Brasil Estudo com AstraZeneca aponta queda de 71% de casos de Covid em Botucatu\" class=\"lazyload media\"><span class=\"category hide-l\">Cidades<\/span><span class=\"title\">Frente fria que chega \u00e0 cidade hoje deve causar recordes de frio<\/span><\/a><\/div>\n<div class=\"col-s-12 col-l-3\"><a href=\"https:\/\/vejasp.abril.com.br\/cultura-lazer\/quem-e-roberto-marinho-neto-herdeiro-da-globo-que-se-casou-com-atriz\/\" class=\"card\"><span class=\"category hide-s\">Cultura &amp; Lazer<\/span><img title = \"[Tags]\"data-src=\"https:\/\/vejasp.abril.com.br\/wp-content\/uploads\/2021\/06\/Fiorella-Mattheis-e-Roberto-Marinho-Neto-abracados-Reproducao-Instagram.jpg?quality=70&amp;strip=info&amp;w=680&amp;h=453&amp;crop=1\"alt = \"Vacina-T\u00e2nia-Rego-Ag\u00eancia-Brasil Estudo com AstraZeneca aponta queda de 71% de casos de Covid em Botucatu\" class=\"lazyload media\"><span class=\"category hide-l\">Cultura &amp; Lazer<\/span><span class=\"title\">Quem \u00e9 Roberto Marinho Neto, herdeiro da Globo que se casou com atriz Fiorella<\/span><\/a><\/div>\n<div class=\"col-s-12 col-l-3\"><a href=\"https:\/\/vejasp.abril.com.br\/cidades\/historia-macabra-lazaro-sousa-serial-killer-df-go\/\" class=\"card\"><span class=\"category hide-s\">Cidades<\/span><img title = \"[Tags]\"data-src=\"https:\/\/vejasp.abril.com.br\/wp-content\/uploads\/2021\/06\/csm_lazaro_b_63f80b9a04.jpg?quality=70&amp;strip=info&amp;w=420&amp;h=262&amp;crop=1\"alt = \"Vacina-T\u00e2nia-Rego-Ag\u00eancia-Brasil Estudo com AstraZeneca aponta queda de 71% de casos de Covid em Botucatu\" class=\"lazyload media\"><span class=\"category hide-l\">Cidades<\/span><span class=\"title\">A hist\u00f3ria macabra de L\u00e1zaro, serial killer que mobiliza 300 policiais<\/span><\/a><\/div>\n<\/div>\n<\/div>\n<\/div>\n<div id=\"leia_mais\" class=\"block related-posts leia-mais\">\n<ul class=\"block-menu\">\n<li data-tab=\"tab-1\" class=\"active\">Leia mais<\/li>\n<\/ul>\n<div id=\"tab-1\" class=\"block-content active\">\n<div class=\"row\">\n<div class=\"col-s-12 col-l-3\"><a href=\"https:\/\/vejasp.abril.com.br\/cidades\/morte-de-lazaro-o-que-se-sabe-ate-o-momento-sobre-a-operacao\/\" class=\"card\"><span class=\"category hide-s\">Cidades<\/span><img title = \"[Tags]\"data-src=\"https:\/\/vejasp.abril.com.br\/wp-content\/uploads\/2021\/06\/suspeito-1.jpg?quality=70&amp;strip=info&amp;w=680&amp;h=453&amp;crop=1\"alt = \"Vacina-T\u00e2nia-Rego-Ag\u00eancia-Brasil Estudo com AstraZeneca aponta queda de 71% de casos de Covid em Botucatu\" class=\"lazyload media\"><span class=\"category hide-l\">Cidades<\/span><span class=\"title\">Morte de L\u00e1zaro: o que se sabe at\u00e9 o momento sobre a opera\u00e7\u00e3o<\/span><\/a><\/div>\n<div class=\"col-s-12 col-l-3\"><a href=\"https:\/\/vejasp.abril.com.br\/cidades\/galpao-incendio-bom-retiro\/\" class=\"card\"><span class=\"category hide-s\">Cidades<\/span><img title = \"[Tags]\"data-src=\"https:\/\/vejasp.abril.com.br\/wp-content\/uploads\/2021\/06\/Galpao-Incendio.jpg?quality=70&amp;strip=info&amp;crop=151px%2C0px%2C1129px%2C768px&amp;resize=680%2C453\"alt = \"Vacina-T\u00e2nia-Rego-Ag\u00eancia-Brasil Estudo com AstraZeneca aponta queda de 71% de casos de Covid em Botucatu\" class=\"lazyload media\"><span class=\"category hide-l\">Cidades<\/span><span class=\"title\">Galp\u00e3o \u00e9 atingido por inc\u00eandio no Bom Retiro, na regi\u00e3o central<\/span><\/a><\/div>\n<div class=\"col-s-12 col-l-3\"><a href=\"https:\/\/vejasp.abril.com.br\/cidades\/incendio-de-grandes-proporcoes-atinge-metro-de-londres\/\" class=\"card\"><span class=\"category hide-s\">Cidades<\/span><img title = \"[Tags]\"data-src=\"https:\/\/vejasp.abril.com.br\/wp-content\/uploads\/2021\/06\/Design-sem-nome-97.png?w=680&amp;h=453&amp;crop=1\"alt = \"Vacina-T\u00e2nia-Rego-Ag\u00eancia-Brasil Estudo com AstraZeneca aponta queda de 71% de casos de Covid em Botucatu\" class=\"lazyload media\"><span class=\"category hide-l\">Cidades<\/span><span class=\"title\">Inc\u00eandio de grandes propor\u00e7\u00f5es atinge metr\u00f4 de Londres<\/span><\/a><\/div>\n<div class=\"col-s-12 col-l-3\"><a href=\"https:\/\/vejasp.abril.com.br\/cidades\/lazaro-e-preso-na-manha-desta-segunda-28-diz-governador-de-goias\/\" class=\"card\"><span class=\"category hide-s\">Cidades<\/span><img title = \"[Tags]\"data-src=\"https:\/\/vejasp.abril.com.br\/wp-content\/uploads\/2021\/06\/suspeito-1.jpg?quality=70&amp;strip=info&amp;w=680&amp;h=453&amp;crop=1\"alt = \"Vacina-T\u00e2nia-Rego-Ag\u00eancia-Brasil Estudo com AstraZeneca aponta queda de 71% de casos de Covid em Botucatu\" class=\"lazyload media\"><span class=\"category hide-l\">Cidades<\/span><span class=\"title\">L\u00e1zaro \u00e9 capturado e morto em Goi\u00e1s ap\u00f3s 20 dias de buscas<\/span><\/a><\/div>\n<\/div>\n<\/div>\n<\/div>\n<p><br \/>\n<br \/><a href=\"https:\/\/vejasp.abril.com.br\/cidades\/astrazeneca-vacina-queda-71-casos-botucatu\/\">Fonte do Artigo <\/a><br \/>\nTags:<br \/>\n#loterias #loteriascaixa #megasena #resultadoapostas#noticias #noticiario  #noticia #brasil #noticiascolombia #mundo #esporte #colombia #noticiadeld #ltimasnoticias  #noticiario #noticiasregionales #noticiasdepartamentales #noticiashoy #esportes #noticiaahora #elinformantenoticias #noticiasdeboyac  #esporteinterativo #esportivo #diariodosesportes  #noticiero  #jogodefutebol #jogos #loto #apostas<\/p>\n","protected":false},"excerpt":{"rendered":"<p>Ap\u00f3s seis semanas da vacina\u00e7\u00e3o em massa em Botucatu, estudo da Unesp junto \u00e0 prefeitura e ao Minist\u00e9rio da Sa\u00fade aponta que houve redu\u00e7\u00e3o de 71% dos casos de Covid-19 no munic\u00edpio. O imunizante contra o v\u00edrus usado foi o da AstraZeneca.\u00a0 A previs\u00e3o dos especialistas era de que a redu\u00e7\u00e3o de casos come\u00e7asse a [&hellip;]<\/p>\n","protected":false},"author":1,"featured_media":69064,"comment_status":"open","ping_status":"open","sticky":false,"template":"","format":"standard","meta":{"footnotes":""},"categories":[1],"tags":[],"class_list":["post-69162","post","type-post","status-publish","format-standard","has-post-thumbnail","hentry","category-curso-de-copy"],"_links":{"self":[{"href":"https:\/\/wiy.com.br\/noticias\/wp-json\/wp\/v2\/posts\/69162","targetHints":{"allow":["GET"]}}],"collection":[{"href":"https:\/\/wiy.com.br\/noticias\/wp-json\/wp\/v2\/posts"}],"about":[{"href":"https:\/\/wiy.com.br\/noticias\/wp-json\/wp\/v2\/types\/post"}],"author":[{"embeddable":true,"href":"https:\/\/wiy.com.br\/noticias\/wp-json\/wp\/v2\/users\/1"}],"replies":[{"embeddable":true,"href":"https:\/\/wiy.com.br\/noticias\/wp-json\/wp\/v2\/comments?post=69162"}],"version-history":[{"count":0,"href":"https:\/\/wiy.com.br\/noticias\/wp-json\/wp\/v2\/posts\/69162\/revisions"}],"wp:featuredmedia":[{"embeddable":true,"href":"https:\/\/wiy.com.br\/noticias\/wp-json\/wp\/v2\/media\/69064"}],"wp:attachment":[{"href":"https:\/\/wiy.com.br\/noticias\/wp-json\/wp\/v2\/media?parent=69162"}],"wp:term":[{"taxonomy":"category","embeddable":true,"href":"https:\/\/wiy.com.br\/noticias\/wp-json\/wp\/v2\/categories?post=69162"},{"taxonomy":"post_tag","embeddable":true,"href":"https:\/\/wiy.com.br\/noticias\/wp-json\/wp\/v2\/tags?post=69162"}],"curies":[{"name":"wp","href":"https:\/\/api.w.org\/{rel}","templated":true}]}}