{"id":69142,"date":"2023-02-26T15:15:46","date_gmt":"2023-02-26T18:15:46","guid":{"rendered":"https:\/\/wiy.com.br\/noticias\/queiroga-incentiva-segunda-dose-da-vacina-voces-devem-confiar\/"},"modified":"2021-06-27T11:05:14","modified_gmt":"2021-06-27T14:05:14","slug":"queiroga-incentiva-segunda-dose-da-vacina-voces-devem-confiar","status":"publish","type":"post","link":"https:\/\/wiy.com.br\/noticias\/queiroga-incentiva-segunda-dose-da-vacina-voces-devem-confiar\/","title":{"rendered":"Queiroga incentiva segunda dose da vacina: \u201cvoc\u00eas devem confiar\u201d"},"content":{"rendered":"<p> <br \/>\n<\/p>\n<p>Cerca de 4 milh\u00f5es de brasileiros j\u00e1 tomaram a primeira dose da vacina contra a<a rel=\"noreferrer noopener\" href=\"https:\/\/olhardigital.com.br\/tag\/covid-19\/\" target=\"_blank\"> Covid-19<\/a> e pensando em prezar pela sequencia da <a rel=\"noreferrer noopener\" href=\"https:\/\/olhardigital.com.br\/tag\/vacinacao\/\" target=\"_blank\">vacina\u00e7\u00e3o<\/a>, o ministro da Sa\u00fade, Marcelo Queiroga, convocou os brasileiros que j\u00e1 possuem o direito, s\u00f3 que ainda n\u00e3o tomaram a\u00a0segunda\u00a0dose da vacina contra o <a rel=\"noreferrer noopener\" href=\"https:\/\/olhardigital.com.br\/tag\/virus\/\" target=\"_blank\">v\u00edrus<\/a>, a procurarem um posto de sa\u00fade. <\/p>\n<p>&#8220;As vacinas s\u00e3o seguras e devem ser utilizadas\u201d, argumentou o ministro em entrevista ao programa&nbsp;<a href=\"https:\/\/tvbrasil.ebc.com.br\/brasilempauta\" target=\"_blank\" rel=\"noreferrer noopener\"><em>Brasil em Pauta<\/em><\/a>&nbsp;que vai ao ar neste&nbsp;domingo, \u00e0s 20h30. Al\u00e9m disso, ele afirmou que \u201cvoc\u00eas devem confiar nas vacinas\u201d.<img title = \"[Tags]\"alt = \"ebc Queiroga incentiva segunda dose da vacina: \u201cvoc\u00eas devem confiar\u201d\"decoding=\"async\" src=\"https:\/\/agenciabrasil.ebc.com.br\/ebc.png?id=1413915&amp;o=node\"><img title = \"[Tags]\"alt = \"ebc Queiroga incentiva segunda dose da vacina: \u201cvoc\u00eas devem confiar\u201d\"decoding=\"async\" src=\"https:\/\/agenciabrasil.ebc.com.br\/ebc.gif?id=1413915&amp;o=node\"><\/p>\n<p>No caso das pessoas estarem escolhendo o <a href=\"https:\/\/olhardigital.com.br\/tag\/imunizante\/\" target=\"_blank\" rel=\"noreferrer noopener\">imunizante<\/a>, Queiroga explicou que \u201cvacina boa&nbsp;\u00e9 a que est\u00e1 dispon\u00edvel no posto e \u00e9 aplicada em cada um dos brasileiros\u201d. Ele disse que todos os imunizantes dispon\u00edveis para vacina\u00e7\u00e3o no Brasil receberam o aval da <a href=\"https:\/\/olhardigital.com.br\/tag\/anvisa\/\" target=\"_blank\" rel=\"noreferrer noopener\">Anvisa<\/a> e, por isso s\u00e3o seguros e eficazes.<\/p>\n<p>At\u00e9 setembro de 2021, todos os brasileiros com idade acima de 18 anos&nbsp;ter\u00e3o tomado a primeira dose da vacina e a segunda dose, at\u00e9 dezembro. \u201cO Minist\u00e9rio da Sa\u00fade tem trabalhado fortemente para antecipar as doses de vacinas para fazer nossa campanha acelerar\u201d.  pontuou. <\/p>\n<p><strong>Leia mais:<\/strong><\/p>\n<ul>\n<li><a href=\"https:\/\/olhardigital.com.br\/2021\/06\/25\/coronavirus\/fiocruz-entrega-41-milhao-de-doses-de-vacinas-contra-a-covid-19\/\" target=\"_blank\" rel=\"noreferrer noopener\">Fiocruz entrega 4,1 milh\u00e3o de doses de vacinas contra a Covid-19<\/a><\/li>\n<li><a href=\"https:\/\/olhardigital.com.br\/2021\/06\/25\/coronavirus\/brasil-pode-atingir-211-mil-novas-mortes-por-covid-19-neste-ano-diz-estudo\/\" target=\"_blank\" rel=\"noreferrer noopener\">Brasil pode atingir 211 mil novas mortes por Covid-19 neste ano, diz estudo<\/a><\/li>\n<li><a href=\"https:\/\/olhardigital.com.br\/2021\/06\/25\/coronavirus\/mais-de-99-das-ultimas-mortes-por-covid-19-nos-eua-sao-de-pessoas-nao-vacinadas\/\" target=\"_blank\" rel=\"noreferrer noopener\">Mais de 99% das \u00faltimas mortes por Covid-19 nos EUA s\u00e3o de pessoas n\u00e3o vacinadas<\/a><\/li>\n<\/ul>\n<h2 id=\"h-vacina-para-gestantes\">Vacina para gestantes <\/h2>\n<p>Queiroga esclareceu sobre a vacina\u00e7\u00e3o de gestantes pelo Programa Nacional de Imuniza\u00e7\u00e3o (PNI), sendo que j\u00e1 foram aplicadas mais de 87 mil doses em gr\u00e1vidas em todo o Brasil. O Minist\u00e9rio da Sa\u00fade recomenda que se vacinem apenas as gestantes com comorbidades e adiantou que a pasta deve&nbsp;ter&nbsp;um posicionamento para a vacina\u00e7\u00e3o de gr\u00e1vidas sem comorbidades nas pr\u00f3ximas semanas.<\/p>\n<p>Segundo Queiroga,  as vacinas com o v\u00edrus inativo s\u00e3o seguras para as gestantes: \u201cHoje,&nbsp;a orienta\u00e7\u00e3o \u00e9 vacinar [as gr\u00e1vidas] com Pfizer e Coronavac\u201d. Atrav\u00e9s da Secretaria de Vigil\u00e2ncia, o PNI acompanha as gestantes que fazem o uso da vacina. As gr\u00e1vidas que tomaram a vacina da AstraZeneca antes da suspens\u00e3o poder\u00e3o tomar a&nbsp;segunda&nbsp;dose ap\u00f3s o puerp\u00e9rio, ou seja, 45 dias depois do nascimento do beb\u00ea.<\/p>\n<figure class=\"wp-block-image size-large\"><img title = \"[Tags]\"decoding=\"async\" loading=\"lazy\" width=\"700\" height=\"466\" src=\"https:\/\/img.olhardigital.com.br\/wp-content\/uploads\/2021\/06\/Gravida-vacina-02.jpg\"alt = \"ebc Queiroga incentiva segunda dose da vacina: \u201cvoc\u00eas devem confiar\u201d\" class=\"wp-image-206123\" \/><figcaption>Uma a cada cinco gestantes\/pu\u00e9rperas mortas por Covid-19 n\u00e3o teve acesso a UTI. Cr\u00e9ditos: Shutterstock<\/figcaption><\/figure>\n<h2 id=\"h-estrat-gia-para-vacina-o\">Estrat\u00e9gia para vacina\u00e7\u00e3o<\/h2>\n<p>Por fim, o ministro destacou as diversas estrat\u00e9gias que o governo brasileiro adotou para a aquisi\u00e7\u00e3o de vacinas. Por exemplo: <\/p>\n<ul>\n<li>A ades\u00e3o ao mecanismo Covax Facility; <\/li>\n<li>A parceria com&nbsp;farmac\u00eauticas do exterior como Pfizer e Janssen;<\/li>\n<li>O contrato firmado com o Instituto Butantan, que produz a CoronaVac; <\/li>\n<li>O mecanismo de transfer\u00eancia de tecnologia firmado entre a Fiocruz e a AstraZeneca. <\/li>\n<\/ul>\n<p>\u201cIsso resultou numa vacina segura, eficaz, efetiva e custo-efetiva, ent\u00e3o o pre\u00e7o da vacina \u00e9 bastante interessante, um pre\u00e7o menor que US$ 4 por dose\u201d, concluiu. <\/p>\n<p>Fonte: <a href=\"https:\/\/agenciabrasil.ebc.com.br\/saude\/noticia\/2021-06\/queiroga-convoca-brasileiros-tomar-segunda-dose-da-vacina\" target=\"_blank\" rel=\"noreferrer noopener\">Ag\u00eancia Brasil <\/a><\/p>\n<p>O post <a rel=\"nofollow\" href=\"https:\/\/olhardigital.com.br\/2021\/06\/27\/coronavirus\/queiroga-incentiva-segunda-dose-da-vacina-voces-devem-confiar\/\">Queiroga incentiva segunda dose da vacina: \u201cvoc\u00eas devem confiar&#8221;<\/a> apareceu primeiro em <a rel=\"nofollow\" href=\"https:\/\/olhardigital.com.br\">Olhar Digital<\/a>.<\/p>\n<p><br \/>\n<br \/><a href=\"https:\/\/olhardigital.com.br\/2021\/06\/27\/coronavirus\/queiroga-incentiva-segunda-dose-da-vacina-voces-devem-confiar\/\">Fonte do Artigo <\/a><br \/>\nTags:<\/p>\n<p><a href=\"https:\/\/wiy.com.br\/noticias\/categoria\/tecnologia\/\">#tecnologia<\/a> <a href=\"https:\/\/wiy.com.br\/noticias\/categoria\/tecnologia\/\">#tecnologias<\/a> <a href=\"https:\/\/wiy.com.br\/noticias\/categoria\/tecnologia\/\">#technology<\/a> <a href=\"https:\/\/wiy.com.br\/noticias\/categoria\/tecnologia\/\">#tecnolog<\/a> <a href=\"https:\/\/wiy.com.br\/noticias\/categoria\/tecnologia\/\">#iphone<\/a> <a href=\"https:\/\/wiy.com.br\/noticias\/categoria\/tecnologia\/\">#informatica<\/a> <a href=\"https:\/\/wiy.com.br\/noticias\/categoria\/tecnologia\/\">#tech<\/a> <a href=\"https:\/\/wiy.com.br\/noticias\/categoria\/tecnologia\/\">#design<\/a> <a href=\"https:\/\/wiy.com.br\/noticias\/categoria\/tecnologia\/\">#samsung<\/a> <a href=\"https:\/\/wiy.com.br\/noticias\/categoria\/tecnologia\/\">#internet<\/a> <a href=\"https:\/\/wiy.com.br\/noticias\/categoria\/tecnologia\/\">#apple<\/a> <a href=\"https:\/\/wiy.com.br\/noticias\/categoria\/tecnologia\/\">#smartphone<\/a> <a href=\"https:\/\/wiy.com.br\/noticias\/categoria\/tecnologia\/\">#seguranca<\/a> <a href=\"https:\/\/wiy.com.br\/noticias\/categoria\/tecnologia\/\">#venezuela<\/a> <a href=\"https:\/\/wiy.com.br\/noticias\/categoria\/tecnologia\/\">#celular<\/a> <a href=\"https:\/\/wiy.com.br\/noticias\/categoria\/tecnologia\/\">#celulares<\/a> <a href=\"https:\/\/wiy.com.br\/noticias\/categoria\/tecnologia\/\">#inovar<\/a> <a href=\"https:\/\/wiy.com.br\/noticias\/categoria\/tecnologia\/\">#qualidade<\/a> <a href=\"https:\/\/wiy.com.br\/noticias\/categoria\/tecnologia\/\">#software<\/a> <a href=\"https:\/\/wiy.com.br\/noticias\/categoria\/tecnologia\/\">#empresas<\/a> <a href=\"https:\/\/wiy.com.br\/noticias\/categoria\/tecnologia\/\">#cursos<\/a> <a href=\"https:\/\/wiy.com.br\/noticias\/categoria\/tecnologia\/\">#engenharia<\/a> <a href=\"https:\/\/wiy.com.br\/noticias\/categoria\/tecnologia\/\">#industria<\/a> <a href=\"https:\/\/wiy.com.br\/noticias\/categoria\/tecnologia\/\">#marketing<\/a> <a href=\"https:\/\/wiy.com.br\/noticias\/categoria\/tecnologia\/\">#ti<\/a> <a href=\"https:\/\/wiy.com.br\/noticias\/categoria\/tecnologia\/\">#tecnoblog<\/a> <a href=\"https:\/\/wiy.com.br\/noticias\/categoria\/tecnologia\/\">#veja<\/a> <a href=\"https:\/\/wiy.com.br\/noticias\/categoria\/tecnologia\/\">#olhardigital<\/a> <a href=\"https:\/\/wiy.com.br\/noticias\/categoria\/tecnologia\/\">#mundodigital<\/a> <a href=\"https:\/\/wiy.com.br\/noticias\/categoria\/tecnologia\/\">#inteligenciaartificial<\/a> <a href=\"https:\/\/wiy.com.br\/criacao-de-sites\/\">#criar site<\/a> <a href=\"https:\/\/wiy.com.br\/criacao-de-sites\/\">#criar site curitiba<\/a> <a href=\"https:\/\/wiy.com.br\/criacao-de-sites\/\">#wiysolutions<\/a><\/p>\n","protected":false},"excerpt":{"rendered":"<p>Cerca de 4 milh\u00f5es de brasileiros j\u00e1 tomaram a primeira dose da vacina contra a Covid-19 e pensando em prezar pela sequencia da vacina\u00e7\u00e3o, o ministro da Sa\u00fade, Marcelo Queiroga, convocou os brasileiros que j\u00e1 possuem o direito, s\u00f3 que ainda n\u00e3o tomaram a\u00a0segunda\u00a0dose da vacina contra o v\u00edrus, a procurarem um posto de sa\u00fade. [&hellip;]<\/p>\n","protected":false},"author":1,"featured_media":69143,"comment_status":"open","ping_status":"open","sticky":false,"template":"","format":"standard","meta":{"footnotes":""},"categories":[5],"tags":[],"class_list":["post-69142","post","type-post","status-publish","format-standard","has-post-thumbnail","hentry","category-tecnologia"],"_links":{"self":[{"href":"https:\/\/wiy.com.br\/noticias\/wp-json\/wp\/v2\/posts\/69142","targetHints":{"allow":["GET"]}}],"collection":[{"href":"https:\/\/wiy.com.br\/noticias\/wp-json\/wp\/v2\/posts"}],"about":[{"href":"https:\/\/wiy.com.br\/noticias\/wp-json\/wp\/v2\/types\/post"}],"author":[{"embeddable":true,"href":"https:\/\/wiy.com.br\/noticias\/wp-json\/wp\/v2\/users\/1"}],"replies":[{"embeddable":true,"href":"https:\/\/wiy.com.br\/noticias\/wp-json\/wp\/v2\/comments?post=69142"}],"version-history":[{"count":0,"href":"https:\/\/wiy.com.br\/noticias\/wp-json\/wp\/v2\/posts\/69142\/revisions"}],"wp:featuredmedia":[{"embeddable":true,"href":"https:\/\/wiy.com.br\/noticias\/wp-json\/wp\/v2\/media\/69143"}],"wp:attachment":[{"href":"https:\/\/wiy.com.br\/noticias\/wp-json\/wp\/v2\/media?parent=69142"}],"wp:term":[{"taxonomy":"category","embeddable":true,"href":"https:\/\/wiy.com.br\/noticias\/wp-json\/wp\/v2\/categories?post=69142"},{"taxonomy":"post_tag","embeddable":true,"href":"https:\/\/wiy.com.br\/noticias\/wp-json\/wp\/v2\/tags?post=69142"}],"curies":[{"name":"wp","href":"https:\/\/api.w.org\/{rel}","templated":true}]}}