{"id":69108,"date":"2023-02-26T15:49:38","date_gmt":"2023-02-26T18:49:38","guid":{"rendered":"https:\/\/wiy.com.br\/noticias\/bebe-de-cinco-meses-morre-em-creche-particular\/"},"modified":"2021-06-24T19:05:09","modified_gmt":"2021-06-24T22:05:09","slug":"bebe-de-cinco-meses-morre-em-creche-particular","status":"publish","type":"post","link":"https:\/\/wiy.com.br\/noticias\/bebe-de-cinco-meses-morre-em-creche-particular\/","title":{"rendered":"Beb\u00ea de cinco meses morre em creche particular"},"content":{"rendered":"<p> <br \/>\n<\/p>\n<p>Uma <strong>beb\u00ea<\/strong> de <strong>cinco meses<\/strong> de idade <strong>morreu<\/strong> em uma <strong>creche<\/strong> particular localizada na cidade de<strong> Itapecerica da Serra<\/strong>, na Grande S\u00e3o Paulo. O caso ocorreu na manh\u00e3 de quarta-feira (23) e foi registrado como &#8220;morte suspeita&#8221;. As informa\u00e7\u00f5es s\u00e3o do <em>G1<\/em>.<\/p>\n<p>O pai da crian\u00e7a, Claudimar Jos\u00e9 dos Santos, disse que deixou a pequena Ana Beatriz Pires na creche \u00e0s 6h20. Tr\u00eas horas depois, recebeu uma liga\u00e7\u00e3o que afirmava que sua filha morreu. De acordo com o <em>G1<\/em>, a declara\u00e7\u00e3o de \u00f3bito apontou um edema pulmonar, mas a fam\u00edlia nega que a beb\u00ea tinha problemas de sa\u00fade.<\/p>\n<p>Um boletim de ocorr\u00eancia foi registrado no 1\u00ba DP de Itapecerica da Serra: a delegacia registrou o caso como &#8220;morte suspeita&#8221;. Exames periciais foram solicitados para identificar as causas da morte.<\/p>\n<p>A respons\u00e1vel pela Escolinha Cris\u00e2ntemos n\u00e3o se pronunciou. De acordo com a prefeitura de Itapecerica da Serra, a creche estava em <strong>situa\u00e7\u00e3o irregular<\/strong> e a secretaria de Educa\u00e7\u00e3o da cidade tentou &#8220;todos os meios cab\u00edveis e legais para interromper as atividades na institui\u00e7\u00e3o&#8221;.<\/p>\n<p>O estabelecimento foi autuado por n\u00e3o apresentar &#8220;condi\u00e7\u00f5es de seguran\u00e7a para a perman\u00eancia [de crian\u00e7as] no local&#8221;. A creche tamb\u00e9m foi classificada como &#8220;insalubre&#8221; pela prefeitura.<\/p>\n<p>De acordo com o <em>G1<\/em>, um boletim de ocorr\u00eancia em 2020 foi registrado relatando &#8220;les\u00e3o corporal&#8221; na Escolinha. Em relato para a reportagem do site, pais afirmaram que perceberam sinais de maus-tratos nos seus filhos, ap\u00f3s per\u00edodos na creche.<\/p>\n<p>Sob anonimato, um pai afirmou que sua filha de dois anos de idade chegou em casa com hematomas nos olhos, arranh\u00f5es no rosto e uma mancha roxa ap\u00f3s per\u00edodo no endere\u00e7o. Ele afirma que pediu as imagens das c\u00e2meras de seguran\u00e7a para a administra\u00e7\u00e3o da Escolinha, mas o acesso foi negado.<\/p>\n<div id=\"relacionadas\" class=\"block related-posts three_columns\">\n<ul class=\"block-menu\">\n<li data-tab=\"tab-1\" class=\"active\">Relacionadas<\/li>\n<\/ul>\n<div id=\"tab-1\" class=\"block-content active\">\n<div class=\"row\">\n<li class=\"widget-news-item without-thumb with-border\">\n<div class=\"widget-news-info\"><a href=\"http:\/\/vejasp.abril.com.br\/cidades\">Cidades<\/a><span class=\"widget-news-item-title\"><a href=\"https:\/\/vejasp.abril.com.br\/cidades\/capa-parque-ibirapuera\/\">Sob gest\u00e3o privada, Parque Ibirapuera ganha melhorias e novos problemas<\/a><\/span><span class=\"widget-news-item-date\">17 jun 2021 &#8211; 22h06<\/span><\/div>\n<\/li>\n<\/div>\n<\/div>\n<\/div>\n<p>&nbsp;<\/p>\n<div id=\"mais_lidas\" class=\"block related-posts mais-lidas\">\n<ul class=\"block-menu\">\n<li data-tab=\"tab-1\" class=\"active\">Mais lidas<\/li>\n<\/ul>\n<div id=\"tab-1\" class=\"block-content active\">\n<div class=\"row\">\n<div class=\"col-s-12 col-l-3\"><a href=\"https:\/\/vejasp.abril.com.br\/blog\/pop\/o-que-e-cringe\/\" class=\"card\"><span class=\"category hide-s\">Cultura &amp; Lazer<\/span><img title = \"[Tags]\"data-src=\"https:\/\/vejasp.abril.com.br\/wp-content\/uploads\/2021\/06\/Montagem-Cringe.jpg?quality=70&amp;strip=info&amp;crop=58px%2C0px%2C614px%2C418px&amp;resize=680%2C453\"alt = \"Montagem-Cringe Beb\u00ea de cinco meses morre em creche particular\" class=\"lazyload media\"><span class=\"category hide-l\">Cultura &amp; Lazer<\/span><span class=\"title\">O que \u00e9 cringe? Saiba o que significa e por que a express\u00e3o viralizou<\/span><\/a><\/div>\n<div class=\"col-s-12 col-l-3\"><a href=\"https:\/\/vejasp.abril.com.br\/blog\/pop\/video-christiane-pelajo-revoltando-equipe\/\" class=\"card\"><span class=\"category hide-s\">Cultura &amp; Lazer<\/span><img title = \"[Tags]\"data-src=\"https:\/\/vejasp.abril.com.br\/wp-content\/uploads\/2021\/06\/Chstiane-Pelejo-.jpg?quality=70&amp;strip=info&amp;w=680&amp;h=453&amp;crop=1\"alt = \"Montagem-Cringe Beb\u00ea de cinco meses morre em creche particular\" class=\"lazyload media\"><span class=\"category hide-l\">Cultura &amp; Lazer<\/span><span class=\"title\">V\u00eddeo mostra Christiane Pelajo dando bronca em equipe durante jornal<\/span><\/a><\/div>\n<div class=\"col-s-12 col-l-3\"><a href=\"https:\/\/vejasp.abril.com.br\/cidades\/drauzio-varella-e-globo-sao-condenados-a-indenizar-pai-apos-entrevista\/\" class=\"card\"><span class=\"category hide-s\">Cidades<\/span><img title = \"[Tags]\"data-src=\"https:\/\/vejasp.abril.com.br\/wp-content\/uploads\/2020\/03\/drauzio.jpg?quality=70&amp;strip=info&amp;w=600&amp;h=400&amp;crop=1\"alt = \"Montagem-Cringe Beb\u00ea de cinco meses morre em creche particular\" class=\"lazyload media\"><span class=\"category hide-l\">Cidades<\/span><span class=\"title\">Drauzio Varella e Globo s\u00e3o condenados a indenizar pai ap\u00f3s entrevista<\/span><\/a><\/div>\n<div class=\"col-s-12 col-l-3\"><a href=\"https:\/\/vejasp.abril.com.br\/saude\/luciano-szafir-sasha-meneghel-coronavirus\/\" class=\"card\"><span class=\"category hide-s\">Sa\u00fade<\/span><img title = \"[Tags]\"data-src=\"https:\/\/vejasp.abril.com.br\/wp-content\/uploads\/2021\/06\/szafir.jpg?quality=70&amp;strip=info&amp;w=600&amp;h=400&amp;crop=1\"alt = \"Montagem-Cringe Beb\u00ea de cinco meses morre em creche particular\" class=\"lazyload media\"><span class=\"category hide-l\">Sa\u00fade<\/span><span class=\"title\">Luciano Szafir, pai de Sasha Meneghel, \u00e9 internado ap\u00f3s reinfec\u00e7\u00e3o por Covid-19<\/span><\/a><\/div>\n<\/div>\n<\/div>\n<\/div>\n<div id=\"leia_mais\" class=\"block related-posts leia-mais\">\n<ul class=\"block-menu\">\n<li data-tab=\"tab-1\" class=\"active\">Leia mais<\/li>\n<\/ul>\n<div id=\"tab-1\" class=\"block-content active\">\n<div class=\"row\">\n<div class=\"col-s-12 col-l-3\"><a href=\"https:\/\/vejasp.abril.com.br\/cidades\/blitze-encerra-festa-com-mais-de-300-pessoas-na-zona-leste-de-sao-paulo\/\" class=\"card\"><span class=\"category hide-s\">Cidades<\/span><img title = \"[Tags]\"data-src=\"https:\/\/vejasp.abril.com.br\/wp-content\/uploads\/2021\/06\/Design-sem-nome-82.png?w=680&amp;h=453&amp;crop=1\"alt = \"Montagem-Cringe Beb\u00ea de cinco meses morre em creche particular\" class=\"lazyload media\"><span class=\"category hide-l\">Cidades<\/span><span class=\"title\">Comit\u00ea de Blitze encerra festa com mais de 300 pessoas na Zona Leste de S\u00e3o Paulo<\/span><\/a><\/div>\n<div class=\"col-s-12 col-l-3\"><a href=\"https:\/\/vejasp.abril.com.br\/cidades\/mae-de-faustao-cordelia-silva-morre-aos-95-anos\/\" class=\"card\"><span class=\"category hide-s\">Cidades<\/span><img title = \"[Tags]\"data-src=\"https:\/\/vejasp.abril.com.br\/wp-content\/uploads\/2021\/06\/Design-sem-nome-95.png?w=680&amp;h=453&amp;crop=1\"alt = \"Montagem-Cringe Beb\u00ea de cinco meses morre em creche particular\" class=\"lazyload media\"><span class=\"category hide-l\">Cidades<\/span><span class=\"title\">M\u00e3e de Faust\u00e3o, Cord\u00e9lia Silva morre aos 95 anos<\/span><\/a><\/div>\n<div class=\"col-s-12 col-l-3\"><a href=\"https:\/\/vejasp.abril.com.br\/cidades\/mulher-teria-se-disfarcado-de-moradora-de-rua-para-roubar-pedestre\/\" class=\"card\"><span class=\"category hide-s\">Cidades<\/span><img title = \"[Tags]\"data-src=\"https:\/\/vejasp.abril.com.br\/wp-content\/uploads\/2021\/06\/Design-sem-nome-94.png?w=680&amp;h=453&amp;crop=1\"alt = \"Montagem-Cringe Beb\u00ea de cinco meses morre em creche particular\" class=\"lazyload media\"><span class=\"category hide-l\">Cidades<\/span><span class=\"title\">Mulher teria se disfar\u00e7ado de moradora de rua para roubar pedestre em Higien\u00f3polis<\/span><\/a><\/div>\n<div class=\"col-s-12 col-l-3\"><a href=\"https:\/\/vejasp.abril.com.br\/cidades\/aposta-feita-em-pinheiros-acerta-6-dezenas-da-mega-e-ganha-r-27-milhoes\/\" class=\"card\"><span class=\"category hide-s\">Cidades<\/span><img title = \"[Tags]\"data-src=\"https:\/\/vejasp.abril.com.br\/wp-content\/uploads\/2020\/04\/mega-sena-marello-casal-jr..jpg?quality=70&amp;strip=info&amp;w=680&amp;h=453&amp;crop=1\"alt = \"Montagem-Cringe Beb\u00ea de cinco meses morre em creche particular\" class=\"lazyload media\"><span class=\"category hide-l\">Cidades<\/span><span class=\"title\">Aposta feita em Pinheiros acerta 6 dezenas da Mega e ganha R$ 2,7 milh\u00f5es<\/span><\/a><\/div>\n<\/div>\n<\/div>\n<\/div>\n<p><br \/>\n<br \/><a href=\"https:\/\/vejasp.abril.com.br\/cidades\/bebe-cinco-meses-morre-creche-particular\/\">Fonte do Artigo <\/a><br \/>\nTags:<br \/>\n#loterias #loteriascaixa #megasena #resultadoapostas#noticias #noticiario  #noticia #brasil #noticiascolombia #mundo #esporte #colombia #noticiadeld #ltimasnoticias  #noticiario #noticiasregionales #noticiasdepartamentales #noticiashoy #esportes #noticiaahora #elinformantenoticias #noticiasdeboyac  #esporteinterativo #esportivo #diariodosesportes  #noticiero  #jogodefutebol #jogos #loto #apostas<\/p>\n","protected":false},"excerpt":{"rendered":"<p>Uma beb\u00ea de cinco meses de idade morreu em uma creche particular localizada na cidade de Itapecerica da Serra, na Grande S\u00e3o Paulo. O caso ocorreu na manh\u00e3 de quarta-feira (23) e foi registrado como &#8220;morte suspeita&#8221;. As informa\u00e7\u00f5es s\u00e3o do G1. O pai da crian\u00e7a, Claudimar Jos\u00e9 dos Santos, disse que deixou a pequena [&hellip;]<\/p>\n","protected":false},"author":1,"featured_media":69109,"comment_status":"open","ping_status":"open","sticky":false,"template":"","format":"standard","meta":{"footnotes":""},"categories":[1],"tags":[],"class_list":["post-69108","post","type-post","status-publish","format-standard","has-post-thumbnail","hentry","category-curso-de-copy"],"_links":{"self":[{"href":"https:\/\/wiy.com.br\/noticias\/wp-json\/wp\/v2\/posts\/69108","targetHints":{"allow":["GET"]}}],"collection":[{"href":"https:\/\/wiy.com.br\/noticias\/wp-json\/wp\/v2\/posts"}],"about":[{"href":"https:\/\/wiy.com.br\/noticias\/wp-json\/wp\/v2\/types\/post"}],"author":[{"embeddable":true,"href":"https:\/\/wiy.com.br\/noticias\/wp-json\/wp\/v2\/users\/1"}],"replies":[{"embeddable":true,"href":"https:\/\/wiy.com.br\/noticias\/wp-json\/wp\/v2\/comments?post=69108"}],"version-history":[{"count":0,"href":"https:\/\/wiy.com.br\/noticias\/wp-json\/wp\/v2\/posts\/69108\/revisions"}],"wp:featuredmedia":[{"embeddable":true,"href":"https:\/\/wiy.com.br\/noticias\/wp-json\/wp\/v2\/media\/69109"}],"wp:attachment":[{"href":"https:\/\/wiy.com.br\/noticias\/wp-json\/wp\/v2\/media?parent=69108"}],"wp:term":[{"taxonomy":"category","embeddable":true,"href":"https:\/\/wiy.com.br\/noticias\/wp-json\/wp\/v2\/categories?post=69108"},{"taxonomy":"post_tag","embeddable":true,"href":"https:\/\/wiy.com.br\/noticias\/wp-json\/wp\/v2\/tags?post=69108"}],"curies":[{"name":"wp","href":"https:\/\/api.w.org\/{rel}","templated":true}]}}