{"id":69059,"date":"2023-02-26T15:47:41","date_gmt":"2023-02-26T18:47:41","guid":{"rendered":"https:\/\/wiy.com.br\/noticias\/jornalistas-da-cnn-sofrem-acidente-de-carro-em-sp\/"},"modified":"2021-06-21T00:05:09","modified_gmt":"2021-06-21T03:05:09","slug":"jornalistas-da-cnn-sofrem-acidente-de-carro-em-sp","status":"publish","type":"post","link":"https:\/\/wiy.com.br\/noticias\/jornalistas-da-cnn-sofrem-acidente-de-carro-em-sp\/","title":{"rendered":"Jornalistas da CNN sofrem acidente de carro em SP"},"content":{"rendered":"<p> <br \/>\n<\/p>\n<p><strong>Renan Fiuza<\/strong> e <strong>Iara Oliveira,<\/strong>\u00a0jornalistas da\u00a0<strong>CNN Brasil<\/strong>, sofreram um acidente de carro na madrugada deste domingo (20). O ve\u00edculo em que os dois estavam colidiu em um caminh\u00e3o nas proximidades da Avenida Rebou\u00e7as e a Rua Oscar Freire, em S\u00e3o Paulo, de acordo com o corpo de bombeiros. A informa\u00e7\u00e3o foi confirmada pela assessoria da emissora.<span>\u00a0<\/span><\/p>\n<p>&#8220;Os jornalistas Iara Oliveira e Renan Fiuza, da CNN Brasil, sofreram um acidente de tr\u00e2nsito na madrugada deste domingo, fora do hor\u00e1rio de trabalho&#8221;, informou a assessoria.<\/p>\n<p><span>A CNN Brasil tamb\u00e9m afirmou que Renan foi levado para o hospital Nove de Julho, onde est\u00e1 internado, e passar\u00e1 por uma cirurgia no punho.<\/span><\/p>\n<p><span>A <\/span><span>rep\u00f3rter Iara passa bem.<\/span><\/p>\n<div id=\"mais_lidas\" class=\"block related-posts mais-lidas\">\n<ul class=\"block-menu\">\n<li data-tab=\"tab-1\" class=\"active\">Mais lidas<\/li>\n<\/ul>\n<div id=\"tab-1\" class=\"block-content active\">\n<div class=\"row\">\n<div class=\"col-s-12 col-l-3\"><a href=\"https:\/\/vejasp.abril.com.br\/cidades\/historia-macabra-lazaro-sousa-serial-killer-df-go\/\" class=\"card\"><span class=\"category hide-s\">Cidades<\/span><img title = \"[Tags]\"data-src=\"https:\/\/vejasp.abril.com.br\/wp-content\/uploads\/2021\/06\/csm_lazaro_b_63f80b9a04.jpg?quality=70&amp;strip=info&amp;w=420&amp;h=262&amp;crop=1\"alt = \"csm_lazaro_b_63f80b9a04 Jornalistas da CNN sofrem acidente de carro em SP\" class=\"lazyload media\"><span class=\"category hide-l\">Cidades<\/span><span class=\"title\">A hist\u00f3ria macabra de L\u00e1zaro, serial killer que mobiliza 300 policiais<\/span><\/a><\/div>\n<div class=\"col-s-12 col-l-3\"><a href=\"https:\/\/vejasp.abril.com.br\/cidades\/capa-parque-ibirapuera\/\" class=\"card\"><span class=\"category hide-s\">Cidades<\/span><img title = \"[Tags]\"data-src=\"https:\/\/vejasp.abril.com.br\/wp-content\/uploads\/2021\/06\/Capa-Parque-Ibirapuera.jpg?quality=70&amp;strip=info&amp;w=680&amp;h=453&amp;crop=1\"alt = \"csm_lazaro_b_63f80b9a04 Jornalistas da CNN sofrem acidente de carro em SP\" class=\"lazyload media\"><span class=\"category hide-l\">Cidades<\/span><span class=\"title\">Sob gest\u00e3o privada, Parque Ibirapuera ganha melhorias e novos problemas<\/span><\/a><\/div>\n<div class=\"col-s-12 col-l-3\"><a href=\"https:\/\/vejasp.abril.com.br\/blog\/pop\/motivos-saida-precoce-faustao-globo\/\" class=\"card\"><span class=\"category hide-s\">Cultura &amp; Lazer<\/span><img title = \"[Tags]\"data-src=\"https:\/\/vejasp.abril.com.br\/wp-content\/uploads\/2019\/11\/faustao.jpg?quality=70&amp;strip=info&amp;w=680&amp;h=453&amp;crop=1\"alt = \"csm_lazaro_b_63f80b9a04 Jornalistas da CNN sofrem acidente de carro em SP\" class=\"lazyload media\"><span class=\"category hide-l\">Cultura &amp; Lazer<\/span><span class=\"title\">O que levou Faust\u00e3o e Globo a romperem de forma t\u00e3o repentina?<\/span><\/a><\/div>\n<div class=\"col-s-12 col-l-3\"><a href=\"https:\/\/vejasp.abril.com.br\/cidades\/enteada-de-marcos-oliver-soube-pela-portaria-que-irmao\/\" class=\"card\"><span class=\"category hide-s\">Cidades<\/span><img title = \"[Tags]\"data-src=\"https:\/\/vejasp.abril.com.br\/wp-content\/uploads\/2021\/06\/oliver1.jpg?quality=70&amp;strip=info&amp;w=680&amp;h=453&amp;crop=1\"alt = \"csm_lazaro_b_63f80b9a04 Jornalistas da CNN sofrem acidente de carro em SP\" class=\"lazyload media\"><span class=\"category hide-l\">Cidades<\/span><span class=\"title\">Enteada de Marcos Oliver soube pela portaria que irm\u00e3o tinha ca\u00eddo de pr\u00e9dio<\/span><\/a><\/div>\n<\/div>\n<\/div>\n<\/div>\n<div id=\"leia_mais\" class=\"block related-posts leia-mais\">\n<ul class=\"block-menu\">\n<li data-tab=\"tab-1\" class=\"active\">Leia mais<\/li>\n<\/ul>\n<div id=\"tab-1\" class=\"block-content active\">\n<div class=\"row\">\n<div class=\"col-s-12 col-l-3\"><a href=\"https:\/\/vejasp.abril.com.br\/cidades\/azulejo-desencaixado-leva-policia-a-descobrir-laboratorio-de-cocaina-em-sp\/\" class=\"card\"><span class=\"category hide-s\">Cidades<\/span><img title = \"[Tags]\"data-src=\"https:\/\/vejasp.abril.com.br\/wp-content\/uploads\/2021\/06\/162413880660ce6436eaf0a_1624138806_3x2_md.jpg?quality=70&amp;strip=info&amp;w=680&amp;h=453&amp;crop=1\"alt = \"csm_lazaro_b_63f80b9a04 Jornalistas da CNN sofrem acidente de carro em SP\" class=\"lazyload media\"><span class=\"category hide-l\">Cidades<\/span><span class=\"title\">Azulejo desencaixado leva pol\u00edcia a descobrir laborat\u00f3rio de coca\u00edna em SP<\/span><\/a><\/div>\n<div class=\"col-s-12 col-l-3\"><a href=\"https:\/\/vejasp.abril.com.br\/cidades\/drive-thrus-e-megapostos-de-vacinacao-fecham-nesta-segunda-21\/\" class=\"card\"><span class=\"category hide-s\">Cidades<\/span><img title = \"[Tags]\"data-src=\"https:\/\/vejasp.abril.com.br\/wp-content\/uploads\/2021\/02\/vacina-jundiai.jpg?quality=70&amp;strip=info&amp;w=680&amp;h=453&amp;crop=1\"alt = \"csm_lazaro_b_63f80b9a04 Jornalistas da CNN sofrem acidente de carro em SP\" class=\"lazyload media\"><span class=\"category hide-l\">Cidades<\/span><span class=\"title\">Drive-thrus e megapostos de vacina\u00e7\u00e3o fecham nesta segunda (21) e ter\u00e7a-feira (22)<\/span><\/a><\/div>\n<div class=\"col-s-12 col-l-3\"><a href=\"https:\/\/vejasp.abril.com.br\/cidades\/veja-como-fica-o-clima-neste-domingo-20\/\" class=\"card\"><span class=\"category hide-s\">Cidades<\/span><img title = \"[Tags]\"data-src=\"https:\/\/vejasp.abril.com.br\/wp-content\/uploads\/2020\/11\/1971_visitantes-no-parque-da-aclimacao.jpeg?quality=70&amp;strip=info&amp;w=680&amp;h=453&amp;crop=1\"alt = \"csm_lazaro_b_63f80b9a04 Jornalistas da CNN sofrem acidente de carro em SP\" class=\"lazyload media\"><span class=\"category hide-l\">Cidades<\/span><span class=\"title\">Veja como fica o clima neste domingo (20)<\/span><\/a><\/div>\n<div class=\"col-s-12 col-l-3\"><a href=\"https:\/\/vejasp.abril.com.br\/cidades\/mega-sena-apostador-de-sp-ganha-o-premio-de-r-7-milhoes\/\" class=\"card\"><span class=\"category hide-s\">Cidades<\/span><img title = \"[Tags]\"data-src=\"https:\/\/vejasp.abril.com.br\/wp-content\/uploads\/2020\/05\/mega-sena-marcello-casal-jr.-agc3aancia-brasil.jpg?quality=70&amp;strip=info&amp;w=680&amp;h=453&amp;crop=1\"alt = \"csm_lazaro_b_63f80b9a04 Jornalistas da CNN sofrem acidente de carro em SP\" class=\"lazyload media\"><span class=\"category hide-l\">Cidades<\/span><span class=\"title\">Mega-Sena: apostador de SP ganha o pr\u00eamio de  R$ 7 milh\u00f5es<\/span><\/a><\/div>\n<\/div>\n<\/div>\n<\/div>\n<p><br \/>\n<br \/><a href=\"https:\/\/vejasp.abril.com.br\/cidades\/jornalistas-da-cnn-sofrem-acidente-de-carro-em-sp\/\">Fonte do Artigo <\/a><br \/>\nTags:<br \/>\n#loterias #loteriascaixa #megasena #resultadoapostas#noticias #noticiario  #noticia #brasil #noticiascolombia #mundo #esporte #colombia #noticiadeld #ltimasnoticias  #noticiario #noticiasregionales #noticiasdepartamentales #noticiashoy #esportes #noticiaahora #elinformantenoticias #noticiasdeboyac  #esporteinterativo #esportivo #diariodosesportes  #noticiero  #jogodefutebol #jogos #loto #apostas<\/p>\n","protected":false},"excerpt":{"rendered":"<p>Renan Fiuza e Iara Oliveira,\u00a0jornalistas da\u00a0CNN Brasil, sofreram um acidente de carro na madrugada deste domingo (20). O ve\u00edculo em que os dois estavam colidiu em um caminh\u00e3o nas proximidades da Avenida Rebou\u00e7as e a Rua Oscar Freire, em S\u00e3o Paulo, de acordo com o corpo de bombeiros. A informa\u00e7\u00e3o foi confirmada pela assessoria da [&hellip;]<\/p>\n","protected":false},"author":1,"featured_media":69060,"comment_status":"open","ping_status":"open","sticky":false,"template":"","format":"standard","meta":{"footnotes":""},"categories":[1],"tags":[],"class_list":["post-69059","post","type-post","status-publish","format-standard","has-post-thumbnail","hentry","category-curso-de-copy"],"_links":{"self":[{"href":"https:\/\/wiy.com.br\/noticias\/wp-json\/wp\/v2\/posts\/69059","targetHints":{"allow":["GET"]}}],"collection":[{"href":"https:\/\/wiy.com.br\/noticias\/wp-json\/wp\/v2\/posts"}],"about":[{"href":"https:\/\/wiy.com.br\/noticias\/wp-json\/wp\/v2\/types\/post"}],"author":[{"embeddable":true,"href":"https:\/\/wiy.com.br\/noticias\/wp-json\/wp\/v2\/users\/1"}],"replies":[{"embeddable":true,"href":"https:\/\/wiy.com.br\/noticias\/wp-json\/wp\/v2\/comments?post=69059"}],"version-history":[{"count":0,"href":"https:\/\/wiy.com.br\/noticias\/wp-json\/wp\/v2\/posts\/69059\/revisions"}],"wp:featuredmedia":[{"embeddable":true,"href":"https:\/\/wiy.com.br\/noticias\/wp-json\/wp\/v2\/media\/69060"}],"wp:attachment":[{"href":"https:\/\/wiy.com.br\/noticias\/wp-json\/wp\/v2\/media?parent=69059"}],"wp:term":[{"taxonomy":"category","embeddable":true,"href":"https:\/\/wiy.com.br\/noticias\/wp-json\/wp\/v2\/categories?post=69059"},{"taxonomy":"post_tag","embeddable":true,"href":"https:\/\/wiy.com.br\/noticias\/wp-json\/wp\/v2\/tags?post=69059"}],"curies":[{"name":"wp","href":"https:\/\/api.w.org\/{rel}","templated":true}]}}