{"id":69043,"date":"2023-02-26T15:40:13","date_gmt":"2023-02-26T18:40:13","guid":{"rendered":"https:\/\/wiy.com.br\/noticias\/lista-dez-filmes-imperdiveis-para-celebrar-o-dia-do-cinema-nacional\/"},"modified":"2021-06-19T14:05:11","modified_gmt":"2021-06-19T17:05:11","slug":"lista-dez-filmes-imperdiveis-para-celebrar-o-dia-do-cinema-nacional","status":"publish","type":"post","link":"https:\/\/wiy.com.br\/noticias\/lista-dez-filmes-imperdiveis-para-celebrar-o-dia-do-cinema-nacional\/","title":{"rendered":"Lista: dez filmes imperd\u00edveis para celebrar o Dia do Cinema Nacional"},"content":{"rendered":"<p> <br \/>\n<\/p>\n<p>Em 19 de junho de 1898, o \u00edtalo-brasileiro Afonso Segreto registrou as primeiras <a href=\"https:\/\/olhardigital.com.br\/editorias\/cinema-e-streaming\/\" target=\"_blank\" rel=\"noreferrer noopener\">imagens em movimento<\/a> no Brasil. O pioneiro filmou sua chegada de navio \u00e0 Ba\u00eda de Guanabara e o material foi considerado um marco no <a href=\"https:\/\/olhardigital.com.br\/2021\/03\/22\/cinema-e-streaming\/profissionais-audiovisual-brasileiro-auxilio-fundo-amazon-saiba-como\/\" target=\"_blank\" rel=\"noreferrer noopener\">audiovisual brasileiro<\/a> e data virou o Dia do Cinema Nacional. Aproveitando a efem\u00e9ride, selecionamos dez filmes nacionais feitos na \u00faltima d\u00e9cada que est\u00e3o dispon\u00edveis nas principais plataformas de <a href=\"https:\/\/www.google.com\/url?sa=t&amp;rct=j&amp;q=&amp;esrc=s&amp;source=web&amp;cd=&amp;cad=rja&amp;uact=8&amp;ved=2ahUKEwj7yr3k7KHxAhV0qZUCHY2wAOcQFjACegQIBRAE&amp;url=https%3A%2F%2Folhardigital.com.br%2F2021%2F03%2F24%2Fvideos%2Fstreaming-de-graca-dica-do-dia-mostra-onde-achar-bons-filmes-e-seriados-sem-colocar-a-mao-no-bolso%2F&amp;usg=AOvVaw23OQCLom9w5H5m_slB-dtX\" target=\"_blank\" rel=\"noreferrer noopener\">streaming<\/a>. <\/p>\n<p><strong>Leia mais: <\/strong><\/p>\n<ul>\n<li><a href=\"https:\/\/olhardigital.com.br\/2021\/03\/18\/cinema-e-streaming\/sem-piratear-veja-opcoes-de-sites-para-assistir-a-filmes-online-gratis\/\" target=\"_blank\" rel=\"noreferrer noopener\">Sem piratear: veja op\u00e7\u00f5es de sites para assistir a filmes on-line gr\u00e1tis<\/a><\/li>\n<li><a href=\"https:\/\/olhardigital.com.br\/2021\/04\/28\/cinema-e-streaming\/warner-filmes-no-brasil\/\" target=\"_blank\" rel=\"noreferrer noopener\">WarnerMedia anuncia planos para a produ\u00e7\u00e3o de cinco filmes no Brasil<\/a><\/li>\n<li><a href=\"https:\/\/olhardigital.com.br\/2021\/03\/17\/dicas-e-tutoriais\/melhor-que-netflix-veja-10-opcoes-de-plataformas-para-assistir-a-filmes-online\/\" target=\"_blank\" rel=\"noreferrer noopener\">Melhor que Netflix? Veja 10 op\u00e7\u00f5es de plataformas para assistir a filmes online<\/a><\/li>\n<\/ul>\n<h3 id=\"h-as-boas-maneiras-telecine-play\"><strong>&#8216;As boas maneiras&#8217; <\/strong>(Telecine Play)<\/h3>\n<figure class=\"wp-block-image size-large\"><img title = \"[Tags]\"decoding=\"async\" loading=\"lazy\" width=\"1024\" height=\"683\" src=\"https:\/\/img.olhardigital.com.br\/wp-content\/uploads\/2021\/06\/As-boas-maneiras-1024x683.jpg\"alt = \"As-boas-maneiras-1024x683 Lista: dez filmes imperd\u00edveis para celebrar o Dia do Cinema Nacional\" class=\"wp-image-206504\" \/><figcaption>Filme vai al\u00e9m do g\u00eanero terror e traz tamb\u00e9m conte\u00fado social. Cr\u00e9dito: Imovision\/Divulga\u00e7\u00e3o<\/figcaption><\/figure>\n<p>Ana (Marjorie Estiano), m\u00e3e solteira gr\u00e1vida e moradora de bairro nobre, contrata Clara (Isab\u00e9l Zuaa) para auxiliar nas tarefas dom\u00e9sticas e ajudar na gesta\u00e7\u00e3o. A empregada negra a obrigada a dormir na casa da patroa branca e, a despeito da explora\u00e7\u00e3o no trabalho, as duas acabam desenvolvendo uma rela\u00e7\u00e3o de afeto. \u00c9 um filme sobre contrastes sociais e de cor, mas tamb\u00e9m \u00e9 um horror. \u00c0 semelhan\u00e7a do que acontece em &#8216;O beb\u00ea de Rosemary&#8217;, a gravidez desperta rea\u00e7\u00f5es estranhas na futura m\u00e3e, como aparentes surtos psic\u00f3ticos. Para completar, o beb\u00ea que nasce \u00e9 um lobisomem, e falar mais pode estragar o filme. <\/p>\n<h3 id=\"h-ax-canto-do-povo-de-um-lugar-netflix\"><strong>&#8216;Ax\u00e9: canto do povo de um lugar&#8217;<\/strong> (Netflix)<\/h3>\n<figure class=\"wp-block-embed-youtube wp-block-embed is-type-video is-provider-youtube wp-embed-aspect-16-9 wp-has-aspect-ratio\">\n<div class=\"wp-block-embed__wrapper\">\n<\/div>\n<\/figure>\n<p>A depender do ano em que voc\u00ea nasceu, s\u00e3o grandes as chances de cantarolar algumas das m\u00fasicas que tocam em &#8216;Ax\u00e9: canto do povo de um lugar&#8217;. Neste agrad\u00e1vel document\u00e1rio \u00e9 poss\u00edvel acompanhar as origens do ax\u00e9 music a partir dos depoimentos de quem acompanhou de perto o desenvolvimento do g\u00eanero. Daniela Mercury, Ivete Sangalo, Bell Marques e Gilberto Gil s\u00e3o alguns dos entrevistados na produ\u00e7\u00e3o, que aborda tamb\u00e9m a perda de popularidade do ax\u00e9 nos \u00faltimos anos. <\/p>\n<h3 id=\"h-bingo-o-rei-das-manh-s-telecine-play\"><strong>&#8216;Bingo: o rei das manh\u00e3s&#8217; <\/strong>(Telecine Play)<\/h3>\n<figure class=\"wp-block-embed-youtube wp-block-embed is-type-video is-provider-youtube wp-embed-aspect-16-9 wp-has-aspect-ratio\">\n<div class=\"wp-block-embed__wrapper\">\n<\/div>\n<\/figure>\n<p>A vida de Arlindo Barreto, um dos int\u00e9rpretes do palha\u00e7o Bozo, foi ficcionalizada e recontada no em &#8216;Bingo: o rei das manh\u00e3s&#8217;. O protagonista \u00e9 Augusto (Vladmir Brichta), um frustrado ator de pornochanchadas que vai trabalhar como apresentador de programa infantil no papel do palha\u00e7o Bingo. Ao finalmente alcan\u00e7ar sucesso profissional, Augusto segue frustrado por n\u00e3o poder revelar sua identidade, por uma quest\u00e3o contratual. Ascens\u00e3o e queda, refer\u00eancias pop dos anos 80 e muito mais est\u00e3o presentes no longa.<\/p>\n<h3 id=\"h-como-nossos-pais-netflix\"><strong>&#8216;Como nossos pais&#8217;<\/strong> (Netflix)<\/h3>\n<figure class=\"wp-block-image size-large\"><img title = \"[Tags]\"decoding=\"async\" loading=\"lazy\" width=\"1024\" height=\"576\" src=\"https:\/\/img.olhardigital.com.br\/wp-content\/uploads\/2021\/06\/Como-nossos--1024x576.jpg\"alt = \"As-boas-maneiras-1024x683 Lista: dez filmes imperd\u00edveis para celebrar o Dia do Cinema Nacional\" class=\"wp-image-206507\" \/><figcaption>Filme \u00e9 escrito e dirigido por La\u00eds Bodanzky, de &#8216;Bicho de sete cabe\u00e7as&#8217;. Cr\u00e9dito: Netflix\/Divulga\u00e7\u00e3o<\/figcaption><\/figure>\n<p>Apesar do t\u00edtulo e de a c\u00e9lebre m\u00fasica fazer parte da trilha sonora, o filme n\u00e3o \u00e9 uma tentativa de adaptar a &#8216;Como nossos pais&#8217;. Por\u00e9m, algumas das quest\u00f5es presentes na letra de Belchior est\u00e3o presentes no roteiro. Ao longo da hist\u00f3ria, acompanhamos Rosa (Maria Ribeiro), mulher de classe m\u00e9dia sobrecarregada de trabalho e de obriga\u00e7\u00f5es familiares. O marido, Eduardo (Paulo Vilhena) \u00e9 uma das fontes de sua insatisfa\u00e7\u00e3o, j\u00e1 que \u00e9 ausente nas tarefas dom\u00e9sticas e d\u00e1 tamb\u00e9m sinais de infidelidade. As inquieta\u00e7\u00f5es da protagonista, que incluem tamb\u00e9m quest\u00f5es com a m\u00e3e e com o pai, desperta reflex\u00f5es sobre a estrutura familiar patriarcal, monogamia e outros t\u00f3picos. Um filme extremamente sens\u00edvel e tocante. <\/p>\n<h3 id=\"h-div-rcio-netflix\"><strong>&#8216;Div\u00f3rcio&#8217;<\/strong> (Netflix)<\/h3>\n<figure class=\"wp-block-image size-large\"><img title = \"[Tags]\"decoding=\"async\" loading=\"lazy\" width=\"1024\" height=\"650\" src=\"https:\/\/img.olhardigital.com.br\/wp-content\/uploads\/2021\/06\/Divorcio-1024x650.jpg\"alt = \"As-boas-maneiras-1024x683 Lista: dez filmes imperd\u00edveis para celebrar o Dia do Cinema Nacional\" class=\"wp-image-206508\" \/><figcaption>Com\u00e9dia foge dos cen\u00e1rios urbanos habituais \u00e9 ambientada em Ribeir\u00e3o Preto. Cr\u00e9dito: Warner Bros.\/Divulga\u00e7\u00e3o<\/figcaption><\/figure>\n<p>Nem toda com\u00e9dia sobre desencontros amorosos \u00e9 rom\u00e2ntica e &#8216;Div\u00f3rcio&#8217; deixa o romantismo em segundo plano para abordar os piores aspectos de uma separa\u00e7\u00e3o. O casal a se divorciar \u00e9 formado por J\u00falio (Murilo Ben\u00edcio) e Noeli (Camila Morgado), que levam uma vida relativamente tranquia e confort\u00e1vel, mas aparentemente sem paix\u00e3o. A decis\u00e3o de se divorciar leva os dois a uma disputa pelos bens e pela guarda dos filhos, em uma briga repleta de situa\u00e7\u00f5es absurdas. \u00c9 uma com\u00e9dia acima da m\u00e9dia, mesmo que ainda recorra a alguns clich\u00eas do g\u00eanero. <\/p>\n<h3 id=\"h-mussum-um-filme-do-cacildis-prime-video\"><strong>&#8216;Mussum: um filme do cacildis&#8217; <\/strong>(Prime Video)<\/h3>\n<figure class=\"wp-block-image size-large\"><img title = \"[Tags]\"decoding=\"async\" loading=\"lazy\" width=\"1024\" height=\"576\" src=\"https:\/\/img.olhardigital.com.br\/wp-content\/uploads\/2021\/06\/Mussum-1024x576.jpg\"alt = \"As-boas-maneiras-1024x683 Lista: dez filmes imperd\u00edveis para celebrar o Dia do Cinema Nacional\" class=\"wp-image-206509\" \/><figcaption>Document\u00e1rio aborda vida pessoal e trajet\u00f3ria do artista na m\u00fasica e no humor. Cr\u00e9dito: Globofilmes\/Divulga\u00e7\u00e3o<\/figcaption><\/figure>\n<p>Um dos mais carism\u00e1ticos comediantes do Brasil e provavelmente o mais lembrando entre &#8216;Os Trapalh\u00f5es&#8217;, Mussum tem a trajet\u00f3ria recontada neste document\u00e1rio cheio de afeto. Narrado por L\u00e1zaro Ramos, o filme acompanha a vida de Ant\u00f4nio Carlos Bernardes Gomes desde antes de ganhar o c\u00e9lebre apelido. A produ\u00e7\u00e3o tamb\u00e9m aborda um lado hoje menos lembrado do artista, com sua carreira musical como vocalista no grupo Os Originais do Samba. <\/p>\n<h3 id=\"h-no-cora-o-do-mundo-google-play-filmes-itunes\"><strong>&#8216;No cora\u00e7\u00e3o do mundo&#8217;<\/strong> (Google Play Filmes, iTunes)<\/h3>\n<figure class=\"wp-block-image size-large\"><img title = \"[Tags]\"decoding=\"async\" loading=\"lazy\" width=\"1024\" height=\"615\" src=\"https:\/\/img.olhardigital.com.br\/wp-content\/uploads\/2021\/06\/No-coracao-do-mundo-1024x615.jpg\"alt = \"As-boas-maneiras-1024x683 Lista: dez filmes imperd\u00edveis para celebrar o Dia do Cinema Nacional\" class=\"wp-image-206510\" \/><figcaption>Trama acompanha personagens da periferia de Contagem (MG) planejando um roubo. Cr\u00e9dito: Canal Brasil\/Divulga\u00e7\u00e3o<\/figcaption><\/figure>\n<p>Um filme de assalto com cara de Brasil. Ambientada na cidade mineira de Contagem, a trama acompanha os amigos Selma (Grace Pass\u00f4) e Marcos (Leo Pyrata) que, ap\u00f3s in\u00fameros fracassos profissionais, enxergam como \u00fanica sa\u00edda realizar um roubo ambicioso. Apesar da tem\u00e1tica, os momentos de a\u00e7\u00e3o, e do roubo propriamente dito, aparecem a partir da segunda metade do filme, antes desenvolve bem seus personagens. Merece destaque a atua\u00e7\u00e3o de MC Carol, que rouba a cena sempre que entra em tela.  <\/p>\n<h3 id=\"h-o-animal-cordial-netflix\"><strong>&#8216;O animal cordial&#8217;<\/strong> (Netflix)<\/h3>\n<figure class=\"wp-block-image size-large\"><img title = \"[Tags]\"decoding=\"async\" loading=\"lazy\" width=\"927\" height=\"598\" src=\"https:\/\/img.olhardigital.com.br\/wp-content\/uploads\/2021\/06\/O-animal-cordial.jpg\"alt = \"As-boas-maneiras-1024x683 Lista: dez filmes imperd\u00edveis para celebrar o Dia do Cinema Nacional\" class=\"wp-image-206511\" \/><figcaption>Atua\u00e7\u00e3o de Murilo Ben\u00edcio e Juliana Paes \u00e9 um dos destaques do longa. Cr\u00e9dito: RT Features\/Divulga\u00e7\u00e3o<\/figcaption><\/figure>\n<p>O horror no cinema muitas vezes serve como ferramenta de cr\u00edtica social e \u00e9 exatamente isso que &#8216;O animal cordial&#8217; entrega. O filme se passa inteiramente no interior de um restaurante de classe m\u00e9dia que sofre um assalto que acaba frustrado pelo dono do lugar In\u00e1cio (Murilo Ben\u00edcio). Ao sacar uma arma escondida no balc\u00e3o, ele rende os assaltantes, mas prefere n\u00e3o acionar a pol\u00edcia e acaba fazendo todos de ref\u00e9ns, inclusive funcion\u00e1rios e clientes. Violento e angustiante, o filme n\u00e3o poupa sangue, mas talvez evidencie principalmente a brutalidade dos discursos e comportamentos dos personagens. <\/p>\n<h3 id=\"h-turma-da-m-nica-la-os-telecine-play\"><strong>&#8216;Turma da M\u00f4nica: la\u00e7os&#8217;<\/strong> (Telecine Play)<\/h3>\n<figure class=\"wp-block-embed-youtube wp-block-embed is-type-video is-provider-youtube wp-embed-aspect-16-9 wp-has-aspect-ratio\">\n<div class=\"wp-block-embed__wrapper\">\n<\/div>\n<\/figure>\n<p>O universo dos quadrinhos de Mauricio de Sousa \u00e9 t\u00e3o singular que parecia dif\u00edcil transportar esses personagens para uma vers\u00e3o com atores. No entanto, a adapta\u00e7\u00e3o da turminha para tela grande, com um elenco de carne e osso, funcionou t\u00e3o bem que uma continua\u00e7\u00e3o ser\u00e1 lan\u00e7ada em 2021. Embora as crian\u00e7as sejam o p\u00fablico-alvo, o filme agrada audi\u00eancias mais maduras que conhecem a Turma da M\u00f4nica. E o elenco infantil \u00e9 um grande trunfo.  <\/p>\n<h3 id=\"h-uma-quase-dupla-telecine-play\"><strong>&#8216;Uma quase dupla<\/strong>&#8216; (Telecine Play)<\/h3>\n<figure class=\"wp-block-image size-large\"><img title = \"[Tags]\"decoding=\"async\" loading=\"lazy\" width=\"1024\" height=\"672\" src=\"https:\/\/img.olhardigital.com.br\/wp-content\/uploads\/2021\/06\/Uma-quase-dupla-1024x672.jpg\"alt = \"As-boas-maneiras-1024x683 Lista: dez filmes imperd\u00edveis para celebrar o Dia do Cinema Nacional\" class=\"wp-image-206513\" \/><figcaption>Produ\u00e7\u00e3o emula a din\u00e2mica de duplas improv\u00e1veis de com\u00e9dias policiais. Cr\u00e9dito: Paris Filmes\/Divulga\u00e7\u00e3o <\/figcaption><\/figure>\n<p>Subg\u00eanero pouco explorado no cinema nacional, a com\u00e9dia policial \u00e9 bem traduzida nessa produ\u00e7\u00e3o estrelada por Tat\u00e1 Werneck e Cau\u00e3 Reymond. A humorista \u00e9 investigadora durona Keyla que vai ajudar o subdelegado Claudio a solucionar uma s\u00e9rie de assassinatos na cidade de Joinl\u00e2ndia. Despretensioso e abobalhado, o filme conquista pelo carisma de Tat\u00e1 Werneck e surpreende tamb\u00e9m com veia c\u00f4mica que Reymond exibe. <\/p>\n<\/p>\n<p>O post <a rel=\"nofollow\" href=\"https:\/\/olhardigital.com.br\/2021\/06\/19\/cinema-e-streaming\/lista-dez-filmes-imperdiveis-para-celebrar-o-dia-do-cinema-nacional\/\">Lista: dez filmes imperd\u00edveis para celebrar o Dia do Cinema Nacional<\/a> apareceu primeiro em <a rel=\"nofollow\" href=\"https:\/\/olhardigital.com.br\">Olhar Digital<\/a>.<\/p>\n<p><br \/>\n<br \/><a href=\"https:\/\/olhardigital.com.br\/2021\/06\/19\/cinema-e-streaming\/lista-dez-filmes-imperdiveis-para-celebrar-o-dia-do-cinema-nacional\/\">Fonte do Artigo <\/a><br \/>\nTags:<\/p>\n<p><a href=\"https:\/\/wiy.com.br\/noticias\/categoria\/tecnologia\/\">#tecnologia<\/a> <a href=\"https:\/\/wiy.com.br\/noticias\/categoria\/tecnologia\/\">#tecnologias<\/a> <a href=\"https:\/\/wiy.com.br\/noticias\/categoria\/tecnologia\/\">#technology<\/a> <a href=\"https:\/\/wiy.com.br\/noticias\/categoria\/tecnologia\/\">#tecnolog<\/a> <a href=\"https:\/\/wiy.com.br\/noticias\/categoria\/tecnologia\/\">#iphone<\/a> <a href=\"https:\/\/wiy.com.br\/noticias\/categoria\/tecnologia\/\">#informatica<\/a> <a href=\"https:\/\/wiy.com.br\/noticias\/categoria\/tecnologia\/\">#tech<\/a> <a href=\"https:\/\/wiy.com.br\/noticias\/categoria\/tecnologia\/\">#design<\/a> <a href=\"https:\/\/wiy.com.br\/noticias\/categoria\/tecnologia\/\">#samsung<\/a> <a href=\"https:\/\/wiy.com.br\/noticias\/categoria\/tecnologia\/\">#internet<\/a> <a href=\"https:\/\/wiy.com.br\/noticias\/categoria\/tecnologia\/\">#apple<\/a> <a href=\"https:\/\/wiy.com.br\/noticias\/categoria\/tecnologia\/\">#smartphone<\/a> <a href=\"https:\/\/wiy.com.br\/noticias\/categoria\/tecnologia\/\">#seguranca<\/a> <a href=\"https:\/\/wiy.com.br\/noticias\/categoria\/tecnologia\/\">#venezuela<\/a> <a href=\"https:\/\/wiy.com.br\/noticias\/categoria\/tecnologia\/\">#celular<\/a> <a href=\"https:\/\/wiy.com.br\/noticias\/categoria\/tecnologia\/\">#celulares<\/a> <a href=\"https:\/\/wiy.com.br\/noticias\/categoria\/tecnologia\/\">#inovar<\/a> <a href=\"https:\/\/wiy.com.br\/noticias\/categoria\/tecnologia\/\">#qualidade<\/a> <a href=\"https:\/\/wiy.com.br\/noticias\/categoria\/tecnologia\/\">#software<\/a> <a href=\"https:\/\/wiy.com.br\/noticias\/categoria\/tecnologia\/\">#empresas<\/a> <a href=\"https:\/\/wiy.com.br\/noticias\/categoria\/tecnologia\/\">#cursos<\/a> <a href=\"https:\/\/wiy.com.br\/noticias\/categoria\/tecnologia\/\">#engenharia<\/a> <a href=\"https:\/\/wiy.com.br\/noticias\/categoria\/tecnologia\/\">#industria<\/a> <a href=\"https:\/\/wiy.com.br\/noticias\/categoria\/tecnologia\/\">#marketing<\/a> <a href=\"https:\/\/wiy.com.br\/noticias\/categoria\/tecnologia\/\">#ti<\/a> <a href=\"https:\/\/wiy.com.br\/noticias\/categoria\/tecnologia\/\">#tecnoblog<\/a> <a href=\"https:\/\/wiy.com.br\/noticias\/categoria\/tecnologia\/\">#veja<\/a> <a href=\"https:\/\/wiy.com.br\/noticias\/categoria\/tecnologia\/\">#olhardigital<\/a> <a href=\"https:\/\/wiy.com.br\/noticias\/categoria\/tecnologia\/\">#mundodigital<\/a> <a href=\"https:\/\/wiy.com.br\/noticias\/categoria\/tecnologia\/\">#inteligenciaartificial<\/a> <a href=\"https:\/\/wiy.com.br\/criacao-de-sites\/\">#criar site<\/a> <a href=\"https:\/\/wiy.com.br\/criacao-de-sites\/\">#criar site curitiba<\/a> <a href=\"https:\/\/wiy.com.br\/criacao-de-sites\/\">#wiysolutions<\/a><\/p>\n","protected":false},"excerpt":{"rendered":"<p>Em 19 de junho de 1898, o \u00edtalo-brasileiro Afonso Segreto registrou as primeiras imagens em movimento no Brasil. O pioneiro filmou sua chegada de navio \u00e0 Ba\u00eda de Guanabara e o material foi considerado um marco no audiovisual brasileiro e data virou o Dia do Cinema Nacional. Aproveitando a efem\u00e9ride, selecionamos dez filmes nacionais feitos [&hellip;]<\/p>\n","protected":false},"author":1,"featured_media":69044,"comment_status":"open","ping_status":"open","sticky":false,"template":"","format":"standard","meta":{"footnotes":""},"categories":[5],"tags":[],"class_list":["post-69043","post","type-post","status-publish","format-standard","has-post-thumbnail","hentry","category-tecnologia"],"_links":{"self":[{"href":"https:\/\/wiy.com.br\/noticias\/wp-json\/wp\/v2\/posts\/69043","targetHints":{"allow":["GET"]}}],"collection":[{"href":"https:\/\/wiy.com.br\/noticias\/wp-json\/wp\/v2\/posts"}],"about":[{"href":"https:\/\/wiy.com.br\/noticias\/wp-json\/wp\/v2\/types\/post"}],"author":[{"embeddable":true,"href":"https:\/\/wiy.com.br\/noticias\/wp-json\/wp\/v2\/users\/1"}],"replies":[{"embeddable":true,"href":"https:\/\/wiy.com.br\/noticias\/wp-json\/wp\/v2\/comments?post=69043"}],"version-history":[{"count":0,"href":"https:\/\/wiy.com.br\/noticias\/wp-json\/wp\/v2\/posts\/69043\/revisions"}],"wp:featuredmedia":[{"embeddable":true,"href":"https:\/\/wiy.com.br\/noticias\/wp-json\/wp\/v2\/media\/69044"}],"wp:attachment":[{"href":"https:\/\/wiy.com.br\/noticias\/wp-json\/wp\/v2\/media?parent=69043"}],"wp:term":[{"taxonomy":"category","embeddable":true,"href":"https:\/\/wiy.com.br\/noticias\/wp-json\/wp\/v2\/categories?post=69043"},{"taxonomy":"post_tag","embeddable":true,"href":"https:\/\/wiy.com.br\/noticias\/wp-json\/wp\/v2\/tags?post=69043"}],"curies":[{"name":"wp","href":"https:\/\/api.w.org\/{rel}","templated":true}]}}