{"id":69019,"date":"2023-02-26T15:18:32","date_gmt":"2023-02-26T18:18:32","guid":{"rendered":"https:\/\/wiy.com.br\/noticias\/covid-araraquara-e-outras-cidades-do-interior-voltam-a-decretar-lockdown\/"},"modified":"2021-06-17T19:05:10","modified_gmt":"2021-06-17T22:05:10","slug":"covid-araraquara-e-outras-cidades-do-interior-voltam-a-decretar-lockdown","status":"publish","type":"post","link":"https:\/\/wiy.com.br\/noticias\/covid-araraquara-e-outras-cidades-do-interior-voltam-a-decretar-lockdown\/","title":{"rendered":"Covid: Araraquara e outras cidades do interior voltam a decretar lockdown"},"content":{"rendered":"<p> <br \/>\n<\/p>\n<p>Cidades do interior de S\u00e3o Paulo est\u00e3o retomando medidas mais r\u00edgidas para conter o avan\u00e7o da <strong>Covid-19<\/strong>. <strong>S\u00e3o Jos\u00e9 do Rio Preto, Araraquara, Catanduva e Barretos<\/strong> s\u00e3o alguns que anunciaram maiores restri\u00e7\u00f5es dos que as j\u00e1 previstas no Plano S\u00e3o Paulo.<\/p>\n<p><strong>Araraquara,<\/strong> que j\u00e1 decretou <strong>lockdown<\/strong> anteriormente e viu os n\u00fameros de casos e interna\u00e7\u00f5es ca\u00edrem, est\u00e1 em estado de alerta novamente. A cidade alcan\u00e7ou o\u00a0 \u00edndice de 20% de casos positivos dos testes, entre sintom\u00e1ticos e assintom\u00e1ticos <span> por tr\u00eas dias consecutivos. Um decreto do prefeito Edinho Silva (PT) estabelece o fechamento das atividades econ\u00f4micas e sociais. As regras ser\u00e3o estabelecidas em reuni\u00e3o.\u00a0<\/span><\/p>\n<p>Em <strong>S\u00e3o Jos\u00e9 do Rio Preto<\/strong>, haver\u00e1 uma esp\u00e9cie de lockdown noturno, entre 18h e 6h, at\u00e9 o dia 1\u00ba de julho. Assim, o com\u00e9rcio s\u00f3 poder\u00e1 atender o p\u00fablico durante o dia, encerrando o expediente \u00e0s 18h. A regra tamb\u00e9m vale para bares, que ap\u00f3s o hor\u00e1rio estipulado s\u00f3 poder\u00e3o atender atrav\u00e9s de entregas. O transporte coletivo vai funcionar das 5h \u00e0s 20h.<\/p>\n<p>De acordo com o prefeito da cidade, Edinho Ara\u00fajo (MDB), &#8220;o quadro voltou a ser cr\u00edtico, com\u00a0n\u00edveis de ocupa\u00e7\u00e3o de leitos e de novos casos que exigem a\u00e7\u00f5es imediatas\u201d. De acordo com ele, a decis\u00e3o de fechar a cidade durante o per\u00edodo noturno se deu ap\u00f3s an\u00e1lise do comit\u00ea de sa\u00fade.<span> A taxa de ocupa\u00e7\u00e3o de UTIs est\u00e1 em 94%.<\/span><\/p>\n<p><span>\u201cSegundo o nosso comit\u00ea de sa\u00fade, a alta da taxa de transmiss\u00e3o do v\u00edrus se d\u00e1 pelas aglomera\u00e7\u00f5es em bares, comemora\u00e7\u00f5es e pelas incont\u00e1veis festas clandestinas. Se nada for feito agora, a explos\u00e3o de casos provocar\u00e1 rapidamente um colapso total do sistema de sa\u00fade, tanto p\u00fablico quanto privado. Nem o dinheiro garantir\u00e1 acesso a um leito hospitalar\u201d, disse.<\/p>\n<p><strong>LEIA TAMB\u00c9M:<\/strong> <\/span><a href=\"https:\/\/vejasp.abril.com.br\/cidades\/vacina-nao-vai-faltar-em-hipotese-alguma-diz-doria-sobre-imunizacao\/\">\u201cVacina n\u00e3o vai faltar, em hip\u00f3tese alguma\u201d, diz Doria sobre imuniza\u00e7\u00e3o<\/a><\/p>\n<p>Em Catanduva, houve 46 mortes de pacientes \u00e0 espera de leito de Unidade de Terapia Intensiva (UTI) para tratamento de Covid-19 em apenas 15 dias. A informa\u00e7\u00e3o foi divulgada pela prefeitura na tarde de ter\u00e7a-feira (15). Por isso, medidas mais en\u00e9rgicas tamb\u00e9m foram adotadas.<\/p>\n<p>At\u00e9 o dia 29 de junho, o transporte coletivo est\u00e1 suspenso e haver\u00e1 proibi\u00e7\u00e3o de diversas atividades, incluindo as consideradas essenciais<span>.\u00a0<\/span>As medidas foram tomadas um dia depois de o Minist\u00e9rio P\u00fablico (MP) ajuizar uma a\u00e7\u00e3o de improbidade administrativa para responsabilizar o prefeito<strong> Osvaldo de Oliveira Rosa<\/strong> (PSDB)\u00a0por n\u00e3o decretar lockdown na cidade.<\/p>\n<p>Cidades menores, como Tabapu\u00e3, Itajobi, Palmares Paulista, Santa Ad\u00e9lia, Catigu\u00e1, Uchoa e Novo Horizonte tamb\u00e9m adotaram a\u00e7\u00f5es mais duras de combate ao coronav\u00edrus. Em Barretos, o com\u00e9rcio ser\u00e1 fechado a partir da meia-noite de s\u00e1bado (19) at\u00e9 ao menos o pr\u00f3ximo dia 28. Al\u00e9m de bares e restaurantes, at\u00e9 os supermercados n\u00e3o poder\u00e3o funcionar, podendo atender apenas por entregas.<\/p>\n<div data-id=\"banner_materia2\" data-req=\"true\" data-google-query-id=\"CO3qpuPenvECFXcDuQYdiQ4MAg\" data-cid=\"138352103352\" data-lid=\"5711499576\"><\/div>\n<div data-id=\"banner_materia2\" data-req=\"true\" data-google-query-id=\"CO3qpuPenvECFXcDuQYdiQ4MAg\" data-cid=\"138352103352\" data-lid=\"5711499576\">\n<div id=\"relacionadas\" class=\"block related-posts three_columns\">\n<ul class=\"block-menu\">\n<li data-tab=\"tab-1\" class=\"active\">Relacionadas<\/li>\n<\/ul>\n<div id=\"tab-1\" class=\"block-content active\">\n<div class=\"row\">\n<li class=\"widget-news-item without-thumb with-border\">\n<div class=\"widget-news-info\"><a href=\"http:\/\/vejasp.abril.com.br\/cidades\">Cidades<\/a><span class=\"widget-news-item-title\"><a href=\"https:\/\/vejasp.abril.com.br\/cidades\/capa-plano-diretor-sao-paulo-2021\/\">Pr\u00e9dios altos ao longo de grandes avenidas e em \u00e1reas pr\u00f3ximas a transporte mudam o horizonte, e revis\u00e3o do Plano Diretor volta a discutir se eles v\u00e3o para o miolo dos bairros<\/a><\/span><span class=\"widget-news-item-date\">11 jun 2021 &#8211; 06h06<\/span><\/div>\n<\/li>\n<li class=\"widget-news-item without-thumb with-border\">\n<div class=\"widget-news-info\"><a href=\"http:\/\/vejasp.abril.com.br\/saude\">Sa\u00fade<\/a><span class=\"widget-news-item-title\"><a href=\"https:\/\/vejasp.abril.com.br\/saude\/brasil-vacina-pfizer-coronavirus-julho\/\">Brasil receber\u00e1 mais 7 milh\u00f5es de doses da vacina da Pfizer em julho<\/a><\/span><span class=\"widget-news-item-date\">16 jun 2021 &#8211; 20h06<\/span><\/div>\n<\/li>\n<li class=\"widget-news-item without-thumb with-border\">\n<div class=\"widget-news-info\"><a href=\"http:\/\/vejasp.abril.com.br\/cidades\">Cidades<\/a><span class=\"widget-news-item-title\"><a href=\"https:\/\/vejasp.abril.com.br\/cidades\/adolescente-16-anos-morta-ex-namorado-lapa\/\">Adolescente de 16 anos \u00e9 morta na Zona Oeste por ex-namorado<\/a><\/span><span class=\"widget-news-item-date\">16 jun 2021 &#8211; 20h06<\/span><\/div>\n<\/li>\n<\/div>\n<\/div>\n<\/div>\n<\/div>\n<div id=\"mais_lidas\" class=\"block related-posts mais-lidas\">\n<ul class=\"block-menu\">\n<li data-tab=\"tab-1\" class=\"active\">Mais lidas<\/li>\n<\/ul>\n<div id=\"tab-1\" class=\"block-content active\">\n<div class=\"row\">\n<div class=\"col-s-12 col-l-3\"><a href=\"https:\/\/vejasp.abril.com.br\/cidades\/historia-macabra-lazaro-sousa-serial-killer-df-go\/\" class=\"card\"><span class=\"category hide-s\">Cidades<\/span><img title = \"[Tags]\"data-src=\"https:\/\/vejasp.abril.com.br\/wp-content\/uploads\/2021\/06\/csm_lazaro_b_63f80b9a04.jpg?quality=70&amp;strip=info&amp;w=420&amp;h=262&amp;crop=1\"alt = \"csm_lazaro_b_63f80b9a04 Covid: Araraquara e outras cidades do interior voltam a decretar lockdown\" class=\"lazyload media\"><span class=\"category hide-l\">Cidades<\/span><span class=\"title\">A hist\u00f3ria macabra de L\u00e1zaro, serial killer que mobiliza 300 policiais<\/span><\/a><\/div>\n<div class=\"col-s-12 col-l-3\"><a href=\"https:\/\/vejasp.abril.com.br\/saude\/morre-reynaldo-rayol-cantor-e-irmao-de-agnaldo-rayol-vitima-da-covid-19\/\" class=\"card\"><span class=\"category hide-s\">Sa\u00fade<\/span><img title = \"[Tags]\"data-src=\"https:\/\/vejasp.abril.com.br\/wp-content\/uploads\/2021\/06\/201866114_489186288823928_5597906036359624419_n.jpg?quality=70&amp;strip=info&amp;crop=0px%2C5px%2C655px%2C446px&amp;resize=680%2C453\"alt = \"csm_lazaro_b_63f80b9a04 Covid: Araraquara e outras cidades do interior voltam a decretar lockdown\" class=\"lazyload media\"><span class=\"category hide-l\">Sa\u00fade<\/span><span class=\"title\">Morre Reynaldo Rayol, cantor e irm\u00e3o de Agnaldo Rayol, v\u00edtima da Covid-19<\/span><\/a><\/div>\n<div class=\"col-s-12 col-l-3\"><a href=\"https:\/\/vejasp.abril.com.br\/cultura-lazer\/neto-homenageia-irmao-chora-guerreiro\/\" class=\"card\"><span class=\"category hide-s\">Cultura &amp; Lazer<\/span><img title = \"[Tags]\"data-src=\"https:\/\/vejasp.abril.com.br\/wp-content\/uploads\/2021\/06\/Craque-Neto.jpg?quality=70&amp;strip=info&amp;w=680&amp;h=453&amp;crop=1\"alt = \"csm_lazaro_b_63f80b9a04 Covid: Araraquara e outras cidades do interior voltam a decretar lockdown\" class=\"lazyload media\"><span class=\"category hide-l\">Cultura &amp; Lazer<\/span><span class=\"title\">Neto chora ao homenagear irm\u00e3o que morreu: &#8220;Foi um guerreiro&#8221;<\/span><\/a><\/div>\n<div class=\"col-s-12 col-l-3\"><a href=\"https:\/\/vejasp.abril.com.br\/blog\/pop\/maira-charken-video-show-chora-dificuldades-financeiras\/\" class=\"card\"><span class=\"category hide-s\">Cultura &amp; Lazer<\/span><img title = \"[Tags]\"data-src=\"https:\/\/vejasp.abril.com.br\/wp-content\/uploads\/2021\/06\/Maira-Charken-Chorando-.jpg?quality=70&amp;strip=info&amp;crop=0px%2C0px%2C1204px%2C820px&amp;resize=680%2C453\"alt = \"csm_lazaro_b_63f80b9a04 Covid: Araraquara e outras cidades do interior voltam a decretar lockdown\" class=\"lazyload media\"><span class=\"category hide-l\">Cultura &amp; Lazer<\/span><span class=\"title\">Ex-V\u00eddeo Show, Ma\u00edra Charken chora ao falar sobre dificuldades financeiras<\/span><\/a><\/div>\n<\/div>\n<\/div>\n<\/div>\n<div id=\"leia_mais\" class=\"block related-posts leia-mais\">\n<ul class=\"block-menu\">\n<li data-tab=\"tab-1\" class=\"active\">Leia mais<\/li>\n<\/ul>\n<div id=\"tab-1\" class=\"block-content active\">\n<div class=\"row\">\n<div class=\"col-s-12 col-l-3\"><a href=\"https:\/\/vejasp.abril.com.br\/cidades\/sao-paulo-lanca-o-vale-gas-programa-para-ajudar-na-compra-de-botijao\/\" class=\"card\"><span class=\"category hide-s\">Cidades<\/span><img title = \"[Tags]\"data-src=\"https:\/\/vejasp.abril.com.br\/wp-content\/uploads\/2019\/12\/gc3a1s.jpg?quality=70&amp;strip=info&amp;w=680&amp;h=453&amp;crop=1\"alt = \"csm_lazaro_b_63f80b9a04 Covid: Araraquara e outras cidades do interior voltam a decretar lockdown\" class=\"lazyload media\"><span class=\"category hide-l\">Cidades<\/span><span class=\"title\">S\u00e3o Paulo lan\u00e7a o Vale G\u00e1s, programa para ajudar na compra de botij\u00e3o<\/span><\/a><\/div>\n<div class=\"col-s-12 col-l-3\"><a href=\"https:\/\/vejasp.abril.com.br\/cidades\/adolescente-16-anos-morta-ex-namorado-lapa\/\" class=\"card\"><span class=\"category hide-s\">Cidades<\/span><img title = \"[Tags]\"data-src=\"https:\/\/vejasp.abril.com.br\/wp-content\/uploads\/2021\/06\/morte.jpg?quality=70&amp;strip=info&amp;w=680&amp;h=453&amp;crop=1\"alt = \"csm_lazaro_b_63f80b9a04 Covid: Araraquara e outras cidades do interior voltam a decretar lockdown\" class=\"lazyload media\"><span class=\"category hide-l\">Cidades<\/span><span class=\"title\">Adolescente de 16 anos \u00e9 morta na Zona Oeste por ex-namorado<\/span><\/a><\/div>\n<div class=\"col-s-12 col-l-3\"><a href=\"https:\/\/vejasp.abril.com.br\/cidades\/historia-macabra-lazaro-sousa-serial-killer-df-go\/\" class=\"card\"><span class=\"category hide-s\">Cidades<\/span><img title = \"[Tags]\"data-src=\"https:\/\/vejasp.abril.com.br\/wp-content\/uploads\/2021\/06\/csm_lazaro_b_63f80b9a04.jpg?quality=70&amp;strip=info&amp;w=420&amp;h=262&amp;crop=1\"alt = \"csm_lazaro_b_63f80b9a04 Covid: Araraquara e outras cidades do interior voltam a decretar lockdown\" class=\"lazyload media\"><span class=\"category hide-l\">Cidades<\/span><span class=\"title\">A hist\u00f3ria macabra de L\u00e1zaro, serial killer que mobiliza 300 policiais<\/span><\/a><\/div>\n<div class=\"col-s-12 col-l-3\"><a href=\"https:\/\/vejasp.abril.com.br\/cidades\/projeto-abstinencia-sexual-camara-municipal-ricardo-nunes\/\" class=\"card\"><span class=\"category hide-s\">Cidades<\/span><img title = \"[Tags]\"data-src=\"https:\/\/vejasp.abril.com.br\/wp-content\/uploads\/2021\/06\/196022867_1146354795844292_3079724063492464814_n.jpg?quality=70&amp;strip=info&amp;w=680&amp;h=453&amp;crop=1\"alt = \"csm_lazaro_b_63f80b9a04 Covid: Araraquara e outras cidades do interior voltam a decretar lockdown\" class=\"lazyload media\"><span class=\"category hide-l\">Cidades<\/span><span class=\"title\">&quot;Projeto Escolhi Esperar n\u00e3o cita abstin\u00eancia sexual&quot;, diz vereador<\/span><\/a><\/div>\n<\/div>\n<\/div>\n<\/div>\n<p><br \/>\n<br \/><a href=\"https:\/\/vejasp.abril.com.br\/cidades\/covid-araraquara-e-outras-cidades-do-interior-voltam-a-decretar-lockdown\/\">Fonte do Artigo <\/a><br \/>\nTags:<br \/>\n#loterias #loteriascaixa #megasena #resultadoapostas#noticias #noticiario  #noticia #brasil #noticiascolombia #mundo #esporte #colombia #noticiadeld #ltimasnoticias  #noticiario #noticiasregionales #noticiasdepartamentales #noticiashoy #esportes #noticiaahora #elinformantenoticias #noticiasdeboyac  #esporteinterativo #esportivo #diariodosesportes  #noticiero  #jogodefutebol #jogos #loto #apostas<\/p>\n","protected":false},"excerpt":{"rendered":"<p>Cidades do interior de S\u00e3o Paulo est\u00e3o retomando medidas mais r\u00edgidas para conter o avan\u00e7o da Covid-19. S\u00e3o Jos\u00e9 do Rio Preto, Araraquara, Catanduva e Barretos s\u00e3o alguns que anunciaram maiores restri\u00e7\u00f5es dos que as j\u00e1 previstas no Plano S\u00e3o Paulo. Araraquara, que j\u00e1 decretou lockdown anteriormente e viu os n\u00fameros de casos e interna\u00e7\u00f5es [&hellip;]<\/p>\n","protected":false},"author":1,"featured_media":66468,"comment_status":"open","ping_status":"open","sticky":false,"template":"","format":"standard","meta":{"footnotes":""},"categories":[1],"tags":[],"class_list":["post-69019","post","type-post","status-publish","format-standard","has-post-thumbnail","hentry","category-curso-de-copy"],"_links":{"self":[{"href":"https:\/\/wiy.com.br\/noticias\/wp-json\/wp\/v2\/posts\/69019","targetHints":{"allow":["GET"]}}],"collection":[{"href":"https:\/\/wiy.com.br\/noticias\/wp-json\/wp\/v2\/posts"}],"about":[{"href":"https:\/\/wiy.com.br\/noticias\/wp-json\/wp\/v2\/types\/post"}],"author":[{"embeddable":true,"href":"https:\/\/wiy.com.br\/noticias\/wp-json\/wp\/v2\/users\/1"}],"replies":[{"embeddable":true,"href":"https:\/\/wiy.com.br\/noticias\/wp-json\/wp\/v2\/comments?post=69019"}],"version-history":[{"count":0,"href":"https:\/\/wiy.com.br\/noticias\/wp-json\/wp\/v2\/posts\/69019\/revisions"}],"wp:featuredmedia":[{"embeddable":true,"href":"https:\/\/wiy.com.br\/noticias\/wp-json\/wp\/v2\/media\/66468"}],"wp:attachment":[{"href":"https:\/\/wiy.com.br\/noticias\/wp-json\/wp\/v2\/media?parent=69019"}],"wp:term":[{"taxonomy":"category","embeddable":true,"href":"https:\/\/wiy.com.br\/noticias\/wp-json\/wp\/v2\/categories?post=69019"},{"taxonomy":"post_tag","embeddable":true,"href":"https:\/\/wiy.com.br\/noticias\/wp-json\/wp\/v2\/tags?post=69019"}],"curies":[{"name":"wp","href":"https:\/\/api.w.org\/{rel}","templated":true}]}}