{"id":68875,"date":"2023-02-26T15:21:08","date_gmt":"2023-02-26T18:21:08","guid":{"rendered":"https:\/\/wiy.com.br\/noticias\/fundacao-anne-frank-sobre-pais-que-viram-pornografia-em-diario-ultrajante-e-ridiculo\/"},"modified":"2021-06-06T17:05:09","modified_gmt":"2021-06-06T20:05:09","slug":"fundacao-anne-frank-sobre-pais-que-viram-pornografia-em-diario-ultrajante-e-ridiculo","status":"publish","type":"post","link":"https:\/\/wiy.com.br\/noticias\/fundacao-anne-frank-sobre-pais-que-viram-pornografia-em-diario-ultrajante-e-ridiculo\/","title":{"rendered":"Funda\u00e7\u00e3o Anne Frank sobre pais que viram pornografia em di\u00e1rio: ultrajante e rid\u00edculo"},"content":{"rendered":"<p> <br \/>\n<\/p>\n<p>A<strong> Funda\u00e7\u00e3o Anne Frank<\/strong> classificou as acusa\u00e7\u00f5es de erotiza\u00e7\u00e3o da obra da jovem judia por parte de pais de alunos da<strong> Escola M\u00f3bile<\/strong>, em S\u00e3o Paulo, como &#8220;ultrajantes e rid\u00edculas&#8221;. O posicionamento acontece porque um grupo de pais procurou a dire\u00e7\u00e3o do col\u00e9gio de S\u00e3o Paulo alegando que a vers\u00e3o em quadrinhos do \u201cDi\u00e1rio de Anne Frank\u201d tem conte\u00fado impr\u00f3prio.<\/p>\n<p>O livro, usado para as aulas de ingl\u00eas, diz, em tradu\u00e7\u00e3o livre, que \u201ctoda vez que vejo um nu feminino, vou a \u00eaxtase\u201d e \u201cesse buraco \u00e9 t\u00e3o pequeno que mal consigo imaginar como um homem entra aqui dentro [&#8230;] j\u00e1 \u00e9 dif\u00edcil enfiar o meu dedo indicador dentro\u201d. A escola defende a utiliza\u00e7\u00e3o do cl\u00e1ssico para os alunos do 7\u00ba ano. A obra <strong>\u201cAnne\u2019s Frank Diary: The Graphic Adaptation\u201d<\/strong> \u00e9 uma vers\u00e3o oficial da hist\u00f3ria da jovem judia, referendada pela Unicef e pela pr\u00f3pria Funda\u00e7\u00e3o Anne Frank.<\/p>\n<p>Em posicionamento enviado \u00e0<strong> VEJA S\u00c3O PAULO<\/strong>, a <strong>Funda\u00e7\u00e3o Anne Frank<\/strong> diz que entende que esse tipo de reflex\u00e3o e a abertura sexual pare\u00e7am improv\u00e1veis para uma jovem daquela \u00e9poca, mas que o pensamento de <strong>Anne Frank<\/strong> era incomum em muitos aspectos. &#8220;Ela tinha ideias muito vision\u00e1rias sobre a independ\u00eancia feminina, os direitos das mulheres e a posi\u00e7\u00e3o das mulheres na sociedade em geral.&#8221;<\/p>\n<p>Explica tamb\u00e9m que quando <strong>Otto Frank<\/strong> publicou a primeira vers\u00e3o do Di\u00e1rio, em 1946, tais passagens foram suprimidas do original. &#8220;Ele estava muito envergonhado e achou que n\u00e3o eram apropriados para uma menina&#8221;, diz.<\/p>\n<p>&#8220;Mas os tempos mudam, e havia cada vez mais um desejo de muitos f\u00e3s de Anne Frank em todo o mundo de conhecer a REAL <strong>Anne Frank<\/strong>, ent\u00e3o foi decidido, ap\u00f3s a morte de <strong>Otto Frank<\/strong>, publicar o Di\u00e1rio completo, incluindo pela primeira vez todas as passagens que<strong> Otto Frank<\/strong> retirou&#8221;, diz a funda\u00e7\u00e3o.<\/p>\n<p>&#8220;Este Di\u00e1rio completo est\u00e1 agora dispon\u00edvel desde 1991. Ningu\u00e9m teria, nem remotamente, a ideia maluca de adicionar algo ao di\u00e1rio que Anne nunca tivesse escrito. Por que far\u00edamos uma coisa t\u00e3o est\u00fapida? Todo o prop\u00f3sito da exist\u00eancia de nossa funda\u00e7\u00e3o \u00e9 PROTEGER o legado de Anne, o que significa ser sempre verdadeira e fiel \u00e0 sua heran\u00e7a e defender seus direitos de personalidade sem comprometimento&#8221;, prossegue.<\/p>\n<p>A funda\u00e7\u00e3o ainda enviou, por meio da assessoria de imprensa da escola <strong>M\u00f3bile<\/strong>, imagens manuscritas e escaneadas das passagens originais do texto. &#8220;Qualquer pessoa que entenda o holand\u00eas ver\u00e1 que essas passagens foram realmente escritas por <strong>Anne Frank<\/strong>.&#8221;<\/p>\n<p>Veja abaixo [a reportagem continua ap\u00f3s as imagens]:<\/p>\n<figure><img title = \"[Tags]\"alt = \"Diary-pages_page-0005 Funda\u00e7\u00e3o Anne Frank sobre pais que viram pornografia em di\u00e1rio: ultrajante e rid\u00edculo\"decoding=\"async\" src=\"https:\/\/vejasp.abril.com.br\/wp-content\/uploads\/2021\/06\/Diary-pages_page-0005.jpg\" \/><figcaption>Anne Frank: vers\u00e3o original de trecho acusado de erotiza\u00e7\u00e3o por parte de pais de alunos da escola Mobile<span class=\"copyright\">Funda\u00e7\u00e3o Anne Frank\/Veja SP<\/span><\/figcaption><\/figure>\n<figure><img title = \"[Tags]\"alt = \"Diary-pages_page-0005 Funda\u00e7\u00e3o Anne Frank sobre pais que viram pornografia em di\u00e1rio: ultrajante e rid\u00edculo\"decoding=\"async\" src=\"https:\/\/vejasp.abril.com.br\/wp-content\/uploads\/2021\/06\/Diary-pages_page-0004.jpg\" \/><figcaption>Anne Frank: vers\u00e3o original de trecho acusado de erotiza\u00e7\u00e3o por parte de pais de alunos da escola Mobile<span class=\"copyright\">Funda\u00e7\u00e3o Anne Frank\/Veja SP<\/span><\/figcaption><\/figure>\n<figure><img title = \"[Tags]\"alt = \"Diary-pages_page-0005 Funda\u00e7\u00e3o Anne Frank sobre pais que viram pornografia em di\u00e1rio: ultrajante e rid\u00edculo\"decoding=\"async\" src=\"https:\/\/vejasp.abril.com.br\/wp-content\/uploads\/2021\/06\/Diary-pages_page-0003.jpg\" \/><figcaption>Anne Frank: vers\u00e3o original de trecho acusado de erotiza\u00e7\u00e3o por parte de pais de alunos da escola Mobile<span class=\"copyright\">Funda\u00e7\u00e3o Anne Frank\/Veja SP<\/span><\/figcaption><\/figure>\n<figure><img title = \"[Tags]\"alt = \"Diary-pages_page-0005 Funda\u00e7\u00e3o Anne Frank sobre pais que viram pornografia em di\u00e1rio: ultrajante e rid\u00edculo\"decoding=\"async\" src=\"https:\/\/vejasp.abril.com.br\/wp-content\/uploads\/2021\/06\/Diary-pages_page-0002.jpg\" \/><figcaption>Anne Frank: vers\u00e3o original de trecho acusado de erotiza\u00e7\u00e3o por parte de pais de alunos da escola Mobile<span class=\"copyright\">Funda\u00e7\u00e3o Anne Frank\/Veja SP<\/span><\/figcaption><\/figure>\n<figure><img title = \"[Tags]\"alt = \"Diary-pages_page-0005 Funda\u00e7\u00e3o Anne Frank sobre pais que viram pornografia em di\u00e1rio: ultrajante e rid\u00edculo\"decoding=\"async\" src=\"https:\/\/vejasp.abril.com.br\/wp-content\/uploads\/2021\/06\/Diary-pages_page-0001.jpg\" \/><figcaption>Anne Frank: vers\u00e3o original de trecho acusado de erotiza\u00e7\u00e3o por parte de pais de alunos da escola Mobile<span class=\"copyright\">Funda\u00e7\u00e3o Anne Frank\/Veja SP<\/span><\/figcaption><\/figure>\n<div><\/div>\n<div>\n<p>A <strong>Editora Record<\/strong>, parceira da <strong>Funda\u00e7\u00e3o Anne Frank no Brasil<\/strong>, tamb\u00e9m saiu em defesa do col\u00e9gio e disse que a acusa\u00e7\u00e3o de que a obra seria pornogr\u00e1fica e ofensiva \u00e0 comunidade judaica \u00e9 &#8220;totalmente infundada e descabida&#8221; e ressalta que o t\u00edtulo \u00e9 adotado por centenas de escolas no Brasil e no mundo.<\/p>\n<p>&#8220;A vers\u00e3o em quadrinhos, publicada com muito orgulho pela Editora Record, assim como a sua vers\u00e3o em ingl\u00eas, retrata de forma fiel o trecho do di\u00e1rio em que a autora, a adolescente judia Anne Frank, fala sobre a descoberta do pr\u00f3prio corpo, algo comum nesta fase da vida.&#8221;<\/p>\n<p>Outra entidade que saiu em defesa da obra foi a <strong>Federa\u00e7\u00e3o Israelita do Estado de S\u00e3o Paulo<\/strong>. Tamb\u00e9m em nota, ela diz que o ensino do Holocausto \u00e9 fundamental para que as novas gera\u00e7\u00f5es entendam do que o ser humano \u00e9 capaz e parabeniza a escola pela luta contra o preconceito e a discrimina\u00e7\u00e3o. &#8220;Em nenhum momento vemos ind\u00edcio de antissemitismo no material&#8221;, afirma a federa\u00e7\u00e3o, que ressalta que os trechos foram tirados de contexto e geraram um debate desnecess\u00e1rio sobre o tema.<\/p>\n<p><strong>Anne Frank<\/strong> foi uma adolescente de origem judaica v\u00edtima do Holocausto em 1945. Ela se tornou uma das figuras mais importantes da Hist\u00f3ria pelo seu di\u00e1rio, publicado postumamente, em que relata suas experi\u00eancias enquanto vivia escondida. A obra foi declarada patrim\u00f4nio da humanidade pela Organiza\u00e7\u00e3o das Na\u00e7\u00f5es Unidas para a Educa\u00e7\u00e3o, a Ci\u00eancia e a Cultura (Unesco).<\/p>\n<\/div>\n<div>\n<div><\/div>\n<div>\n<div class=\"js-gallery-widget rs_skip\">\n<div id=\"gallery-widget-nova\/\" class=\"gallery-widget gallery-widget-keydown\" data-channel=\"monicabergamo\">\n<div class=\"gallery-widget__header\">\n<div id=\"relacionadas\" class=\"block related-posts three_columns\">\n<ul class=\"block-menu\">\n<li data-tab=\"tab-1\" class=\"active\">Relacionadas<\/li>\n<\/ul>\n<div id=\"tab-1\" class=\"block-content active\">\n<div class=\"row\">\n<li class=\"widget-news-item without-thumb with-border\">\n<div class=\"widget-news-info\"><a href=\"http:\/\/vejasp.abril.com.br\/cidades\">Cidades<\/a><span class=\"widget-news-item-title\"><a href=\"https:\/\/vejasp.abril.com.br\/cidades\/morre-a-atriz-camilla-amado-de-tapas-e-beijos-e-eramos-seis\/\">Morre a atriz Camilla Amado, de &#8216;Tapas e Beijos&#8217; e &#8216;\u00c9ramos Seis&#8217;<\/a><\/span><span class=\"widget-news-item-date\">6 jun 2021 &#8211; 15h06<\/span><\/div>\n<\/li>\n<li class=\"widget-news-item without-thumb with-border\">\n<div class=\"widget-news-info\"><a href=\"http:\/\/vejasp.abril.com.br\/cultura-lazer\">Cultura &amp; Lazer<\/a><span class=\"widget-news-item-title\"><a href=\"https:\/\/vejasp.abril.com.br\/cultura-lazer\/nasce-filha-de-meghan-e-harry-que-tem-nome-em-homenagem-a-rainha-e-diana\/\">Nasce filha de Meghan e Harry, que tem nome em homenagem \u00e0 rainha e Diana<\/a><\/span><span class=\"widget-news-item-date\">6 jun 2021 &#8211; 13h06<\/span><\/div>\n<\/li>\n<li class=\"widget-news-item without-thumb with-border\">\n<div class=\"widget-news-info\"><a href=\"http:\/\/vejasp.abril.com.br\/cultura-lazer\">Cultura &amp; Lazer<\/a><span class=\"widget-news-item-title\"><a href=\"https:\/\/vejasp.abril.com.br\/cultura-lazer\/em-mudanca-historica-globo-deve-colocar-huck-zerado-no-lugar-de-faustao\/\">Em mudan\u00e7a hist\u00f3rica, Globo deve colocar Huck &#8216;zerado&#8217; no lugar de Faust\u00e3o<\/a><\/span><span class=\"widget-news-item-date\">6 jun 2021 &#8211; 12h06<\/span><\/div>\n<\/li>\n<\/div>\n<\/div>\n<\/div>\n<\/div>\n<\/div>\n<\/div>\n<\/div>\n<\/div>\n<div id=\"mais_lidas\" class=\"block related-posts mais-lidas\">\n<ul class=\"block-menu\">\n<li data-tab=\"tab-1\" class=\"active\">Mais lidas<\/li>\n<\/ul>\n<div id=\"tab-1\" class=\"block-content active\">\n<div class=\"row\">\n<div class=\"col-s-12 col-l-3\"><a href=\"https:\/\/vejasp.abril.com.br\/cidades\/suicidios-fflch-usp-saude-mental\/\" class=\"card\"><span class=\"category hide-s\">Cidades<\/span><img title = \"[Tags]\"data-src=\"https:\/\/vejasp.abril.com.br\/wp-content\/uploads\/2021\/06\/fflch.jpg?quality=70&amp;strip=info&amp;w=680&amp;h=453&amp;crop=1\"alt = \"Diary-pages_page-0005 Funda\u00e7\u00e3o Anne Frank sobre pais que viram pornografia em di\u00e1rio: ultrajante e rid\u00edculo\" class=\"lazyload media\"><span class=\"category hide-l\">Cidades<\/span><span class=\"title\">Sequ\u00eancia de suic\u00eddios p\u00f5e USP em alerta: &#8220;Precisamos saber onde erramos&#8221;<\/span><\/a><\/div>\n<div class=\"col-s-12 col-l-3\"><a href=\"https:\/\/vejasp.abril.com.br\/cidades\/pai-e-filha-morrem-apos-cairem-de-17o-andar-de-hotel-no-centro-da-capital\/\" class=\"card\"><span class=\"category hide-s\">Cidades<\/span><img title = \"[Tags]\"data-src=\"https:\/\/vejasp.abril.com.br\/wp-content\/uploads\/2021\/06\/699034590.jpg?quality=70&amp;strip=info&amp;crop=0px%2C480px%2C719px%2C489px&amp;resize=680%2C453\"alt = \"Diary-pages_page-0005 Funda\u00e7\u00e3o Anne Frank sobre pais que viram pornografia em di\u00e1rio: ultrajante e rid\u00edculo\" class=\"lazyload media\"><span class=\"category hide-l\">Cidades<\/span><span class=\"title\">Pai e filha morrem ap\u00f3s ca\u00edrem de 17\u00ba andar de hotel no centro da capital<\/span><\/a><\/div>\n<div class=\"col-s-12 col-l-3\"><a href=\"https:\/\/vejasp.abril.com.br\/saude\/sem-avisar-amigos-locutor-e-produtor-sertanejo-morre-isolado-com-covid-19\/\" class=\"card\"><span class=\"category hide-s\">Sa\u00fade<\/span><img title = \"[Tags]\"data-src=\"https:\/\/vejasp.abril.com.br\/wp-content\/uploads\/2021\/06\/194823325-2230575247079129-7785451882183532249-n-1-.jpg?quality=70&amp;strip=info&amp;w=680&amp;h=453&amp;crop=1\"alt = \"Diary-pages_page-0005 Funda\u00e7\u00e3o Anne Frank sobre pais que viram pornografia em di\u00e1rio: ultrajante e rid\u00edculo\" class=\"lazyload media\"><span class=\"category hide-l\">Sa\u00fade<\/span><span class=\"title\">Isolado sem avisar amigos, locutor e produtor sertanejo morre de Covid-19<\/span><\/a><\/div>\n<div class=\"col-s-12 col-l-3\"><a href=\"https:\/\/vejasp.abril.com.br\/saude\/missionario-r-r-soares-e-internado-com-covid-19\/\" class=\"card\"><span class=\"category hide-s\">Sa\u00fade<\/span><img title = \"[Tags]\"data-src=\"https:\/\/vejasp.abril.com.br\/wp-content\/uploads\/2018\/10\/lider-da-igreja-internacional-da-graca-de-deus-missionario-e-pastor-rr-soares-manifesta-apoio-ao-candidato-jair-bolsonaro-psl-1538823241841_615x470.jpg?quality=70&amp;strip=info&amp;w=615&amp;h=453&amp;crop=1\"alt = \"Diary-pages_page-0005 Funda\u00e7\u00e3o Anne Frank sobre pais que viram pornografia em di\u00e1rio: ultrajante e rid\u00edculo\" class=\"lazyload media\"><span class=\"category hide-l\">Sa\u00fade<\/span><span class=\"title\">Mission\u00e1rio R.R. Soares \u00e9 internado com Covid-19<\/span><\/a><\/div>\n<\/div>\n<\/div>\n<\/div>\n<div id=\"leia_mais\" class=\"block related-posts leia-mais\">\n<ul class=\"block-menu\">\n<li data-tab=\"tab-1\" class=\"active\">Leia mais<\/li>\n<\/ul>\n<div id=\"tab-1\" class=\"block-content active\">\n<div class=\"row\">\n<div class=\"col-s-12 col-l-3\"><a href=\"https:\/\/vejasp.abril.com.br\/cidades\/morre-a-atriz-camilla-amado-de-tapas-e-beijos-e-eramos-seis\/\" class=\"card\"><span class=\"category hide-s\">Cidades<\/span><img title = \"[Tags]\"data-src=\"https:\/\/vejasp.abril.com.br\/wp-content\/uploads\/2021\/06\/camila-amado-candoca-.jpg?quality=70&amp;strip=info&amp;crop=0px%2C140px%2C984px%2C670px&amp;resize=680%2C453\"alt = \"Diary-pages_page-0005 Funda\u00e7\u00e3o Anne Frank sobre pais que viram pornografia em di\u00e1rio: ultrajante e rid\u00edculo\" class=\"lazyload media\"><span class=\"category hide-l\">Cidades<\/span><span class=\"title\">Morre a atriz Camilla Amado, de &#039;Tapas e Beijos&#039; e &#039;\u00c9ramos Seis&#039;<\/span><\/a><\/div>\n<div class=\"col-s-12 col-l-3\"><a href=\"https:\/\/vejasp.abril.com.br\/cidades\/suspeito-de-matar-a-mae-fingiu-luto-e-prestou-homenagens-a-ela\/\" class=\"card\"><span class=\"category hide-s\">Cidades<\/span><img title = \"[Tags]\"data-src=\"https:\/\/vejasp.abril.com.br\/wp-content\/uploads\/2021\/06\/print-3.jpg?quality=70&amp;strip=info&amp;w=680&amp;h=453&amp;crop=1\"alt = \"Diary-pages_page-0005 Funda\u00e7\u00e3o Anne Frank sobre pais que viram pornografia em di\u00e1rio: ultrajante e rid\u00edculo\" class=\"lazyload media\"><span class=\"category hide-l\">Cidades<\/span><span class=\"title\">Suspeito de matar a m\u00e3e fingiu luto e prestou homenagens a ela<\/span><\/a><\/div>\n<div class=\"col-s-12 col-l-3\"><a href=\"https:\/\/vejasp.abril.com.br\/cidades\/covid-19-cidades-do-interior-decretam-lockdown-e-fecham-ate-mercado\/\" class=\"card\"><span class=\"category hide-s\">Cidades<\/span><img title = \"[Tags]\"data-src=\"https:\/\/vejasp.abril.com.br\/wp-content\/uploads\/2020\/06\/test-tube-5065424_1920.jpg?quality=70&amp;strip=info&amp;w=680&amp;h=453&amp;crop=1\"alt = \"Diary-pages_page-0005 Funda\u00e7\u00e3o Anne Frank sobre pais que viram pornografia em di\u00e1rio: ultrajante e rid\u00edculo\" class=\"lazyload media\"><span class=\"category hide-l\">Cidades<\/span><span class=\"title\">Covid-19: cidades do interior decretam lockdown e fecham at\u00e9 mercados<\/span><\/a><\/div>\n<div class=\"col-s-12 col-l-3\"><a href=\"https:\/\/vejasp.abril.com.br\/cidades\/pai-e-filha-morrem-apos-cairem-de-17o-andar-de-hotel-no-centro-da-capital\/\" class=\"card\"><span class=\"category hide-s\">Cidades<\/span><img title = \"[Tags]\"data-src=\"https:\/\/vejasp.abril.com.br\/wp-content\/uploads\/2021\/06\/699034590.jpg?quality=70&amp;strip=info&amp;crop=0px%2C480px%2C719px%2C489px&amp;resize=680%2C453\"alt = \"Diary-pages_page-0005 Funda\u00e7\u00e3o Anne Frank sobre pais que viram pornografia em di\u00e1rio: ultrajante e rid\u00edculo\" class=\"lazyload media\"><span class=\"category hide-l\">Cidades<\/span><span class=\"title\">Pai e filha morrem ap\u00f3s ca\u00edrem de 17\u00ba andar de hotel no centro da capital<\/span><\/a><\/div>\n<\/div>\n<\/div>\n<\/div>\n<p><br \/>\n<br \/><a href=\"https:\/\/vejasp.abril.com.br\/cidades\/fundacao-anne-frank-sobre-pais-que-viram-pornografia-em-diario\/\">Fonte do Artigo <\/a><br \/>\nTags:<br \/>\n#loterias #loteriascaixa #megasena #resultadoapostas#noticias #noticiario  #noticia #brasil #noticiascolombia #mundo #esporte #colombia #noticiadeld #ltimasnoticias  #noticiario #noticiasregionales #noticiasdepartamentales #noticiashoy #esportes #noticiaahora #elinformantenoticias #noticiasdeboyac  #esporteinterativo #esportivo #diariodosesportes  #noticiero  #jogodefutebol #jogos #loto #apostas<\/p>\n","protected":false},"excerpt":{"rendered":"<p>A Funda\u00e7\u00e3o Anne Frank classificou as acusa\u00e7\u00f5es de erotiza\u00e7\u00e3o da obra da jovem judia por parte de pais de alunos da Escola M\u00f3bile, em S\u00e3o Paulo, como &#8220;ultrajantes e rid\u00edculas&#8221;. O posicionamento acontece porque um grupo de pais procurou a dire\u00e7\u00e3o do col\u00e9gio de S\u00e3o Paulo alegando que a vers\u00e3o em quadrinhos do \u201cDi\u00e1rio de [&hellip;]<\/p>\n","protected":false},"author":1,"featured_media":68876,"comment_status":"open","ping_status":"open","sticky":false,"template":"","format":"standard","meta":{"footnotes":""},"categories":[1],"tags":[],"class_list":["post-68875","post","type-post","status-publish","format-standard","has-post-thumbnail","hentry","category-curso-de-copy"],"_links":{"self":[{"href":"https:\/\/wiy.com.br\/noticias\/wp-json\/wp\/v2\/posts\/68875","targetHints":{"allow":["GET"]}}],"collection":[{"href":"https:\/\/wiy.com.br\/noticias\/wp-json\/wp\/v2\/posts"}],"about":[{"href":"https:\/\/wiy.com.br\/noticias\/wp-json\/wp\/v2\/types\/post"}],"author":[{"embeddable":true,"href":"https:\/\/wiy.com.br\/noticias\/wp-json\/wp\/v2\/users\/1"}],"replies":[{"embeddable":true,"href":"https:\/\/wiy.com.br\/noticias\/wp-json\/wp\/v2\/comments?post=68875"}],"version-history":[{"count":0,"href":"https:\/\/wiy.com.br\/noticias\/wp-json\/wp\/v2\/posts\/68875\/revisions"}],"wp:featuredmedia":[{"embeddable":true,"href":"https:\/\/wiy.com.br\/noticias\/wp-json\/wp\/v2\/media\/68876"}],"wp:attachment":[{"href":"https:\/\/wiy.com.br\/noticias\/wp-json\/wp\/v2\/media?parent=68875"}],"wp:term":[{"taxonomy":"category","embeddable":true,"href":"https:\/\/wiy.com.br\/noticias\/wp-json\/wp\/v2\/categories?post=68875"},{"taxonomy":"post_tag","embeddable":true,"href":"https:\/\/wiy.com.br\/noticias\/wp-json\/wp\/v2\/tags?post=68875"}],"curies":[{"name":"wp","href":"https:\/\/api.w.org\/{rel}","templated":true}]}}