{"id":68811,"date":"2023-02-26T15:50:57","date_gmt":"2023-02-26T18:50:57","guid":{"rendered":"https:\/\/wiy.com.br\/noticias\/projeto-de-lei-quer-facilitar-portabilidade-de-servicos-de-telecomunicacao\/"},"modified":"2021-06-01T19:05:12","modified_gmt":"2021-06-01T22:05:12","slug":"projeto-de-lei-quer-facilitar-portabilidade-de-servicos-de-telecomunicacao","status":"publish","type":"post","link":"https:\/\/wiy.com.br\/noticias\/projeto-de-lei-quer-facilitar-portabilidade-de-servicos-de-telecomunicacao\/","title":{"rendered":"Projeto de lei quer facilitar portabilidade de servi\u00e7os de telecomunica\u00e7\u00e3o"},"content":{"rendered":"<p> <br \/>\n<\/p>\n<p>Se as migra\u00e7\u00f5es de servi\u00e7os de <a rel=\"noreferrer noopener\" href=\"https:\/\/olhardigital.com.br\/2021\/03\/16\/videos\/brasileiros-desaprovam-servicos-de-internet-de-banda-larga-fixa-no-pais\/\" target=\"_blank\">banda larga<\/a> e <a rel=\"noreferrer noopener\" href=\"https:\/\/olhardigital.com.br\/2020\/05\/16\/videos\/iptv-e-legal-entenda-a-tecnologia-que-permite-ver-tv-pela-internet-2\/\" target=\"_blank\">TV<\/a> por assinatura s\u00e3o complicadas, em breve, poder\u00e3o deixar de ser uma &#8220;dor de cabe\u00e7a&#8221; para os brasileiros. Isso porque o deputado Bira do Pindar\u00e9 (PSB-MA) apresentou, na \u00faltima semana, o Projeto de Lei 1517\/21, que visa facilitar a portabilidade de contratos de telecomunica\u00e7\u00e3o.<\/p>\n<p>O projeto, que tramita na <a href=\"https:\/\/olhardigital.com.br\/2021\/05\/21\/pro\/camara-aprova-mp-que-incentiva-internet-via-satelite\/\" target=\"_blank\" rel=\"noreferrer noopener\">C\u00e2mara dos Deputados<\/a>, inclui na Lei Geral de Telecomunica\u00e7\u00f5es o direito \u00e0 portabilidade do contrato para outras prestadoras do mesmo servi\u00e7o. A ideia de Bira \u00e9 estender o projeto a servi\u00e7os de telecomunica\u00e7\u00e3o como banda larga fixa e TVs por assinatura.<\/p>\n<p>&#8220;O intuito \u00e9 que a portabilidade seja poss\u00edvel para os usu\u00e1rios de todos os servi\u00e7os de telecomunica\u00e7\u00f5es. Para isso, ela n\u00e3o pode mais ser somente num\u00e9rica, tem que ser uma portabilidade de contratos&#8221;, defendeu o deputado.<\/p>\n<p>De acordo com Bira, a medida far\u00e1 com que o consumidor possa migrar seu servi\u00e7o de telecomunica\u00e7\u00e3o sem maiores problemas \u2014 como a atual <a href=\"https:\/\/olhardigital.com.br\/2021\/02\/11\/noticias\/nubank-lanca-emprestimo-vinculado-a-portabilidade-de-salario\/\" target=\"_blank\" rel=\"noreferrer noopener\">portabilidade<\/a> de n\u00fameros de celular. Deste modo, haver\u00e1 um intervalo m\u00ednimo entre o cancelamento e o in\u00edcio de um novo contrato, o que dever\u00e1 evitar casos de descontinuidade de servi\u00e7os ou mesmo o pagamento de dois contratos simultaneamente.<\/p>\n<figure class=\"wp-block-image size-large\"><img decoding=\"async\" loading=\"lazy\" width=\"1024\" height=\"768\" src=\"https:\/\/img.olhardigital.com.br\/wp-content\/uploads\/2021\/06\/Internet-e-TV-1024x768.jpg\"alt = \"Internet-e-TV-1024x768 Projeto de lei quer facilitar portabilidade de servi\u00e7os de telecomunica\u00e7\u00e3o\" class=\"wp-image-193645\"title = \"[Tags]\" \/><figcaption><em>Se aprovada, medida incluir\u00e1 pontos na Lei Geral de Telecomunica\u00e7\u00f5es. Lolostock\/Shutterstock<\/em><\/figcaption><\/figure>\n<p><strong>Leia mais:<\/strong><\/p>\n<ul>\n<li><a href=\"https:\/\/olhardigital.com.br\/2020\/03\/23\/noticias\/governo-define-internet-e-telecomunicacoes-como-servicos-essenciais\/\" target=\"_blank\" rel=\"noreferrer noopener\">Governo define internet e telecomunica\u00e7\u00f5es como servi\u00e7os essenciais<\/a><\/li>\n<li><a href=\"https:\/\/olhardigital.com.br\/2020\/04\/06\/noticias\/justica-federal-de-sp-proibe-corte-em-servicos-de-telecomunicacao\/\" target=\"_blank\" rel=\"noreferrer noopener\">Justi\u00e7a Federal de SP pro\u00edbe corte em servi\u00e7os de telecomunica\u00e7\u00e3o<\/a><\/li>\n<li><a href=\"https:\/\/olhardigital.com.br\/2020\/03\/11\/noticias\/empresas-de-telecomunicacao-lancam-sistema-de-autorregulamentacao\/\" target=\"_blank\" rel=\"noreferrer noopener\">Empresas de telecomunica\u00e7\u00e3o lan\u00e7am sistema de autorregulamenta\u00e7\u00e3o<\/a><\/li>\n<\/ul>\n<p>Embora a proposta deva facilitar a vida dos brasileiros e evitar problemas relacionados a servi\u00e7os de telecomunica\u00e7\u00e3o, o processo de aprova\u00e7\u00e3o pode demorar um certo tempo.<\/p>\n<p>A <a rel=\"noreferrer noopener\" href=\"https:\/\/olhardigital.com.br\/2021\/04\/15\/seguranca\/projeto-de-lei-que-endurece-penas-para-crimes-virtuais-e-aprovado-na-camara\/\" target=\"_blank\">PL<\/a> tramita em car\u00e1ter conclusivo \u2014 que dispensa a delibera\u00e7\u00e3o no Plen\u00e1rio \u2014 e ser\u00e1 analisada pelas comiss\u00f5es de Defesa do Consumidor; de Ci\u00eancia e Tecnologia, Comunica\u00e7\u00e3o e Inform\u00e1tica; e de Constitui\u00e7\u00e3o e Justi\u00e7a e de Cidadania. Se aprovada, ela ter\u00e1 de passar pelo Senado antes de chegar na mesa do presidente da Rep\u00fablica, que vai decidir sobre a san\u00e7\u00e3o.<\/p>\n<p>Caso torne-se lei, \u00e9 estimado que a medida entre em vigor apenas seis meses ap\u00f3s a aprova\u00e7\u00e3o. &#8220;Apesar da simplicidade da mudan\u00e7a legal, sua implementa\u00e7\u00e3o n\u00e3o \u00e9 trivial. Ela exigir\u00e1 maiores detalhamentos, assim como houve na portabilidade num\u00e9rica, regida por um regulamento da <a href=\"https:\/\/olhardigital.com.br\/2021\/03\/25\/tira-duvidas\/anatel-comparador-saiba-como-usar-o-app-de-comparacao-de-precos\/\" target=\"_blank\" rel=\"noreferrer noopener\">Anatel<\/a> [Ag\u00eancia Nacional de Telecomunica\u00e7\u00f5es]. Por esse motivo, prevemos um prazo para que esses detalhamentos sejam estabelecidos e que os ajustes operacionais possam ser colocados em pr\u00e1tica pelas prestadoras&#8221;, finalizou o deputado.<\/p>\n<p>Fonte: <em><a href=\"https:\/\/www.camara.leg.br\/noticias\/763346-projeto-garante-portabilidade-para-todos-os-contratos-de-telecomunicacao\/\" target=\"_blank\" rel=\"noreferrer noopener\">Ag\u00eancia C\u00e2mara de Not\u00edcias<\/a><\/em><\/p>\n<p><strong>J\u00e1 assistiu aos nossos novos v\u00eddeos no&nbsp;<a rel=\"noreferrer noopener\" href=\"http:\/\/www.youtube.com\/channel\/UCGV72aVJuWP0QPNGH4YgIww?sub_confirmation=1\" target=\"_blank\">YouTube<\/a>? Inscreva-se no nosso canal!<\/strong><\/p>\n<figure class=\"wp-block-embed-youtube wp-block-embed is-type-video is-provider-youtube wp-embed-aspect-16-9 wp-has-aspect-ratio\">\n<div class=\"wp-block-embed__wrapper\">\n<\/div>\n<\/figure>\n<p>O post <a rel=\"nofollow\" href=\"https:\/\/olhardigital.com.br\/2021\/06\/01\/pro\/projeto-de-lei-quer-facilitar-migracao-de-servicos-de-telecomunicacao\/\">Projeto de lei quer facilitar portabilidade de servi\u00e7os de telecomunica\u00e7\u00e3o<\/a> apareceu primeiro em <a rel=\"nofollow\" href=\"https:\/\/olhardigital.com.br\">Olhar Digital<\/a>.<\/p>\n<p><br \/>\n<br \/><a href=\"https:\/\/olhardigital.com.br\/2021\/06\/01\/pro\/projeto-de-lei-quer-facilitar-migracao-de-servicos-de-telecomunicacao\/\">Fonte do Artigo <\/a><br \/>\nTags:<\/p>\n<p><a href=\"https:\/\/wiy.com.br\/noticias\/categoria\/tecnologia\/\">#tecnologia<\/a> <a href=\"https:\/\/wiy.com.br\/noticias\/categoria\/tecnologia\/\">#tecnologias<\/a> <a href=\"https:\/\/wiy.com.br\/noticias\/categoria\/tecnologia\/\">#technology<\/a> <a href=\"https:\/\/wiy.com.br\/noticias\/categoria\/tecnologia\/\">#tecnolog<\/a> <a href=\"https:\/\/wiy.com.br\/noticias\/categoria\/tecnologia\/\">#iphone<\/a> <a href=\"https:\/\/wiy.com.br\/noticias\/categoria\/tecnologia\/\">#informatica<\/a> <a href=\"https:\/\/wiy.com.br\/noticias\/categoria\/tecnologia\/\">#tech<\/a> <a href=\"https:\/\/wiy.com.br\/noticias\/categoria\/tecnologia\/\">#design<\/a> <a href=\"https:\/\/wiy.com.br\/noticias\/categoria\/tecnologia\/\">#samsung<\/a> <a href=\"https:\/\/wiy.com.br\/noticias\/categoria\/tecnologia\/\">#internet<\/a> <a href=\"https:\/\/wiy.com.br\/noticias\/categoria\/tecnologia\/\">#apple<\/a> <a href=\"https:\/\/wiy.com.br\/noticias\/categoria\/tecnologia\/\">#smartphone<\/a> <a href=\"https:\/\/wiy.com.br\/noticias\/categoria\/tecnologia\/\">#seguranca<\/a> <a href=\"https:\/\/wiy.com.br\/noticias\/categoria\/tecnologia\/\">#venezuela<\/a> <a href=\"https:\/\/wiy.com.br\/noticias\/categoria\/tecnologia\/\">#celular<\/a> <a href=\"https:\/\/wiy.com.br\/noticias\/categoria\/tecnologia\/\">#celulares<\/a> <a href=\"https:\/\/wiy.com.br\/noticias\/categoria\/tecnologia\/\">#inovar<\/a> <a href=\"https:\/\/wiy.com.br\/noticias\/categoria\/tecnologia\/\">#qualidade<\/a> <a href=\"https:\/\/wiy.com.br\/noticias\/categoria\/tecnologia\/\">#software<\/a> <a href=\"https:\/\/wiy.com.br\/noticias\/categoria\/tecnologia\/\">#empresas<\/a> <a href=\"https:\/\/wiy.com.br\/noticias\/categoria\/tecnologia\/\">#cursos<\/a> <a href=\"https:\/\/wiy.com.br\/noticias\/categoria\/tecnologia\/\">#engenharia<\/a> <a href=\"https:\/\/wiy.com.br\/noticias\/categoria\/tecnologia\/\">#industria<\/a> <a href=\"https:\/\/wiy.com.br\/noticias\/categoria\/tecnologia\/\">#marketing<\/a> <a href=\"https:\/\/wiy.com.br\/noticias\/categoria\/tecnologia\/\">#ti<\/a> <a href=\"https:\/\/wiy.com.br\/noticias\/categoria\/tecnologia\/\">#tecnoblog<\/a> <a href=\"https:\/\/wiy.com.br\/noticias\/categoria\/tecnologia\/\">#veja<\/a> <a href=\"https:\/\/wiy.com.br\/noticias\/categoria\/tecnologia\/\">#olhardigital<\/a> <a href=\"https:\/\/wiy.com.br\/noticias\/categoria\/tecnologia\/\">#mundodigital<\/a> <a href=\"https:\/\/wiy.com.br\/noticias\/categoria\/tecnologia\/\">#inteligenciaartificial<\/a> <a href=\"https:\/\/wiy.com.br\/criacao-de-sites\/\">#criar site<\/a> <a href=\"https:\/\/wiy.com.br\/criacao-de-sites\/\">#criar site curitiba<\/a> <a href=\"https:\/\/wiy.com.br\/criacao-de-sites\/\">#wiysolutions<\/a><\/p>\n","protected":false},"excerpt":{"rendered":"<p>Se as migra\u00e7\u00f5es de servi\u00e7os de banda larga e TV por assinatura s\u00e3o complicadas, em breve, poder\u00e3o deixar de ser uma &#8220;dor de cabe\u00e7a&#8221; para os brasileiros. Isso porque o deputado Bira do Pindar\u00e9 (PSB-MA) apresentou, na \u00faltima semana, o Projeto de Lei 1517\/21, que visa facilitar a portabilidade de contratos de telecomunica\u00e7\u00e3o. O projeto, [&hellip;]<\/p>\n","protected":false},"author":1,"featured_media":68812,"comment_status":"open","ping_status":"open","sticky":false,"template":"","format":"standard","meta":{"footnotes":""},"categories":[5],"tags":[],"class_list":["post-68811","post","type-post","status-publish","format-standard","has-post-thumbnail","hentry","category-tecnologia"],"_links":{"self":[{"href":"https:\/\/wiy.com.br\/noticias\/wp-json\/wp\/v2\/posts\/68811","targetHints":{"allow":["GET"]}}],"collection":[{"href":"https:\/\/wiy.com.br\/noticias\/wp-json\/wp\/v2\/posts"}],"about":[{"href":"https:\/\/wiy.com.br\/noticias\/wp-json\/wp\/v2\/types\/post"}],"author":[{"embeddable":true,"href":"https:\/\/wiy.com.br\/noticias\/wp-json\/wp\/v2\/users\/1"}],"replies":[{"embeddable":true,"href":"https:\/\/wiy.com.br\/noticias\/wp-json\/wp\/v2\/comments?post=68811"}],"version-history":[{"count":0,"href":"https:\/\/wiy.com.br\/noticias\/wp-json\/wp\/v2\/posts\/68811\/revisions"}],"wp:featuredmedia":[{"embeddable":true,"href":"https:\/\/wiy.com.br\/noticias\/wp-json\/wp\/v2\/media\/68812"}],"wp:attachment":[{"href":"https:\/\/wiy.com.br\/noticias\/wp-json\/wp\/v2\/media?parent=68811"}],"wp:term":[{"taxonomy":"category","embeddable":true,"href":"https:\/\/wiy.com.br\/noticias\/wp-json\/wp\/v2\/categories?post=68811"},{"taxonomy":"post_tag","embeddable":true,"href":"https:\/\/wiy.com.br\/noticias\/wp-json\/wp\/v2\/tags?post=68811"}],"curies":[{"name":"wp","href":"https:\/\/api.w.org\/{rel}","templated":true}]}}