{"id":68792,"date":"2023-02-26T15:36:15","date_gmt":"2023-02-26T18:36:15","guid":{"rendered":"https:\/\/wiy.com.br\/noticias\/morre-o-cineasta-maurice-capovilla\/"},"modified":"2021-05-31T07:05:10","modified_gmt":"2021-05-31T10:05:10","slug":"morre-o-cineasta-maurice-capovilla","status":"publish","type":"post","link":"https:\/\/wiy.com.br\/noticias\/morre-o-cineasta-maurice-capovilla\/","title":{"rendered":"Morre o cineasta Maurice Capovilla"},"content":{"rendered":"<p> <br \/>\n<\/p>\n<p>O cineasta, ator, roteirista e produtor <strong>Maurice Capovilla<\/strong> morreu no s\u00e1bado (29), aos 85 anos. Segundo informa\u00e7\u00f5es da fam\u00edlia, ele faleceu em casa, no Rio de Janeiro. Capovilla, que sofria de Alzheimer h\u00e1 cinco anos e j\u00e1 n\u00e3o falava nem andava mais, estava acamado. O corpo de Cap\u00f4, como era chamado, ser\u00e1 cremado neste domingo (30) no Cremat\u00f3rio da Penit\u00eancia, no Caju, zona portu\u00e1ria do Rio de Janeiro. O vel\u00f3rio est\u00e1 marcado para as 15h, quando est\u00e1 prevista a chegada do corpo \u00e0 Capela 5.<img title = \"[Tags]\"alt = \"ebc Morre o cineasta Maurice Capovilla\"decoding=\"async\" src=\"https:\/\/agenciabrasil.ebc.com.br\/ebc.png?id=1411153&amp;o=node\" border=\"0\" \/><img title = \"[Tags]\"alt = \"ebc Morre o cineasta Maurice Capovilla\"decoding=\"async\" src=\"https:\/\/agenciabrasil.ebc.com.br\/ebc.gif?id=1411153&amp;o=node\" border=\"0\" \/><\/p>\n<p>Cap\u00f4 nasceu em 1936, na cidade paulista de Valinhos e estreou como cineasta nos anos \u00a01960, dirigindo o curta-metragem <em>Uni\u00e3o<\/em>, em 1962. Ele tamb\u00e9m dirigiu o document\u00e1rio <em>Subterr\u00e2neos do futebol<\/em>, de 1964. O primeiro longa-metragem foi <em>Bebel, garota propaganda<\/em> em 1968, com roteiro escrito por ele mesmo. Capovilla se baseou no conto <em>Bebel que a cidade comeu<\/em>, de Ign\u00e1cio de Loyola Brand\u00e3o.<\/p>\n<p>Nos anos 1970 dirigiu as s\u00e9ries Globo Shell e o programa <em>Globo Rep\u00f3rter<\/em>, da TV Globo. Nos anos 1980, foi diretor de n\u00facleo da Rede Bandeirantes. Seu \u00faltimo filme de longa-metragem como diretor e roteirista foi <em>Harmada<\/em>, em 2003 e em 2005 trabalhou pela \u00faltima vez como ator no filme <em>Donde comienza el camino<\/em>.<\/p>\n<p>O cineasta era casado h\u00e1 39 anos com Mar\u00edlia Alvim, com quem n\u00e3o teve filhos. Do primeiro casamento ele deixa Lia, Matias e Adriana do primeiro casamento, e do segundo, Mayra.<\/p>\n<div id=\"mais_lidas\" class=\"block related-posts mais-lidas\">\n<ul class=\"block-menu\">\n<li data-tab=\"tab-1\" class=\"active\">Mais lidas<\/li>\n<\/ul>\n<div id=\"tab-1\" class=\"block-content active\">\n<div class=\"row\">\n<div class=\"col-s-12 col-l-3\"><a href=\"https:\/\/vejasp.abril.com.br\/cidades\/filho-whindersson-nunes-nasce-prematuro\/\" class=\"card\"><span class=\"category hide-s\">Cidades<\/span><img title = \"[Tags]\"data-src=\"https:\/\/vejasp.abril.com.br\/wp-content\/uploads\/2021\/01\/club_whinderssonnunes_maria_123263398_716029305932296_8091827302740718470_n.jpg?quality=70&amp;strip=info&amp;w=620&amp;h=453&amp;crop=1\"alt = \"ebc Morre o cineasta Maurice Capovilla\" class=\"lazyload media\"><span class=\"category hide-l\">Cidades<\/span><span class=\"title\">Filho de Whindersson Nunes nasce prematuro ap\u00f3s 6 meses de gravidez<\/span><\/a><\/div>\n<div class=\"col-s-12 col-l-3\"><a href=\"https:\/\/vejasp.abril.com.br\/cultura-lazer\/irma-paulo-gustavo-texto-bolsonaro\/\" class=\"card\"><span class=\"category hide-s\">Cultura &amp; Lazer<\/span><img title = \"[Tags]\"data-src=\"https:\/\/vejasp.abril.com.br\/wp-content\/uploads\/2021\/05\/paulo-gustavo-covid.jpeg?quality=70&amp;strip=info&amp;w=680&amp;h=453&amp;crop=1\"alt = \"ebc Morre o cineasta Maurice Capovilla\" class=\"lazyload media\"><span class=\"category hide-l\">Cultura &amp; Lazer<\/span><span class=\"title\">Irm\u00e3 de Paulo Gustavo escreve carta para Bolsonaro: &#8220;n\u00e3o despeje seus sentimentos, n\u00e3o os aceito&#8221;<\/span><\/a><\/div>\n<div class=\"col-s-12 col-l-3\"><a href=\"https:\/\/vejasp.abril.com.br\/saude\/kit-covid-tratamento-precoce\/\" class=\"card\"><span class=\"category hide-s\">Sa\u00fade<\/span><img title = \"[Tags]\"data-src=\"https:\/\/vejasp.abril.com.br\/wp-content\/uploads\/2021\/03\/mufid-majnun-J12RfFH-2ZE-unsplash.jpg?quality=70&amp;strip=info&amp;w=680&amp;h=453&amp;crop=1\"alt = \"ebc Morre o cineasta Maurice Capovilla\" class=\"lazyload media\"><span class=\"category hide-l\">Sa\u00fade<\/span><span class=\"title\">&#8216;Maior parte dos que est\u00e3o aqui na UTI tomaram kit-Covid&#8217;, diz chefe do Incor<\/span><\/a><\/div>\n<div class=\"col-s-12 col-l-3\"><a href=\"https:\/\/vejasp.abril.com.br\/cidades\/soldado-da-pm-denuncia-homofobia-apos-piada-com-emoji-de-berinjela\/\" class=\"card\"><span class=\"category hide-s\">Cidades<\/span><img title = \"[Tags]\"data-src=\"https:\/\/vejasp.abril.com.br\/wp-content\/uploads\/2021\/05\/ofensas-homofobicas-pm-filho.jpg?quality=70&amp;strip=info&amp;w=680&amp;h=453&amp;crop=1\"alt = \"ebc Morre o cineasta Maurice Capovilla\" class=\"lazyload media\"><span class=\"category hide-l\">Cidades<\/span><span class=\"title\">Soldado da PM denuncia homofobia ap\u00f3s &#8216;piada&#8217; com emoji de berinjela<\/span><\/a><\/div>\n<\/div>\n<\/div>\n<\/div>\n<div id=\"leia_mais\" class=\"block related-posts leia-mais\">\n<ul class=\"block-menu\">\n<li data-tab=\"tab-1\" class=\"active\">Leia mais<\/li>\n<\/ul>\n<div id=\"tab-1\" class=\"block-content active\">\n<div class=\"row\">\n<div class=\"col-s-12 col-l-3\"><a href=\"https:\/\/vejasp.abril.com.br\/cidades\/joe-lara-tarzan-morre\/\" class=\"card\"><span class=\"category hide-s\">Cidades<\/span><img title = \"[Tags]\"data-src=\"https:\/\/vejasp.abril.com.br\/wp-content\/uploads\/2021\/05\/joe-lara.jpg?quality=70&amp;strip=info&amp;w=680&amp;h=453&amp;crop=1\"alt = \"ebc Morre o cineasta Maurice Capovilla\" class=\"lazyload media\"><span class=\"category hide-l\">Cidades<\/span><span class=\"title\">Joe Lara, de &#039;As Aventuras \u00c9picas de Tarzan&#039;, morre nos EUA<\/span><\/a><\/div>\n<div class=\"col-s-12 col-l-3\"><a href=\"https:\/\/vejasp.abril.com.br\/cidades\/filho-whindersson-nunes-nasce-prematuro\/\" class=\"card\"><span class=\"category hide-s\">Cidades<\/span><img title = \"[Tags]\"data-src=\"https:\/\/vejasp.abril.com.br\/wp-content\/uploads\/2021\/01\/club_whinderssonnunes_maria_123263398_716029305932296_8091827302740718470_n.jpg?quality=70&amp;strip=info&amp;w=620&amp;h=453&amp;crop=1\"alt = \"ebc Morre o cineasta Maurice Capovilla\" class=\"lazyload media\"><span class=\"category hide-l\">Cidades<\/span><span class=\"title\">Filho de Whindersson Nunes nasce prematuro ap\u00f3s 6 meses de gravidez<\/span><\/a><\/div>\n<div class=\"col-s-12 col-l-3\"><a href=\"https:\/\/vejasp.abril.com.br\/cidades\/policia-encontra-balada-clandestina-faria-lima\/\" class=\"card\"><span class=\"category hide-s\">Cidades<\/span><img title = \"[Tags]\"data-src=\"https:\/\/vejasp.abril.com.br\/wp-content\/uploads\/2021\/05\/balada.jpg?quality=70&amp;strip=info&amp;w=600&amp;h=400&amp;crop=1\"alt = \"ebc Morre o cineasta Maurice Capovilla\" class=\"lazyload media\"><span class=\"category hide-l\">Cidades<\/span><span class=\"title\">Pol\u00edcia encontra 600 pessoas em balada clandestina na Faria Lima<\/span><\/a><\/div>\n<div class=\"col-s-12 col-l-3\"><a href=\"https:\/\/vejasp.abril.com.br\/cidades\/protesto-contra-bolsonaro-avenida-paulista-29-maio\/\" class=\"card\"><span class=\"category hide-s\">Cidades<\/span><img title = \"[Tags]\"data-src=\"https:\/\/vejasp.abril.com.br\/wp-content\/uploads\/2021\/05\/WhatsApp-Image-2021-05-29-at-17.15.51.jpeg?quality=70&amp;strip=info&amp;w=680&amp;h=453&amp;crop=1\"alt = \"ebc Morre o cineasta Maurice Capovilla\" class=\"lazyload media\"><span class=\"category hide-l\">Cidades<\/span><span class=\"title\">Protesto contra Bolsonaro toma conta da Avenida Paulista<\/span><\/a><\/div>\n<\/div>\n<\/div>\n<\/div>\n<div class=\"ads post-ads\"><span class=\"title\">Continua ap\u00f3s a publicidade<\/span><\/p>\n<div id=\"abrAD_rectangle3\" class=\"abrAD\" data-ad-><\/div>\n<\/div>\n<p><br \/>\n<br \/><a href=\"https:\/\/vejasp.abril.com.br\/cidades\/morre-o-cineasta-maurice-capovilla\/\">Fonte do Artigo <\/a><br \/>\nTags:<br \/>\n#loterias #loteriascaixa #megasena #resultadoapostas#noticias #noticiario  #noticia #brasil #noticiascolombia #mundo #esporte #colombia #noticiadeld #ltimasnoticias  #noticiario #noticiasregionales #noticiasdepartamentales #noticiashoy #esportes #noticiaahora #elinformantenoticias #noticiasdeboyac  #esporteinterativo #esportivo #diariodosesportes  #noticiero  #jogodefutebol #jogos #loto #apostas<\/p>\n","protected":false},"excerpt":{"rendered":"<p>O cineasta, ator, roteirista e produtor Maurice Capovilla morreu no s\u00e1bado (29), aos 85 anos. Segundo informa\u00e7\u00f5es da fam\u00edlia, ele faleceu em casa, no Rio de Janeiro. Capovilla, que sofria de Alzheimer h\u00e1 cinco anos e j\u00e1 n\u00e3o falava nem andava mais, estava acamado. O corpo de Cap\u00f4, como era chamado, ser\u00e1 cremado neste domingo [&hellip;]<\/p>\n","protected":false},"author":1,"featured_media":68793,"comment_status":"open","ping_status":"open","sticky":false,"template":"","format":"standard","meta":{"footnotes":""},"categories":[1],"tags":[],"class_list":["post-68792","post","type-post","status-publish","format-standard","has-post-thumbnail","hentry","category-curso-de-copy"],"_links":{"self":[{"href":"https:\/\/wiy.com.br\/noticias\/wp-json\/wp\/v2\/posts\/68792","targetHints":{"allow":["GET"]}}],"collection":[{"href":"https:\/\/wiy.com.br\/noticias\/wp-json\/wp\/v2\/posts"}],"about":[{"href":"https:\/\/wiy.com.br\/noticias\/wp-json\/wp\/v2\/types\/post"}],"author":[{"embeddable":true,"href":"https:\/\/wiy.com.br\/noticias\/wp-json\/wp\/v2\/users\/1"}],"replies":[{"embeddable":true,"href":"https:\/\/wiy.com.br\/noticias\/wp-json\/wp\/v2\/comments?post=68792"}],"version-history":[{"count":0,"href":"https:\/\/wiy.com.br\/noticias\/wp-json\/wp\/v2\/posts\/68792\/revisions"}],"wp:featuredmedia":[{"embeddable":true,"href":"https:\/\/wiy.com.br\/noticias\/wp-json\/wp\/v2\/media\/68793"}],"wp:attachment":[{"href":"https:\/\/wiy.com.br\/noticias\/wp-json\/wp\/v2\/media?parent=68792"}],"wp:term":[{"taxonomy":"category","embeddable":true,"href":"https:\/\/wiy.com.br\/noticias\/wp-json\/wp\/v2\/categories?post=68792"},{"taxonomy":"post_tag","embeddable":true,"href":"https:\/\/wiy.com.br\/noticias\/wp-json\/wp\/v2\/tags?post=68792"}],"curies":[{"name":"wp","href":"https:\/\/api.w.org\/{rel}","templated":true}]}}