{"id":68652,"date":"2023-02-26T15:17:06","date_gmt":"2023-02-26T18:17:06","guid":{"rendered":"https:\/\/wiy.com.br\/noticias\/aeroporto-e-ong-de-resgate-animal-travam-embate-por-terreno-em-jundiai\/"},"modified":"2021-05-19T22:05:11","modified_gmt":"2021-05-20T01:05:11","slug":"aeroporto-e-ong-de-resgate-animal-travam-embate-por-terreno-em-jundiai","status":"publish","type":"post","link":"https:\/\/wiy.com.br\/noticias\/aeroporto-e-ong-de-resgate-animal-travam-embate-por-terreno-em-jundiai\/","title":{"rendered":"Aeroporto e ONG de resgate animal travam embate por terreno em Jundia\u00ed"},"content":{"rendered":"<p> <br \/>\n<\/p>\n<p>Uma disputa que envolve o governo de <strong>S\u00e3o Paulo<\/strong>, a concession\u00e1ria que administra o <strong>Aeroporto de Jundia\u00ed<\/strong> e uma ONG de acolhimento e reabilita\u00e7\u00e3o de <strong>animais<\/strong> <strong>silvestres<\/strong> ganhou destaque na \u00faltima semana. Desde segunda-feira (17), ativistas e membros da <strong>Associa\u00e7\u00e3o Mata Ciliar<\/strong> fazem uma vig\u00edlia no terreno cedido pelo poder p\u00fablico (vizinho do aeroporto) onde a institui\u00e7\u00e3o tem uma unidade.<\/p>\n<p>Tudo come\u00e7ou quando a <strong>VOA SP<\/strong>, concession\u00e1ria que desde 2017 administra terminais aeroportu\u00e1rios privados em cinco cidades paulistas, notificou a Mata Ciliar, solicitando a desocupa\u00e7\u00e3o de parte do terreno onde fica a ONG. A empresa deu 48 horas para o esvaziamento do local, mas afirmou que o prazo \u00e9 &#8220;meramente burocr\u00e1tico&#8221;. 130 animais silvestres ficam na \u00e1rea. A empresa pede a \u00e1rea para amplia\u00e7\u00e3o das atividades comerciais do aeroporto.<\/p>\n<p>Desde ent\u00e3o, ativistas da Mata Ciliar fazem uma vig\u00edlia no terreno pleiteado, temendo uma a\u00e7\u00e3o da VOA. De acordo com a ONG, h\u00e1 duas semanas a concession\u00e1ria retirou parte das cercas do local. Uma reuni\u00e3o est\u00e1 marcada entre governo do estado, a VOA, a Mata, e a prefeitura de Jundia\u00ed para sexta-feira (20), em uma tentativa de resolu\u00e7\u00e3o da quest\u00e3o.<\/p>\n<h3><strong>LINHA DO TEMPO<\/strong><\/h3>\n<p>A hist\u00f3ria \u00e9 complicada. Em 1995, a Mata Ciliar firmou uma parceria com o Centro Paula Souza (autarquia estadual da \u00e1rea de educa\u00e7\u00e3o), que cedeu o terreno, vizinho ao Aeroporto de Jundia\u00ed, para o uso da institui\u00e7\u00e3o. &#8220;A gente recebe animais do estado inteiro: da Pol\u00edcia Ambiental, Corpo de Bombeiros. Temos conv\u00eanios com onze munic\u00edpios da regi\u00e3o de Jundia\u00ed&#8221;, explica Samuel de Oliveira Nunes, coordenador de comunica\u00e7\u00e3o da entidade. A ONG conta com unidades tamb\u00e9m nas cidades paulistas de Ara\u00e7atuba, Pedreira e Vargem.<\/p>\n<p>&#8220;Realiz\u00e1vamos forma\u00e7\u00f5es com os alunos de educa\u00e7\u00e3o ambiental do Paula Souza, mas esse conv\u00eanio findou-se em 2017 e a Mata come\u00e7ou a ir atr\u00e1s para regularizar a perman\u00eancia no local&#8221;, explica a advogada da institui\u00e7\u00e3o, Juliana Oliveira.<\/p>\n<p>Em 2020 o terreno onde fica a ONG apareceu em uma fila de leil\u00f5es de terrenos estaduais, o que assustou a entidade e causou press\u00e3o da sociedade civil de Jundia\u00ed: como resultado, o vice-governador <strong>Rodrigo Garcia<\/strong> (PSDB) gravou um v\u00eddeo se comprometendo a trabalhar pela regulariza\u00e7\u00e3o da situa\u00e7\u00e3o da Mata Ciliar e garantir a perman\u00eancia definitiva da entidade na \u00e1rea.<\/p>\n<p>&#8220;A Mata tem muita credibilidade em Jundia\u00ed. Sempre participa dos conselhos municipais, faz parte do di\u00e1logo p\u00fablico. Por isso o apoio por parte da popula\u00e7\u00e3o \u00e9 t\u00e3o forte&#8221;, comenta o cientista social e ativista Henrique Parra Filho, atuante em quest\u00f5es ambientais no munic\u00edpio.<\/p>\n<p>Mas, em 2021, outra reviravolta: a VOA SP requereu a desocupa\u00e7\u00e3o de 29 000 dos 326 500 metros quadrados onde ficam as instala\u00e7\u00f5es da Mata Ciliar. E a\u00ed a confus\u00e3o de vers\u00f5es ganha for\u00e7a: a entidade afirma que, em 1998, o governo do estado publicou um decreto dando os tais 29 000 metros quadrados para o Aeroporto de Jundia\u00ed, antes estadual e agora com administra\u00e7\u00e3o privada. O que a entidade alega \u00e9 que nunca teve conhecimento dessa mudan\u00e7a at\u00e9 agora, em 2021. &#8220;A \u00e1rea nunca foi pleiteada, nunca tentaram retomar esse terreno&#8221;, afirma a advogada Juliana.<\/p>\n<p>&#8220;\u00c9 um problema de disputa territorial: um terreno que \u00e9 do governo estadual, cedido para a fauna silvestre, mas ao mesmo tempo cedido para o Aeroporto. Percebemos que houve um problema de comunica\u00e7\u00e3o&#8221;, conta a deputada estadual Marina Helou (REDE), que enviou uma equipe para Jundia\u00ed para acompanhar o desenrolar da quest\u00e3o.<\/p>\n<p>&#8220;A prefeitura n\u00e3o s\u00f3 reconhece a import\u00e2ncia da Mata Ciliar, mas apoia a entidade com valor mensal de 64 000 reais. A administra\u00e7\u00e3o est\u00e1 \u00e0 disposi\u00e7\u00e3o para participar desta discuss\u00e3o&#8221;, disse em nota a administra\u00e7\u00e3o de Luiz Fernando Machado (PSDB).<\/p>\n<div class=\"ads post-ads\"><span class=\"title\">Continua ap\u00f3s a publicidade<\/span><\/p>\n<div id=\"abrAD_rectangle2\" class=\"abrAD\" data-ad-><\/div>\n<\/div>\n<h3><strong>O MOTIVO DA DESOCUPA\u00c7\u00c3O, SEGUNDO A VOA<\/strong><\/h3>\n<p>De acordo com a concession\u00e1ria, as tratativas para a devolu\u00e7\u00e3o do terreno de 29 000 metros quadrados se iniciaram em 2019. Desde ent\u00e3o, diz a VOA, &#8220;as partes iniciaram di\u00e1logo para a devolu\u00e7\u00e3o da \u00e1rea e remanejamento total da ONG para outro local do munic\u00edpio&#8221;. A empresa afirma ainda que se prop\u00f4s a arcar com todos os custos para uma eventual mudan\u00e7a.<\/p>\n<p>A Mata Ciliar nega que qualquer acordo tenha ocorrido. &#8220;Esse contato nunca existiu&#8221;, alega Juliana. A VOA alega que as atividades da ONG, que cuida de animais silvestres, atraem a presen\u00e7a de urubus, o que aumentaria o risco de acidentes a\u00e9reos. A empresa formulou um parecer t\u00e9cnico sobre a presen\u00e7a das aves e enviou para \u00f3rg\u00e3os com a ANAC (Ag\u00eancia Nacional de Avia\u00e7\u00e3o Civil) e o Departamento Aerovi\u00e1rio do Estado de S\u00e3o Paulo (DAESP<span>). <\/span>&#8220;A VOA expressa grande preocupa\u00e7\u00e3o quanto a perman\u00eancia da ONG Mata Ciliar a partir do dia 20 de maio, quando o aeroporto come\u00e7a a operar por instrumentos e ir\u00e1 incrementar suas rotas comerciais&#8221;.<\/p>\n<p>&#8220;Estamos no p\u00e9 da Serra do Japi, o maior remanescente de Mata Atl\u00e2ntica da regi\u00e3o. A gente j\u00e1 resgatou lobo-guar\u00e1 dentro do aeroporto. A quest\u00e3o do urubu e tantas outras aves, \u00e9 pela localiza\u00e7\u00e3o, aqui tem de tudo. A pr\u00f3pria concession\u00e1ria nos tr\u00e1s bichos que s\u00e3o resgatados&#8221;, comenta o coordenador de comunica\u00e7\u00e3o da Mata, Samuel.<\/p>\n<p>A concession\u00e1ria alega tamb\u00e9m que depois do suposto di\u00e1logo ter se iniciado em 2019, a ONG acelerou &#8220;obras na \u00e1rea da concession\u00e1ria, construindo viveiros de animais silvestres&#8221;. A Mata n\u00e3o nega as novas edifica\u00e7\u00f5es: &#8220;a demanda \u00e9 gigantesca. A gente recebe mais de 30 esp\u00e9cimes por dia, precisamos expandir o nosso trabalho&#8221;, afirma Samuel. &#8220;Lobo-guar\u00e1, jaguatirica, anta, jabutis, tucanos, s\u00e3o alguns das esp\u00e9cies naquela \u00e1rea&#8221;, diz a advogada Juliana.<\/p>\n<h3><strong>O GOVERNO DO ESTADO<\/strong><\/h3>\n<p>Procurada, a gest\u00e3o <strong>Jo\u00e3o Doria<\/strong> (PSDB) afirmou que o conflito sobre a \u00e1rea de 29 000 metros quadrados \u00e9 uma &#8220;tratativa entre a Associa\u00e7\u00e3o e a Concession\u00e1ria&#8221;. Afirmou que a \u00e1rea que o vice-governador <strong>Rodrigo Garcia<\/strong> se comprometeu a regularizar para uso permanente da Mata Ciliar \u00e9 a de 297 500 metros quadrados, do Centro Paula Souza.<\/p>\n<p>&#8220;O Conselho do Patrim\u00f4nio Imobili\u00e1rio estuda como atender legalmente a Associa\u00e7\u00e3o, considerando que ela ocupa a \u00e1rea hoje a t\u00edtulo prec\u00e1rio. Para que a ocupa\u00e7\u00e3o seja permanente \u00e9 preciso um instrumento legal de permiss\u00e3o de uso. O Conselho trabalha para regulariza\u00e7\u00e3o. N\u00e3o houve mudan\u00e7a no compromisso tampouco na solu\u00e7\u00e3o encontrada pelo governo e associa\u00e7\u00e3o, que tem ci\u00eancia das limita\u00e7\u00f5es legais do Estado&#8221;, diz a administra\u00e7\u00e3o de Doria, em nota.<span><b><br \/>\n<\/b><\/span><\/p>\n<h3><strong>REUNI\u00c3O<\/strong><\/h3>\n<p>&#8220;A \u00fanica forma de resolu\u00e7\u00e3o \u00e9 pelo di\u00e1logo. Ter\u00e1 uma reuni\u00e3o na sexta-feira (21), ap\u00f3s articula\u00e7\u00e3o com a Secretaria do Meio Ambiente&#8221;, afirma Marina Helou (REDE). &#8220;At\u00e9 l\u00e1, enquanto a quest\u00e3o n\u00e3o for resolvida de forma definitiva, vamos manter a vig\u00edlia&#8221;, diz a advogada Juliana.<\/p>\n<h3>ANAC E DAESP<\/h3>\n<p>A ANAC e a DAESP confirmaram o recebimento do parecer t\u00e9cnico da VOA, que alega que a presen\u00e7a de urubus na regi\u00e3o \u00e9 ocasionada pelas atividades da Mata Ciliar, relatando que tal fen\u00f4meno \u00e9 um risco para as opera\u00e7\u00f5es do aeroporto.<\/p>\n<p>O DAESP informa que submeteu o parecer para an\u00e1lise e informa que a presen\u00e7a de qualquer esp\u00e9cie de animais &#8220;sobretudo as aves, nas proximidades dos aeroportos, representa um risco \u00e0s opera\u00e7\u00f5es a\u00e9reas. O regulamento brasileiro de Avia\u00e7\u00e3o Civil determina que o operador do aeroporto seja respons\u00e1vel pela implementa\u00e7\u00e3o de procedimentos b\u00e1sicos capazes de diminuir o risco de colis\u00e3o entre aeronaves e fauna&#8221;, diz o \u00f3rg\u00e3o, em nota.<\/p>\n<p>A ANAC afirmou que o parecer foi peticionado na ag\u00eancia nesta quarta e que &#8220;poder\u00e1 se manifestar ap\u00f3s an\u00e1lise das informa\u00e7\u00f5es&#8221;.<span><\/span><\/p>\n<div id=\"mais_lidas\" class=\"block related-posts mais-lidas\">\n<ul class=\"block-menu\">\n<li data-tab=\"tab-1\" class=\"active\">Mais lidas<\/li>\n<\/ul>\n<div id=\"tab-1\" class=\"block-content active\">\n<div class=\"row\">\n<div class=\"col-s-12 col-l-3\"><a href=\"https:\/\/vejasp.abril.com.br\/cidades\/mc-kevin-policia-investida-motivo-morte\/\" class=\"card\"><span class=\"category hide-s\">Cidades<\/span><img title = \"[Tags]\"data-src=\"https:\/\/vejasp.abril.com.br\/wp-content\/uploads\/2021\/05\/MC-Kevin.jpg?quality=70&amp;strip=info&amp;crop=0px%2C433px%2C1080px%2C734px&amp;resize=680%2C453\"alt = \"MC-Kevin Aeroporto e ONG de resgate animal travam embate por terreno em Jundia\u00ed\" class=\"lazyload media\"><span class=\"category hide-l\">Cidades<\/span><span class=\"title\">MC Kevin: o que se sabe at\u00e9 agora sobre a morte do cantor de 23 anos<\/span><\/a><\/div>\n<div class=\"col-s-12 col-l-3\"><a href=\"https:\/\/vejasp.abril.com.br\/cidades\/modelo-diz-que-kevin-tentou-pular-para-outro-quarto-para-encobrir-traicao\/\" class=\"card\"><span class=\"category hide-s\">Cidades<\/span><img title = \"[Tags]\"data-src=\"https:\/\/vejasp.abril.com.br\/wp-content\/uploads\/2021\/05\/MC-Kevin.jpg?quality=70&amp;strip=info&amp;crop=0px%2C433px%2C1080px%2C734px&amp;resize=680%2C453\"alt = \"MC-Kevin Aeroporto e ONG de resgate animal travam embate por terreno em Jundia\u00ed\" class=\"lazyload media\"><span class=\"category hide-l\">Cidades<\/span><span class=\"title\">Modelo diz que MC Kevin tentou pular para outro quarto para encobrir trai\u00e7\u00e3o<\/span><\/a><\/div>\n<div class=\"col-s-12 col-l-3\"><a href=\"https:\/\/vejasp.abril.com.br\/cidades\/laudo-aponta-causa-da-morte-de-mc-kevin\/\" class=\"card\"><span class=\"category hide-s\">Cidades<\/span><img title = \"[Tags]\"data-src=\"https:\/\/vejasp.abril.com.br\/wp-content\/uploads\/2021\/05\/mc-kevin-academia.jpg?quality=70&amp;strip=info&amp;crop=0px%2C362px%2C1080px%2C735px&amp;resize=680%2C453\"alt = \"MC-Kevin Aeroporto e ONG de resgate animal travam embate por terreno em Jundia\u00ed\" class=\"lazyload media\"><span class=\"category hide-l\">Cidades<\/span><span class=\"title\">Laudo aponta causa da morte de MC Kevin<\/span><\/a><\/div>\n<div class=\"col-s-12 col-l-3\"><a href=\"https:\/\/vejasp.abril.com.br\/cidades\/em-velorio-viuva-de-mc-kevin-diz-que-cantor-tinha-amigos-sanguessugas\/\" class=\"card\"><span class=\"category hide-s\">Cidades<\/span><img title = \"[Tags]\"data-src=\"https:\/\/vejasp.abril.com.br\/wp-content\/uploads\/2021\/05\/mc-kevin-e-deolane-17052021092324625.jpeg?quality=70&amp;strip=info&amp;w=680&amp;h=420&amp;crop=1\"alt = \"MC-Kevin Aeroporto e ONG de resgate animal travam embate por terreno em Jundia\u00ed\" class=\"lazyload media\"><span class=\"category hide-l\">Cidades<\/span><span class=\"title\">Em vel\u00f3rio, vi\u00fava de MC Kevin diz que cantor tinha amigos &#8216;sanguessugas&#8217;<\/span><\/a><\/div>\n<\/div>\n<\/div>\n<\/div>\n<div id=\"leia_mais\" class=\"block related-posts leia-mais\">\n<ul class=\"block-menu\">\n<li data-tab=\"tab-1\" class=\"active\">Leia mais<\/li>\n<\/ul>\n<div id=\"tab-1\" class=\"block-content active\">\n<div class=\"row\">\n<div class=\"col-s-12 col-l-3\"><a href=\"https:\/\/vejasp.abril.com.br\/cidades\/doria-arrepende-amargamente-bolsodoria\/\" class=\"card\"><span class=\"category hide-s\">Cidades<\/span><img title = \"[Tags]\"data-src=\"https:\/\/vejasp.abril.com.br\/wp-content\/uploads\/2020\/10\/1602941292326546.jpg?quality=70&amp;strip=info&amp;w=680&amp;h=453&amp;crop=1\"alt = \"MC-Kevin Aeroporto e ONG de resgate animal travam embate por terreno em Jundia\u00ed\" class=\"lazyload media\"><span class=\"category hide-l\">Cidades<\/span><span class=\"title\">Doria afirma que se arrepende \u2018amargamente\u2019 de &#039;Bolsodoria&#039;<\/span><\/a><\/div>\n<div class=\"col-s-12 col-l-3\"><a href=\"https:\/\/vejasp.abril.com.br\/cidades\/proibicao-fogos-artificio-barulho-alesp\/\" class=\"card\"><span class=\"category hide-s\">Cidades<\/span><img title = \"[Tags]\"data-src=\"https:\/\/vejasp.abril.com.br\/wp-content\/uploads\/2020\/12\/reveillon2019_311218_foto_josecordeiro_05641.jpg?quality=70&amp;strip=info&amp;w=680&amp;h=453&amp;crop=1\"alt = \"MC-Kevin Aeroporto e ONG de resgate animal travam embate por terreno em Jundia\u00ed\" class=\"lazyload media\"><span class=\"category hide-l\">Cidades<\/span><span class=\"title\">Alesp aprova proibi\u00e7\u00e3o da venda de fogos de artif\u00edcio com barulho<\/span><\/a><\/div>\n<div class=\"col-s-12 col-l-3\"><a href=\"https:\/\/vejasp.abril.com.br\/cidades\/mc-kevin-amigo-maos-escorregarem\/\" class=\"card\"><span class=\"category hide-s\">Cidades<\/span><img title = \"[Tags]\"data-src=\"https:\/\/vejasp.abril.com.br\/wp-content\/uploads\/2021\/05\/MC-Kevin.jpg?quality=70&amp;strip=info&amp;crop=0px%2C433px%2C1080px%2C734px&amp;resize=680%2C453\"alt = \"MC-Kevin Aeroporto e ONG de resgate animal travam embate por terreno em Jundia\u00ed\" class=\"lazyload media\"><span class=\"category hide-l\">Cidades<\/span><span class=\"title\">Em depoimento, MC VK diz que viu m\u00e3os de MC Kevin escorregarem<\/span><\/a><\/div>\n<div class=\"col-s-12 col-l-3\"><a href=\"https:\/\/vejasp.abril.com.br\/cidades\/joao-doria-flexibiliza-restricoes-em-sao-paulo-a-partir-de-1o-de-junho\/\" class=\"card\"><span class=\"category hide-s\">Cidades<\/span><img title = \"[Tags]\"data-src=\"https:\/\/vejasp.abril.com.br\/wp-content\/uploads\/2021\/05\/51170933588_af658ed333_o.jpg?quality=70&amp;strip=info&amp;w=680&amp;h=453&amp;crop=1\"alt = \"MC-Kevin Aeroporto e ONG de resgate animal travam embate por terreno em Jundia\u00ed\" class=\"lazyload media\"><span class=\"category hide-l\">Cidades<\/span><span class=\"title\">Jo\u00e3o Doria flexibiliza restri\u00e7\u00f5es em S\u00e3o Paulo a partir de 1\u00ba de junho<\/span><\/a><\/div>\n<\/div>\n<\/div>\n<\/div>\n<div class=\"ads post-ads\"><span class=\"title\">Continua ap\u00f3s a publicidade<\/span><\/p>\n<div id=\"abrAD_rectangle3\" class=\"abrAD\" data-ad-><\/div>\n<\/div>\n<p><br \/>\n<br \/><a href=\"https:\/\/vejasp.abril.com.br\/cidades\/voa-mata-ciliar-jundiai-governo-sp-aeroporto\/\">Fonte do Artigo <\/a><br \/>\nTags:<br \/>\n#loterias #loteriascaixa #megasena #resultadoapostas#noticias #noticiario  #noticia #brasil #noticiascolombia #mundo #esporte #colombia #noticiadeld #ltimasnoticias  #noticiario #noticiasregionales #noticiasdepartamentales #noticiashoy #esportes #noticiaahora #elinformantenoticias #noticiasdeboyac  #esporteinterativo #esportivo #diariodosesportes  #noticiero  #jogodefutebol #jogos #loto #apostas<\/p>\n","protected":false},"excerpt":{"rendered":"<p>Uma disputa que envolve o governo de S\u00e3o Paulo, a concession\u00e1ria que administra o Aeroporto de Jundia\u00ed e uma ONG de acolhimento e reabilita\u00e7\u00e3o de animais silvestres ganhou destaque na \u00faltima semana. Desde segunda-feira (17), ativistas e membros da Associa\u00e7\u00e3o Mata Ciliar fazem uma vig\u00edlia no terreno cedido pelo poder p\u00fablico (vizinho do aeroporto) onde [&hellip;]<\/p>\n","protected":false},"author":1,"featured_media":68653,"comment_status":"open","ping_status":"open","sticky":false,"template":"","format":"standard","meta":{"footnotes":""},"categories":[1],"tags":[],"class_list":["post-68652","post","type-post","status-publish","format-standard","has-post-thumbnail","hentry","category-curso-de-copy"],"_links":{"self":[{"href":"https:\/\/wiy.com.br\/noticias\/wp-json\/wp\/v2\/posts\/68652","targetHints":{"allow":["GET"]}}],"collection":[{"href":"https:\/\/wiy.com.br\/noticias\/wp-json\/wp\/v2\/posts"}],"about":[{"href":"https:\/\/wiy.com.br\/noticias\/wp-json\/wp\/v2\/types\/post"}],"author":[{"embeddable":true,"href":"https:\/\/wiy.com.br\/noticias\/wp-json\/wp\/v2\/users\/1"}],"replies":[{"embeddable":true,"href":"https:\/\/wiy.com.br\/noticias\/wp-json\/wp\/v2\/comments?post=68652"}],"version-history":[{"count":0,"href":"https:\/\/wiy.com.br\/noticias\/wp-json\/wp\/v2\/posts\/68652\/revisions"}],"wp:featuredmedia":[{"embeddable":true,"href":"https:\/\/wiy.com.br\/noticias\/wp-json\/wp\/v2\/media\/68653"}],"wp:attachment":[{"href":"https:\/\/wiy.com.br\/noticias\/wp-json\/wp\/v2\/media?parent=68652"}],"wp:term":[{"taxonomy":"category","embeddable":true,"href":"https:\/\/wiy.com.br\/noticias\/wp-json\/wp\/v2\/categories?post=68652"},{"taxonomy":"post_tag","embeddable":true,"href":"https:\/\/wiy.com.br\/noticias\/wp-json\/wp\/v2\/tags?post=68652"}],"curies":[{"name":"wp","href":"https:\/\/api.w.org\/{rel}","templated":true}]}}