{"id":68606,"date":"2023-02-26T15:33:39","date_gmt":"2023-02-26T18:33:39","guid":{"rendered":"https:\/\/wiy.com.br\/noticias\/prefeitura-comeca-a-vacinar-profissionais-de-saude-com-mais-de-42-anos\/"},"modified":"2021-05-15T20:05:13","modified_gmt":"2021-05-15T23:05:13","slug":"prefeitura-comeca-a-vacinar-profissionais-de-saude-com-mais-de-42-anos","status":"publish","type":"post","link":"https:\/\/wiy.com.br\/noticias\/prefeitura-comeca-a-vacinar-profissionais-de-saude-com-mais-de-42-anos\/","title":{"rendered":"Prefeitura come\u00e7a a vacinar profissionais de sa\u00fade com mais de 42 anos"},"content":{"rendered":"<p> <br \/>\n<\/p>\n<p>A <strong>prefeitura<\/strong> paulistana come\u00e7ou neste s\u00e1bado (15) a <strong>vacina\u00e7\u00e3o<\/strong> de <strong>profissionais da sa\u00fade<\/strong> com mais de 42 anos. A categoria vem sendo vacinada desde janeiro deste ano, mas a lista para os aut\u00f4nomos \u00e9 ampliada aos poucos, conforme a disponibiliza\u00e7\u00e3o de novas doses.<\/p>\n<p>As pessoas com comorbidades tamb\u00e9m j\u00e1 come\u00e7aram a ser vacinadas (com mais de 50 anos).<\/p>\n<p>Veja a lista de trabalhadores que podem ser imunizados:<\/p>\n<p>&#8211; Auxiliares de sa\u00fade bucal<br \/>\n&#8211; T\u00e9cnicos de sa\u00fade bucal<br \/>\n&#8211; Fonoaudi\u00f3logos<br \/>\n&#8211; Psic\u00f3logos<br \/>\n&#8211; M\u00e9dicos<br \/>\n&#8211; T\u00e9cnicos de laborat\u00f3rio<br \/>\n&#8211; Farmac\u00eauticos<br \/>\n&#8211; Enfermeiros\/t\u00e9cnicos auxiliares<br \/>\n&#8211; Nutricionistas<br \/>\n&#8211; Fisioterapeutas\/terapeutas ocupacionais<br \/>\n&#8211; Bi\u00f3logos<br \/>\n&#8211; Biom\u00e9dicos<br \/>\n&#8211; T\u00e9cnicos de farm\u00e1cia<br \/>\n&#8211; Odont\u00f3logos<br \/>\n&#8211; Assistentes sociais<br \/>\n&#8211; Profissionais de educa\u00e7\u00e3o f\u00edsica<br \/>\n&#8211; Veterin\u00e1rios<\/p>\n<div id=\"relacionadas\" class=\"block related-posts three_columns\">\n<ul class=\"block-menu\">\n<li data-tab=\"tab-1\" class=\"active\">Relacionadas<\/li>\n<\/ul>\n<div id=\"tab-1\" class=\"block-content active\">\n<div class=\"row\">\n<li class=\"widget-news-item without-thumb with-border\">\n<div class=\"widget-news-info\"><a href=\"http:\/\/vejasp.abril.com.br\/cultura-lazer\">Cultura &amp; Lazer<\/a><span class=\"widget-news-item-title\"><a href=\"https:\/\/vejasp.abril.com.br\/cultura-lazer\/museu-do-ipiranga-descobertas-arqueologicas-sao-reveladas-em-reforma\/\">Museu do Ipiranga: descobertas arqueol\u00f3gicas s\u00e3o reveladas em reforma<\/a><\/span><span class=\"widget-news-item-date\">15 Maio 2021 &#8211; 15h05<\/span><\/div>\n<\/li>\n<\/div>\n<\/div>\n<\/div>\n<div id=\"mais_lidas\" class=\"block related-posts mais-lidas\">\n<ul class=\"block-menu\">\n<li data-tab=\"tab-1\" class=\"active\">Mais lidas<\/li>\n<\/ul>\n<div id=\"tab-1\" class=\"block-content active\">\n<div class=\"row\">\n<div class=\"col-s-12 col-l-3\"><a href=\"https:\/\/vejasp.abril.com.br\/blog\/pop\/sasha-se-casa-com-joao-figueiredo-e-posta-fotos-no-instagram\/\" class=\"card\"><span class=\"category hide-s\">Cultura &amp; Lazer<\/span><img title = \"[Tags]\"data-src=\"https:\/\/vejasp.abril.com.br\/wp-content\/uploads\/2021\/05\/Design-sem-nome-68.png?w=680&amp;h=453&amp;crop=1\"alt = \"Design-sem-nome-68 Prefeitura come\u00e7a a vacinar profissionais de sa\u00fade com mais de 42 anos\" class=\"lazyload media\"><span class=\"category hide-l\">Cultura &amp; Lazer<\/span><span class=\"title\">Sasha se casa com Jo\u00e3o Figueiredo e posta fotos no Instagram<\/span><\/a><\/div>\n<div class=\"col-s-12 col-l-3\"><a href=\"https:\/\/vejasp.abril.com.br\/blog\/pop\/quem-e-joao-figueiredo-jovem-de-21-anos-que-se-casou-com-sasha\/\" class=\"card\"><span class=\"category hide-s\">Cultura &amp; Lazer<\/span><img title = \"[Tags]\"data-src=\"https:\/\/vejasp.abril.com.br\/wp-content\/uploads\/2021\/05\/joao-figueiredo-quem-e.jpg?quality=70&amp;strip=info&amp;crop=0px%2C0px%2C1059px%2C720px&amp;resize=680%2C453\"alt = \"Design-sem-nome-68 Prefeitura come\u00e7a a vacinar profissionais de sa\u00fade com mais de 42 anos\" class=\"lazyload media\"><span class=\"category hide-l\">Cultura &amp; Lazer<\/span><span class=\"title\">Quem \u00e9 Jo\u00e3o Figueiredo, jovem de 21 anos que se casou com Sasha<\/span><\/a><\/div>\n<div class=\"col-s-12 col-l-3\"><a href=\"https:\/\/vejasp.abril.com.br\/cidades\/bruno-covas-piora-estado-saude-cancer\/\" class=\"card\"><span class=\"category hide-s\">Cidades<\/span><img title = \"[Tags]\"data-src=\"https:\/\/vejasp.abril.com.br\/wp-content\/uploads\/2021\/05\/bruno-covas2.jpg?quality=70&amp;strip=info&amp;w=531&amp;h=354&amp;crop=1\"alt = \"Design-sem-nome-68 Prefeitura come\u00e7a a vacinar profissionais de sa\u00fade com mais de 42 anos\" class=\"lazyload media\"><span class=\"category hide-l\">Cidades<\/span><span class=\"title\">Bruno Covas tem quadro &#8220;considerado irrevers\u00edvel&#8221;, diz equipe m\u00e9dica<\/span><\/a><\/div>\n<div class=\"col-s-12 col-l-3\"><a href=\"https:\/\/vejasp.abril.com.br\/blog\/poder-sp\/sp-taxi-aplicativo\/\" class=\"card\"><span class=\"category hide-s\">Cidades<\/span><img title = \"[Tags]\"data-src=\"https:\/\/vejasp.abril.com.br\/wp-content\/uploads\/2021\/05\/LUIZFERNANDOKASPRIK_SPTAXI_7.JPG.jpg?quality=70&amp;strip=info&amp;w=680&amp;h=453&amp;crop=1\"alt = \"Design-sem-nome-68 Prefeitura come\u00e7a a vacinar profissionais de sa\u00fade com mais de 42 anos\" class=\"lazyload media\"><span class=\"category hide-l\">Cidades<\/span><span class=\"title\">SP T\u00e1xi, criado h\u00e1 tr\u00eas anos, ainda engatinha e gera reclama\u00e7\u00f5es de todos os lados<\/span><\/a><\/div>\n<\/div>\n<\/div>\n<\/div>\n<div id=\"leia_mais\" class=\"block related-posts leia-mais\">\n<ul class=\"block-menu\">\n<li data-tab=\"tab-1\" class=\"active\">Leia mais<\/li>\n<\/ul>\n<div id=\"tab-1\" class=\"block-content active\">\n<div class=\"row\">\n<div class=\"col-s-12 col-l-3\"><a href=\"https:\/\/vejasp.abril.com.br\/cidades\/comeca-a-valer-hoje-nova-politica-de-privacidade-do-whatsapp\/\" class=\"card\"><span class=\"category hide-s\">Cidades<\/span><img title = \"[Tags]\"data-src=\"https:\/\/vejasp.abril.com.br\/wp-content\/uploads\/2020\/06\/whatsapp-2105015_1920.jpg?quality=70&amp;strip=info&amp;w=680&amp;h=453&amp;crop=1\"alt = \"Design-sem-nome-68 Prefeitura come\u00e7a a vacinar profissionais de sa\u00fade com mais de 42 anos\" class=\"lazyload media\"><span class=\"category hide-l\">Cidades<\/span><span class=\"title\">Come\u00e7a a valer hoje nova pol\u00edtica de privacidade do WhatsApp<\/span><\/a><\/div>\n<div class=\"col-s-12 col-l-3\"><a href=\"https:\/\/vejasp.abril.com.br\/cidades\/amigo-de-covas-ha-30-anos-secretario-fernando-padula-se-emociona\/\" class=\"card\"><span class=\"category hide-s\">Cidades<\/span><img title = \"[Tags]\"data-src=\"https:\/\/vejasp.abril.com.br\/wp-content\/uploads\/2021\/05\/Padula.jpg?quality=70&amp;strip=info&amp;w=430&amp;h=267&amp;crop=1\"alt = \"Design-sem-nome-68 Prefeitura come\u00e7a a vacinar profissionais de sa\u00fade com mais de 42 anos\" class=\"lazyload media\"><span class=\"category hide-l\">Cidades<\/span><span class=\"title\">Amigo de Covas h\u00e1 30 anos, secret\u00e1rio Fernando Padula se emociona<\/span><\/a><\/div>\n<div class=\"col-s-12 col-l-3\"><a href=\"https:\/\/vejasp.abril.com.br\/cidades\/nao-existe-melhor-homenagem-do-que-continuar-trabalhando-diz-nunes\/\" class=\"card\"><span class=\"category hide-s\">Cidades<\/span><img title = \"[Tags]\"data-src=\"https:\/\/vejasp.abril.com.br\/wp-content\/uploads\/2020\/10\/Ricardo-Nunes.jpg?quality=70&amp;strip=info&amp;w=680&amp;h=453&amp;crop=1\"alt = \"Design-sem-nome-68 Prefeitura come\u00e7a a vacinar profissionais de sa\u00fade com mais de 42 anos\" class=\"lazyload media\"><span class=\"category hide-l\">Cidades<\/span><span class=\"title\">&quot;N\u00e3o existe melhor homenagem do que continuar trabalhando&quot;, diz Nunes<\/span><\/a><\/div>\n<div class=\"col-s-12 col-l-3\"><a href=\"https:\/\/vejasp.abril.com.br\/cidades\/previsao-tempo-segunda-17-maio-2021\/\" class=\"card\"><span class=\"category hide-s\">Cidades<\/span><img title = \"[Tags]\"data-src=\"https:\/\/vejasp.abril.com.br\/wp-content\/uploads\/2020\/10\/Panoramic_view_of_Sao_Paulo_cropped.jpg?quality=70&amp;strip=info&amp;w=680&amp;h=453&amp;crop=1\"alt = \"Design-sem-nome-68 Prefeitura come\u00e7a a vacinar profissionais de sa\u00fade com mais de 42 anos\" class=\"lazyload media\"><span class=\"category hide-l\">Cidades<\/span><span class=\"title\">Sol e tempo mais quente: a previs\u00e3o do tempo para esta segunda (17)<\/span><\/a><\/div>\n<\/div>\n<\/div>\n<\/div>\n<div class=\"ads post-ads\"><span class=\"title\">Continua ap\u00f3s a publicidade<\/span><\/p>\n<div id=\"abrAD_rectangle3\" class=\"abrAD\" data-ad-><\/div>\n<\/div>\n<p><br \/>\n<br \/><a href=\"https:\/\/vejasp.abril.com.br\/cidades\/prefeitura-comeca-a-vacinar-profissionais-de-saude-com-mais-de-42-anos\/\">Fonte do Artigo <\/a><br \/>\nTags:<br \/>\n#loterias #loteriascaixa #megasena #resultadoapostas#noticias #noticiario  #noticia #brasil #noticiascolombia #mundo #esporte #colombia #noticiadeld #ltimasnoticias  #noticiario #noticiasregionales #noticiasdepartamentales #noticiashoy #esportes #noticiaahora #elinformantenoticias #noticiasdeboyac  #esporteinterativo #esportivo #diariodosesportes  #noticiero  #jogodefutebol #jogos #loto #apostas<\/p>\n","protected":false},"excerpt":{"rendered":"<p>A prefeitura paulistana come\u00e7ou neste s\u00e1bado (15) a vacina\u00e7\u00e3o de profissionais da sa\u00fade com mais de 42 anos. A categoria vem sendo vacinada desde janeiro deste ano, mas a lista para os aut\u00f4nomos \u00e9 ampliada aos poucos, conforme a disponibiliza\u00e7\u00e3o de novas doses. As pessoas com comorbidades tamb\u00e9m j\u00e1 come\u00e7aram a ser vacinadas (com mais [&hellip;]<\/p>\n","protected":false},"author":1,"featured_media":65894,"comment_status":"open","ping_status":"open","sticky":false,"template":"","format":"standard","meta":{"footnotes":""},"categories":[1],"tags":[],"class_list":["post-68606","post","type-post","status-publish","format-standard","has-post-thumbnail","hentry","category-curso-de-copy"],"_links":{"self":[{"href":"https:\/\/wiy.com.br\/noticias\/wp-json\/wp\/v2\/posts\/68606","targetHints":{"allow":["GET"]}}],"collection":[{"href":"https:\/\/wiy.com.br\/noticias\/wp-json\/wp\/v2\/posts"}],"about":[{"href":"https:\/\/wiy.com.br\/noticias\/wp-json\/wp\/v2\/types\/post"}],"author":[{"embeddable":true,"href":"https:\/\/wiy.com.br\/noticias\/wp-json\/wp\/v2\/users\/1"}],"replies":[{"embeddable":true,"href":"https:\/\/wiy.com.br\/noticias\/wp-json\/wp\/v2\/comments?post=68606"}],"version-history":[{"count":0,"href":"https:\/\/wiy.com.br\/noticias\/wp-json\/wp\/v2\/posts\/68606\/revisions"}],"wp:featuredmedia":[{"embeddable":true,"href":"https:\/\/wiy.com.br\/noticias\/wp-json\/wp\/v2\/media\/65894"}],"wp:attachment":[{"href":"https:\/\/wiy.com.br\/noticias\/wp-json\/wp\/v2\/media?parent=68606"}],"wp:term":[{"taxonomy":"category","embeddable":true,"href":"https:\/\/wiy.com.br\/noticias\/wp-json\/wp\/v2\/categories?post=68606"},{"taxonomy":"post_tag","embeddable":true,"href":"https:\/\/wiy.com.br\/noticias\/wp-json\/wp\/v2\/tags?post=68606"}],"curies":[{"name":"wp","href":"https:\/\/api.w.org\/{rel}","templated":true}]}}