{"id":68452,"date":"2023-02-26T15:34:26","date_gmt":"2023-02-26T18:34:26","guid":{"rendered":"https:\/\/wiy.com.br\/noticias\/alesp-aprova-bolsa-do-povo-programa-que-vai-pagar-ate-r-50000\/"},"modified":"2021-05-03T07:05:10","modified_gmt":"2021-05-03T10:05:10","slug":"alesp-aprova-bolsa-do-povo-programa-que-vai-pagar-ate-r-50000","status":"publish","type":"post","link":"https:\/\/wiy.com.br\/noticias\/alesp-aprova-bolsa-do-povo-programa-que-vai-pagar-ate-r-50000\/","title":{"rendered":"Alesp aprova \u2018Bolsa do Povo\u2019, programa que vai pagar at\u00e9 R$ 500,00"},"content":{"rendered":"<p> <br \/>\n<\/p>\n<p>O programa de aux\u00edlio social chamado<strong> <a href=\"https:\/\/vejasp.abril.com.br\/cidades\/novo-programa-social-unifica-bolsa-do-povo\/\">Bolsa do Povo<\/a><\/strong> foi aprovado pela Assembleia Legislativa de S\u00e3o Paulo na \u00faltima quinta-feira (29). O projeto, proposto pelo governador Jo\u00e3o Doria (PSDB), prev\u00ea o pagamento de at\u00e9 R$ 500,00 para atender a popula\u00e7\u00e3o mais vulner\u00e1vel do estado. O Bolsa do Povo unifica programas sociais j\u00e1 existentes. O texto segue na Casa Legislativa para que sejam votadas emendas.<\/p>\n<p>A gest\u00e3o Doria diz que programas A\u00e7\u00e3o Jovem e Renda Cidad\u00e3 ter\u00e3o o valor aumentado de R$ 80,00 para R$ 100,00. Tamb\u00e9m ser\u00e3o contratados cerca de 20 000 pais e m\u00e3es de alunos de escolas estaduais para atuarem no retorno \u00e0s aulas presenciais, com pagamento de R$ 500,00 por quatro horas di\u00e1rias. A expectativa do governo \u00e9 a de atender cerca de 500 000 pessoas de forma direta ou indireta.<\/p>\n<p>De acordo com o texto, o projeto prev\u00ea que ao longo dos &#8220;exerc\u00edcios de 2021 e 2022 poder\u00e3o ser estabelecidos requisitos, condi\u00e7\u00f5es, crit\u00e9rios de elegibilidade, valores de benef\u00edcios e condicionalidades especiais em decorr\u00eancia dos efeitos da pandemia da Covid-19&#8221;.<\/p>\n<div class=\"mc-column content-text active-extra-styles \" data-block-type=\"unstyled\" data-block-weight=\"18\" data-block-id=\"14\">\n<p data-track-category=\"Link no Texto\" data-track-links=\"\">Apesar da vota\u00e7\u00e3o favor\u00e1vel, muitos deputados consideraram que o texto apresentava lacunas. Foram sugeridas 102 emendas, que devem ser votadas em nova sess\u00e3o, ainda sem data para acontecer. Entre as cr\u00edticas est\u00e1 a falta de detalhamento sobre os valores investidos e que, em vez de propor um aux\u00edlio emergencial, o Bolsa do Povo cria &#8216;postos de trabalho precarizados.&#8217;<\/p>\n<\/div>\n<div class=\"mc-column content-text active-extra-styles \" data-block-type=\"unstyled\" data-block-weight=\"24\" data-block-id=\"13\">\n<p data-track-category=\"Link no Texto\" data-track-links=\"\"><span>\u201cO Bolsa do Povo \u00e9 o maior programa social da hist\u00f3ria de S\u00e3o Paulo. Ao lado do enfrentamento da pandemia, da preserva\u00e7\u00e3o da vida, da <\/span><span>obedi\u00eancia \u00e0 ci\u00eancia, estamos tamb\u00e9m acompanhando o crescimento acelerado da pobreza, da vulnerabilidade, em S\u00e3o Paulo e no Brasil. <\/span><span>Por isso, o governo segue dando aten\u00e7\u00e3o \u00e0 sa\u00fade e \u00e0 vida, mas tamb\u00e9m ao alimento e \u00e0 prote\u00e7\u00e3o social\u201c, afirmou o governador durante an\u00fancio do Bolsa do Povo, em 7 de abril.\u00a0<\/span><\/p>\n<\/div>\n<div id=\"relacionadas\" class=\"block related-posts three_columns\">\n<ul class=\"block-menu\">\n<li data-tab=\"tab-1\" class=\"active\">Relacionadas<\/li>\n<\/ul>\n<div id=\"tab-1\" class=\"block-content active\">\n<div class=\"row\">\n<li class=\"widget-news-item without-thumb with-border\">\n<div class=\"widget-news-info\"><a href=\"http:\/\/vejasp.abril.com.br\/bichos\">Bichos<\/a><span class=\"widget-news-item-title\"><a href=\"https:\/\/vejasp.abril.com.br\/bichos\/russia-produz-primeiro-lote-de-vacina-contra-covid-19-para-animais\/\">R\u00fassia produz primeiro lote de vacina contra Covid-19 para animais<\/a><\/span><span class=\"widget-news-item-date\">30 abr 2021 &#8211; 10h04<\/span><\/div>\n<\/li>\n<li class=\"widget-news-item without-thumb with-border\">\n<div class=\"widget-news-info\"><a href=\"http:\/\/vejasp.abril.com.br\/cidades\">Cidades<\/a><span class=\"widget-news-item-title\"><a href=\"https:\/\/vejasp.abril.com.br\/cidades\/rede-dor-15-bilhao-expansao\/\">Rede D\u2019Or investe R$ 1,5 bilh\u00e3o na expans\u00e3o dos neg\u00f3cios na capital<\/a><\/span><span class=\"widget-news-item-date\">30 abr 2021 &#8211; 06h04<\/span><\/div>\n<\/li>\n<li class=\"widget-news-item without-thumb with-border\">\n<div class=\"widget-news-info\"><a href=\"http:\/\/vejasp.abril.com.br\/comida-bebida\">Comida &amp; Bebida<\/a><span class=\"widget-news-item-title\"><a href=\"https:\/\/vejasp.abril.com.br\/comida-bebida\/restaurantes-delivery-presencial-dia-das-maes\/\">Dia das M\u00e3es: op\u00e7\u00f5es de delivery e restaurantes para celebrar a data<\/a><\/span><span class=\"widget-news-item-date\">30 abr 2021 &#8211; 06h04<\/span><\/div>\n<\/li>\n<\/div>\n<\/div>\n<\/div>\n<div id=\"mais_lidas\" class=\"block related-posts mais-lidas\">\n<ul class=\"block-menu\">\n<li data-tab=\"tab-1\" class=\"active\">Mais lidas<\/li>\n<\/ul>\n<div id=\"tab-1\" class=\"block-content active\">\n<div class=\"row\">\n<div class=\"col-s-12 col-l-3\"><a href=\"https:\/\/vejasp.abril.com.br\/cultura-lazer\/filha-de-nicette-bruno-barbara-bruno-e-intubada-com-covid-19\/\" class=\"card\"><span class=\"category hide-s\">Cultura &amp; Lazer<\/span><img title = \"[Tags]\"data-src=\"https:\/\/vejasp.abril.com.br\/wp-content\/uploads\/2021\/05\/IMG-3054.jpg?quality=70&amp;strip=info&amp;w=680&amp;h=453&amp;crop=1\"alt = \"IMG-3054 Alesp aprova \u2018Bolsa do Povo\u2019, programa que vai pagar at\u00e9 R$ 500,00\" class=\"lazyload media\"><span class=\"category hide-l\">Cultura &amp; Lazer<\/span><span class=\"title\">Barbara Bruno, filha de Nicette,  \u00e9 intubada com Covid-19<\/span><\/a><\/div>\n<div class=\"col-s-12 col-l-3\"><a href=\"https:\/\/vejasp.abril.com.br\/cultura-lazer\/agnaldo-timoteo-heranca\/\" class=\"card\"><span class=\"category hide-s\">Cultura &amp; Lazer<\/span><img title = \"[Tags]\"data-src=\"https:\/\/vejasp.abril.com.br\/wp-content\/uploads\/2021\/04\/16174125806067c1e45f545_1617412580_3x2_xl.jpg?quality=70&amp;strip=info&amp;w=680&amp;h=453&amp;crop=1\"alt = \"IMG-3054 Alesp aprova \u2018Bolsa do Povo\u2019, programa que vai pagar at\u00e9 R$ 500,00\" class=\"lazyload media\"><span class=\"category hide-l\">Cultura &amp; Lazer<\/span><span class=\"title\">Divis\u00e3o da heran\u00e7a de Agnaldo Tim\u00f3teo gera conflito na fam\u00edlia<\/span><\/a><\/div>\n<div class=\"col-s-12 col-l-3\"><a href=\"https:\/\/vejasp.abril.com.br\/saude\/cidades-da-grande-sp-antecipam-vacinacao-de-pessoas-a-partir-de-60-anos\/\" class=\"card\"><span class=\"category hide-s\">Sa\u00fade<\/span><img title = \"[Tags]\"data-src=\"https:\/\/vejasp.abril.com.br\/wp-content\/uploads\/2021\/02\/Vacina-T\u00e2nia-Rego-Ag\u00eancia-Brasil.jpg?quality=70&amp;strip=info&amp;w=680&amp;h=453&amp;crop=1\"alt = \"IMG-3054 Alesp aprova \u2018Bolsa do Povo\u2019, programa que vai pagar at\u00e9 R$ 500,00\" class=\"lazyload media\"><span class=\"category hide-l\">Sa\u00fade<\/span><span class=\"title\">Cidades da Grande SP antecipam vacina\u00e7\u00e3o de pessoas a partir de 60 anos<\/span><\/a><\/div>\n<div class=\"col-s-12 col-l-3\"><a href=\"https:\/\/vejasp.abril.com.br\/cidades\/bruno-covas-decide-se-licenciar-do-cargo\/\" class=\"card\"><span class=\"category hide-s\">Cidades<\/span><img title = \"[Tags]\"data-src=\"https:\/\/vejasp.abril.com.br\/wp-content\/uploads\/2021\/03\/fff-5.jpg?quality=70&amp;strip=info&amp;w=680&amp;h=453&amp;crop=1\"alt = \"IMG-3054 Alesp aprova \u2018Bolsa do Povo\u2019, programa que vai pagar at\u00e9 R$ 500,00\" class=\"lazyload media\"><span class=\"category hide-l\">Cidades<\/span><span class=\"title\">Bruno Covas decide se licenciar do cargo para tratar c\u00e2ncer<\/span><\/a><\/div>\n<\/div>\n<\/div>\n<\/div>\n<div id=\"leia_mais\" class=\"block related-posts leia-mais\">\n<ul class=\"block-menu\">\n<li data-tab=\"tab-1\" class=\"active\">Leia mais<\/li>\n<\/ul>\n<div id=\"tab-1\" class=\"block-content active\">\n<div class=\"row\">\n<div class=\"col-s-12 col-l-3\"><a href=\"https:\/\/vejasp.abril.com.br\/cidades\/bruno-covas-decide-se-licenciar-do-cargo\/\" class=\"card\"><span class=\"category hide-s\">Cidades<\/span><img title = \"[Tags]\"data-src=\"https:\/\/vejasp.abril.com.br\/wp-content\/uploads\/2021\/03\/fff-5.jpg?quality=70&amp;strip=info&amp;w=680&amp;h=453&amp;crop=1\"alt = \"IMG-3054 Alesp aprova \u2018Bolsa do Povo\u2019, programa que vai pagar at\u00e9 R$ 500,00\" class=\"lazyload media\"><span class=\"category hide-l\">Cidades<\/span><span class=\"title\">Bruno Covas decide se licenciar do cargo para tratar c\u00e2ncer<\/span><\/a><\/div>\n<div class=\"col-s-12 col-l-3\"><a href=\"https:\/\/vejasp.abril.com.br\/cidades\/sao-paulo-registra-a-madrugada-mais-fria-do-ano-ate-agora\/\" class=\"card\"><span class=\"category hide-s\">Cidades<\/span><img title = \"[Tags]\"data-src=\"https:\/\/vejasp.abril.com.br\/wp-content\/uploads\/2016\/11\/16184_chuva-sao-paulo-marginal-pinheiros-24-05-2014.jpeg?quality=70&amp;strip=info&amp;w=680&amp;h=453&amp;crop=1\"alt = \"IMG-3054 Alesp aprova \u2018Bolsa do Povo\u2019, programa que vai pagar at\u00e9 R$ 500,00\" class=\"lazyload media\"><span class=\"category hide-l\">Cidades<\/span><span class=\"title\">S\u00e3o Paulo registra madrugada mais fria do ano at\u00e9 agora<\/span><\/a><\/div>\n<div class=\"col-s-12 col-l-3\"><a href=\"https:\/\/vejasp.abril.com.br\/cidades\/minhocao-ganha-bancos-e-novos-pontos-de-acesso\/\" class=\"card\"><span class=\"category hide-s\">Cidades<\/span><img title = \"[Tags]\"data-src=\"https:\/\/vejasp.abril.com.br\/wp-content\/uploads\/2020\/01\/parque-minhocao-9725.jpg.jpg?quality=70&amp;strip=info&amp;w=680&amp;h=453&amp;crop=1\"alt = \"IMG-3054 Alesp aprova \u2018Bolsa do Povo\u2019, programa que vai pagar at\u00e9 R$ 500,00\" class=\"lazyload media\"><span class=\"category hide-l\">Cidades<\/span><span class=\"title\">Minhoc\u00e3o ganha bancos e novos pontos de acesso<\/span><\/a><\/div>\n<div class=\"col-s-12 col-l-3\"><a href=\"https:\/\/vejasp.abril.com.br\/cidades\/comercio-e-servicos-podem-funcionar-por-mais-tempo-a-partir-deste-sabado\/\" class=\"card\"><span class=\"category hide-s\">Cidades<\/span><img title = \"[Tags]\"data-src=\"https:\/\/vejasp.abril.com.br\/wp-content\/uploads\/2020\/06\/stairs-906720_1920.jpg?quality=70&amp;strip=info&amp;w=680&amp;h=453&amp;crop=1\"alt = \"IMG-3054 Alesp aprova \u2018Bolsa do Povo\u2019, programa que vai pagar at\u00e9 R$ 500,00\" class=\"lazyload media\"><span class=\"category hide-l\">Cidades<\/span><span class=\"title\">Com\u00e9rcio e servi\u00e7os podem funcionar por mais tempo a partir deste s\u00e1bado<\/span><\/a><\/div>\n<\/div>\n<\/div>\n<\/div>\n<div class=\"ads post-ads\"><span class=\"title\">Continua ap\u00f3s a publicidade<\/span><\/p>\n<div id=\"abrAD_rectangle3\" class=\"abrAD\" data-ad-><\/div>\n<\/div>\n<p><br \/>\n<br \/><a href=\"https:\/\/vejasp.abril.com.br\/cidades\/alesp-aprova-bolsa-do-povo-projeto-que-vai-pagar-ate-r-50000\/\">Fonte do Artigo <\/a><br \/>\nTags:<br \/>\n#loterias #loteriascaixa #megasena #resultadoapostas#noticias #noticiario  #noticia #brasil #noticiascolombia #mundo #esporte #colombia #noticiadeld #ltimasnoticias  #noticiario #noticiasregionales #noticiasdepartamentales #noticiashoy #esportes #noticiaahora #elinformantenoticias #noticiasdeboyac  #esporteinterativo #esportivo #diariodosesportes  #noticiero  #jogodefutebol #jogos #loto #apostas<\/p>\n","protected":false},"excerpt":{"rendered":"<p>O programa de aux\u00edlio social chamado Bolsa do Povo foi aprovado pela Assembleia Legislativa de S\u00e3o Paulo na \u00faltima quinta-feira (29). O projeto, proposto pelo governador Jo\u00e3o Doria (PSDB), prev\u00ea o pagamento de at\u00e9 R$ 500,00 para atender a popula\u00e7\u00e3o mais vulner\u00e1vel do estado. O Bolsa do Povo unifica programas sociais j\u00e1 existentes. O texto [&hellip;]<\/p>\n","protected":false},"author":1,"featured_media":68140,"comment_status":"open","ping_status":"open","sticky":false,"template":"","format":"standard","meta":{"footnotes":""},"categories":[1],"tags":[],"class_list":["post-68452","post","type-post","status-publish","format-standard","has-post-thumbnail","hentry","category-curso-de-copy"],"_links":{"self":[{"href":"https:\/\/wiy.com.br\/noticias\/wp-json\/wp\/v2\/posts\/68452","targetHints":{"allow":["GET"]}}],"collection":[{"href":"https:\/\/wiy.com.br\/noticias\/wp-json\/wp\/v2\/posts"}],"about":[{"href":"https:\/\/wiy.com.br\/noticias\/wp-json\/wp\/v2\/types\/post"}],"author":[{"embeddable":true,"href":"https:\/\/wiy.com.br\/noticias\/wp-json\/wp\/v2\/users\/1"}],"replies":[{"embeddable":true,"href":"https:\/\/wiy.com.br\/noticias\/wp-json\/wp\/v2\/comments?post=68452"}],"version-history":[{"count":0,"href":"https:\/\/wiy.com.br\/noticias\/wp-json\/wp\/v2\/posts\/68452\/revisions"}],"wp:featuredmedia":[{"embeddable":true,"href":"https:\/\/wiy.com.br\/noticias\/wp-json\/wp\/v2\/media\/68140"}],"wp:attachment":[{"href":"https:\/\/wiy.com.br\/noticias\/wp-json\/wp\/v2\/media?parent=68452"}],"wp:term":[{"taxonomy":"category","embeddable":true,"href":"https:\/\/wiy.com.br\/noticias\/wp-json\/wp\/v2\/categories?post=68452"},{"taxonomy":"post_tag","embeddable":true,"href":"https:\/\/wiy.com.br\/noticias\/wp-json\/wp\/v2\/tags?post=68452"}],"curies":[{"name":"wp","href":"https:\/\/api.w.org\/{rel}","templated":true}]}}