{"id":68413,"date":"2023-02-26T15:52:27","date_gmt":"2023-02-26T18:52:27","guid":{"rendered":"https:\/\/wiy.com.br\/noticias\/leilao-de-bens-da-love-story-que-faliu-inclui-sofa-som-e-bebidas\/"},"modified":"2021-04-29T19:05:09","modified_gmt":"2021-04-29T22:05:09","slug":"leilao-de-bens-da-love-story-que-faliu-inclui-sofa-som-e-bebidas","status":"publish","type":"post","link":"https:\/\/wiy.com.br\/noticias\/leilao-de-bens-da-love-story-que-faliu-inclui-sofa-som-e-bebidas\/","title":{"rendered":"Leil\u00e3o de bens da Love Story, que faliu, inclui sof\u00e1, som e bebidas"},"content":{"rendered":"<p> <br \/>\n<\/p>\n<div class=\"mc-column content-text active-extra-styles \" data-block-type=\"unstyled\" data-block-weight=\"52\" data-block-id=\"2\">\n<p data-track-category=\"Link no Texto\" data-track-links=\"\">A boate Love Story, <a href=\"https:\/\/vejasp.abril.com.br\/cidades\/love-story-boate-falencia\/\">que teve a fal\u00eancia decretada em 10 de fevereiro<\/a>, ter\u00e1 os bens leiloados pela Justi\u00e7a de S\u00e3o Paulo. Entre os itens est\u00e3o equipamentos, como frigobar, notebook, aparelhagem de som, sof\u00e1, mesa e c\u00e2meras de seguran\u00e7a, al\u00e9m de bebidas lacradas e letreiros luminosos.<\/p>\n<\/div>\n<div class=\"wall protected-content\">\n<div class=\"mc-column content-text active-extra-styles \" data-block-type=\"unstyled\" data-block-weight=\"38\" data-block-id=\"3\">\n<p data-track-category=\"Link no Texto\" data-track-links=\"\"><span>No total, os <\/span><span class=\"highlight highlighted\">bens foram avaliados em R$ 5.562.442,46<\/span>. O leil\u00e3o tem in\u00edcio no dia<span>\u00a0<\/span><span class=\"highlight highlighted\">20 de maio e ir\u00e1 ocorrer at\u00e9 o dia 4 de junho<\/span><span> na<\/span> Rua Quat\u00e1, 733, Vila Ol\u00edmpia, na Zona Sul.<\/p>\n<\/div>\n<div class=\"mc-column content-text active-extra-styles \" data-block-type=\"unstyled\" data-block-weight=\"23\" data-block-id=\"4\">\n<p data-track-category=\"Link no Texto\" data-track-links=\"\">A Love Story, uma das boates mais conhecidas da capital, ocupava um galp\u00e3o nas imedia\u00e7\u00f5es da Rua da Consola\u00e7\u00e3o, no Centro.<\/p>\n<p>Os donos da danceteria entraram com pedido de recupera\u00e7\u00e3o judicial em agosto de 2018. O objetivo era conseguir congelar d\u00edvidas, na casa dos R$ 1,7 milh\u00e3o. A pandemia do coronav\u00edrus, no entanto, impediu o funcionamento de casas noturnas por meses, o que levou ao descumprimento do plano de recupera\u00e7\u00e3o judicial e outros compromissos assumidos pela Love Story.<\/p>\n<div id=\"relacionadas\" class=\"block related-posts three_columns\">\n<ul class=\"block-menu\">\n<li data-tab=\"tab-1\" class=\"active\">Relacionadas<\/li>\n<\/ul>\n<div id=\"tab-1\" class=\"block-content active\">\n<div class=\"row\">\n<li class=\"widget-news-item without-thumb with-border\">\n<div class=\"widget-news-info\"><a href=\"http:\/\/vejasp.abril.com.br\/cidades\">Cidades<\/a><span class=\"widget-news-item-title\"><a href=\"https:\/\/vejasp.abril.com.br\/cidades\/cidade-de-sao-paulo-entrou-na-fila-por-vacina-de-cuba-diz-marta-suplicy\/\">Cidade de S\u00e3o Paulo entrou na fila por vacina de Cuba, diz Marta Suplicy<\/a><\/span><span class=\"widget-news-item-date\">29 abr 2021 &#8211; 12h04<\/span><\/div>\n<\/li>\n<li class=\"widget-news-item without-thumb with-border\">\n<div class=\"widget-news-info\"><a href=\"http:\/\/vejasp.abril.com.br\/saude\">Sa\u00fade<\/a><span class=\"widget-news-item-title\"><a href=\"https:\/\/vejasp.abril.com.br\/saude\/sao-paulo-comeca-a-vacinar-pessoas-com-63-anos-nesta-quinta-29\/\">S\u00e3o Paulo come\u00e7a a vacinar pessoas com 63 anos nesta quinta (29)<\/a><\/span><span class=\"widget-news-item-date\">29 abr 2021 &#8211; 11h04<\/span><\/div>\n<\/li>\n<li class=\"widget-news-item without-thumb with-border\">\n<div class=\"widget-news-info\"><a href=\"http:\/\/vejasp.abril.com.br\/cidades\">Cidades<\/a><span class=\"widget-news-item-title\"><a href=\"https:\/\/vejasp.abril.com.br\/cidades\/policia-acaba-com-festa-com-mais-100-pessoas-em-barbearia-de-osasco\/\">Pol\u00edcia acaba com festa com mais 100 pessoas em barbearia de Osasco<\/a><\/span><span class=\"widget-news-item-date\">29 abr 2021 &#8211; 10h04<\/span><\/div>\n<\/li>\n<\/div>\n<\/div>\n<\/div>\n<\/div>\n<\/div>\n<div id=\"mais_lidas\" class=\"block related-posts mais-lidas\">\n<ul class=\"block-menu\">\n<li data-tab=\"tab-1\" class=\"active\">Mais lidas<\/li>\n<\/ul>\n<div id=\"tab-1\" class=\"block-content active\">\n<div class=\"row\">\n<div class=\"col-s-12 col-l-3\"><a href=\"https:\/\/vejasp.abril.com.br\/blog\/pop\/bbb21-fiuk-desabafa-sobre-dificuldades-na-pandemia-e-recebe-criticas\/\" class=\"card\"><span class=\"category hide-s\">Cultura &amp; Lazer<\/span><img title = \"[Tags]\"data-src=\"https:\/\/vejasp.abril.com.br\/wp-content\/uploads\/2021\/04\/fiuk.jpg?quality=70&amp;strip=info&amp;w=680&amp;h=453&amp;crop=1\"alt = \"fiuk Leil\u00e3o de bens da Love Story, que faliu, inclui sof\u00e1, som e bebidas\" class=\"lazyload media\"><span class=\"category hide-l\">Cultura &amp; Lazer<\/span><span class=\"title\">BBB21: Fiuk desabafa sobre dificuldades na pandemia e recebe cr\u00edticas na internet<\/span><\/a><\/div>\n<div class=\"col-s-12 col-l-3\"><a href=\"https:\/\/vejasp.abril.com.br\/blog\/pop\/bbb-casa-vacinacao-participantes-emocionam\/\" class=\"card\"><span class=\"category hide-s\">Cultura &amp; Lazer<\/span><img title = \"[Tags]\"data-src=\"https:\/\/vejasp.abril.com.br\/wp-content\/uploads\/2021\/04\/Juliette-Freire-Vacina-BBB.jpg?quality=70&amp;strip=info&amp;w=680&amp;h=453&amp;crop=1\"alt = \"fiuk Leil\u00e3o de bens da Love Story, que faliu, inclui sof\u00e1, som e bebidas\" class=\"lazyload media\"><span class=\"category hide-l\">Cultura &amp; Lazer<\/span><span class=\"title\">BBB informa casa sobre in\u00edcio da vacina\u00e7\u00e3o e participantes se emocionam<\/span><\/a><\/div>\n<div class=\"col-s-12 col-l-3\"><a href=\"https:\/\/vejasp.abril.com.br\/cidades\/mulher-morre-apos-ser-atacada-com-marreta-dentro-de-vagao-do-metro\/\" class=\"card\"><span class=\"category hide-s\">Cidades<\/span><img title = \"[Tags]\"data-src=\"https:\/\/vejasp.abril.com.br\/wp-content\/uploads\/2021\/04\/mulher-agredida.gif?w=680&amp;h=453&amp;crop=1\"alt = \"fiuk Leil\u00e3o de bens da Love Story, que faliu, inclui sof\u00e1, som e bebidas\" class=\"lazyload media\"><span class=\"category hide-l\">Cidades<\/span><span class=\"title\">Mulher morre ap\u00f3s ser atacada com marreta dentro de vag\u00e3o do Metr\u00f4<\/span><\/a><\/div>\n<div class=\"col-s-12 col-l-3\"><a href=\"https:\/\/vejasp.abril.com.br\/saude\/mulher-de-27-anos-morre-de-covid-19-duas-semanas-apos-parto-prematuro\/\" class=\"card\"><span class=\"category hide-s\">Sa\u00fade<\/span><img title = \"[Tags]\"data-src=\"https:\/\/vejasp.abril.com.br\/wp-content\/uploads\/2021\/04\/andressa-grassi.jpg?quality=70&amp;strip=info&amp;w=447&amp;h=453&amp;crop=1\"alt = \"fiuk Leil\u00e3o de bens da Love Story, que faliu, inclui sof\u00e1, som e bebidas\" class=\"lazyload media\"><span class=\"category hide-l\">Sa\u00fade<\/span><span class=\"title\">Mulher de 27 anos morre de Covid-19 duas semanas ap\u00f3s parto prematuro<\/span><\/a><\/div>\n<\/div>\n<\/div>\n<\/div>\n<div id=\"leia_mais\" class=\"block related-posts leia-mais\">\n<ul class=\"block-menu\">\n<li data-tab=\"tab-1\" class=\"active\">Leia mais<\/li>\n<\/ul>\n<div id=\"tab-1\" class=\"block-content active\">\n<div class=\"row\">\n<div class=\"col-s-12 col-l-3\"><a href=\"https:\/\/vejasp.abril.com.br\/cidades\/cidade-de-sao-paulo-entrou-na-fila-por-vacina-de-cuba-diz-marta-suplicy\/\" class=\"card\"><span class=\"category hide-s\">Cidades<\/span><img title = \"[Tags]\"data-src=\"https:\/\/vejasp.abril.com.br\/wp-content\/uploads\/2018\/08\/marta-suplicy.jpg?quality=70&amp;strip=info&amp;w=680&amp;h=453&amp;crop=1\"alt = \"fiuk Leil\u00e3o de bens da Love Story, que faliu, inclui sof\u00e1, som e bebidas\" class=\"lazyload media\"><span class=\"category hide-l\">Cidades<\/span><span class=\"title\">Cidade de S\u00e3o Paulo entrou na fila por vacina de Cuba, diz Marta Suplicy<\/span><\/a><\/div>\n<div class=\"col-s-12 col-l-3\"><a href=\"https:\/\/vejasp.abril.com.br\/cidades\/policia-acaba-com-festa-com-mais-100-pessoas-em-barbearia-de-osasco\/\" class=\"card\"><span class=\"category hide-s\">Cidades<\/span><img title = \"[Tags]\"data-src=\"https:\/\/vejasp.abril.com.br\/wp-content\/uploads\/2021\/04\/festa-ilegal-em-osasco.jpg?quality=70&amp;strip=info&amp;w=680&amp;h=453&amp;crop=1\"alt = \"fiuk Leil\u00e3o de bens da Love Story, que faliu, inclui sof\u00e1, som e bebidas\" class=\"lazyload media\"><span class=\"category hide-l\">Cidades<\/span><span class=\"title\">Pol\u00edcia acaba com festa com mais 100 pessoas em barbearia de Osasco<\/span><\/a><\/div>\n<div class=\"col-s-12 col-l-3\"><a href=\"https:\/\/vejasp.abril.com.br\/cidades\/homem-ouviu-vozes-atacou-marreta-metro\/\" class=\"card\"><span class=\"category hide-s\">Cidades<\/span><img title = \"[Tags]\"data-src=\"https:\/\/vejasp.abril.com.br\/wp-content\/uploads\/2021\/04\/mulher-agredida.gif?w=680&amp;h=453&amp;crop=1\"alt = \"fiuk Leil\u00e3o de bens da Love Story, que faliu, inclui sof\u00e1, som e bebidas\" class=\"lazyload media\"><span class=\"category hide-l\">Cidades<\/span><span class=\"title\">Homem que espancou mulher com marreta no Metr\u00f4 diz ter ouvido vozes<\/span><\/a><\/div>\n<div class=\"col-s-12 col-l-3\"><a href=\"https:\/\/vejasp.abril.com.br\/cidades\/estudo-mostra-recuo-no-desempenho-de-alunos-da-rede-estadual-paulista\/\" class=\"card\"><span class=\"category hide-s\">Cidades<\/span><img title = \"[Tags]\"data-src=\"https:\/\/vejasp.abril.com.br\/wp-content\/uploads\/2020\/08\/school-1974369_1920.jpg?quality=70&amp;strip=info&amp;w=680&amp;h=453&amp;crop=1\"alt = \"fiuk Leil\u00e3o de bens da Love Story, que faliu, inclui sof\u00e1, som e bebidas\" class=\"lazyload media\"><span class=\"category hide-l\">Cidades<\/span><span class=\"title\">Estudo mostra recuo no desempenho de alunos da rede estadual paulista<\/span><\/a><\/div>\n<\/div>\n<\/div>\n<\/div>\n<div class=\"ads post-ads\"><span class=\"title\">Continua ap\u00f3s a publicidade<\/span><\/p>\n<div id=\"abrAD_rectangle3\" class=\"abrAD\" data-ad-><\/div>\n<\/div>\n<p><br \/>\n<br \/><a href=\"https:\/\/vejasp.abril.com.br\/cidades\/leilao-de-bens-da-love-story-que-faliu-inclui-sofa-som-e-bebidas\/\">Fonte do Artigo <\/a><br \/>\nTags:<br \/>\n#loterias #loteriascaixa #megasena #resultadoapostas#noticias #noticiario  #noticia #brasil #noticiascolombia #mundo #esporte #colombia #noticiadeld #ltimasnoticias  #noticiario #noticiasregionales #noticiasdepartamentales #noticiashoy #esportes #noticiaahora #elinformantenoticias #noticiasdeboyac  #esporteinterativo #esportivo #diariodosesportes  #noticiero  #jogodefutebol #jogos #loto #apostas<\/p>\n","protected":false},"excerpt":{"rendered":"<p>A boate Love Story, que teve a fal\u00eancia decretada em 10 de fevereiro, ter\u00e1 os bens leiloados pela Justi\u00e7a de S\u00e3o Paulo. Entre os itens est\u00e3o equipamentos, como frigobar, notebook, aparelhagem de som, sof\u00e1, mesa e c\u00e2meras de seguran\u00e7a, al\u00e9m de bebidas lacradas e letreiros luminosos. No total, os bens foram avaliados em R$ 5.562.442,46. [&hellip;]<\/p>\n","protected":false},"author":1,"featured_media":68414,"comment_status":"open","ping_status":"open","sticky":false,"template":"","format":"standard","meta":{"footnotes":""},"categories":[1],"tags":[],"class_list":["post-68413","post","type-post","status-publish","format-standard","has-post-thumbnail","hentry","category-curso-de-copy"],"_links":{"self":[{"href":"https:\/\/wiy.com.br\/noticias\/wp-json\/wp\/v2\/posts\/68413","targetHints":{"allow":["GET"]}}],"collection":[{"href":"https:\/\/wiy.com.br\/noticias\/wp-json\/wp\/v2\/posts"}],"about":[{"href":"https:\/\/wiy.com.br\/noticias\/wp-json\/wp\/v2\/types\/post"}],"author":[{"embeddable":true,"href":"https:\/\/wiy.com.br\/noticias\/wp-json\/wp\/v2\/users\/1"}],"replies":[{"embeddable":true,"href":"https:\/\/wiy.com.br\/noticias\/wp-json\/wp\/v2\/comments?post=68413"}],"version-history":[{"count":0,"href":"https:\/\/wiy.com.br\/noticias\/wp-json\/wp\/v2\/posts\/68413\/revisions"}],"wp:featuredmedia":[{"embeddable":true,"href":"https:\/\/wiy.com.br\/noticias\/wp-json\/wp\/v2\/media\/68414"}],"wp:attachment":[{"href":"https:\/\/wiy.com.br\/noticias\/wp-json\/wp\/v2\/media?parent=68413"}],"wp:term":[{"taxonomy":"category","embeddable":true,"href":"https:\/\/wiy.com.br\/noticias\/wp-json\/wp\/v2\/categories?post=68413"},{"taxonomy":"post_tag","embeddable":true,"href":"https:\/\/wiy.com.br\/noticias\/wp-json\/wp\/v2\/tags?post=68413"}],"curies":[{"name":"wp","href":"https:\/\/api.w.org\/{rel}","templated":true}]}}