{"id":68091,"date":"2023-02-26T15:10:24","date_gmt":"2023-02-26T18:10:24","guid":{"rendered":"https:\/\/wiy.com.br\/noticias\/misterios-da-cidade-qual-e-este-monumento-da-rodovia-dos-bandeirantes\/"},"modified":"2021-04-04T10:05:07","modified_gmt":"2021-04-04T13:05:07","slug":"misterios-da-cidade-qual-e-este-monumento-da-rodovia-dos-bandeirantes","status":"publish","type":"post","link":"https:\/\/wiy.com.br\/noticias\/misterios-da-cidade-qual-e-este-monumento-da-rodovia-dos-bandeirantes\/","title":{"rendered":"Mist\u00e9rios da cidade: qual \u00e9 este monumento da Rodovia dos Bandeirantes?"},"content":{"rendered":"<p> <br \/>\n<\/p>\n<p>Quem chega ou sai da capital pela Rodovia dos Bandeirantes j\u00e1 deve ter se questionado: qual \u00e9 o significado daquele enorme peda\u00e7o de concreto na beira da Marginal Tiet\u00ea? Chamado de <em><strong>As Tr\u00eas Faces do Cristal<\/strong><\/em>, o trabalho \u00e9 do artista pl\u00e1stico ga\u00facho <strong>Avatar da Silva Moraes<\/strong> (1933-2011), que o criou com o objetivo de chamar a aten\u00e7\u00e3o para o local do in\u00edcio do tra\u00e7ado da rodovia na cidade. \u00c9 feito de concreto armado e formado por tr\u00eas pir\u00e2mides pontiagudas, que lembram um cristal que brota do ch\u00e3o.<\/p>\n<figure><img title = \"[Tags]\"alt = \"2.jpg Mist\u00e9rios da cidade: qual \u00e9 este monumento da Rodovia dos Bandeirantes?\"decoding=\"async\" src=\"https:\/\/vejasp.abril.com.br\/wp-content\/uploads\/2021\/04\/2.jpg.jpg\" \/><figcaption>&#8220;As Tr\u00eas Faces do Cristal&#8221;<span class=\"copyright\">Guilherme Queiroz\/Veja SP<\/span><\/figcaption><\/figure>\n<p>O conjunto simboliza os elementos da natureza e as modifica\u00e7\u00f5es do homem na Terra. A Bandeirantes liga, em 160 quil\u00f4metros de extens\u00e3o, S\u00e3o Paulo a Campinas: as obras come\u00e7aram em 1976 e contaram com a participa\u00e7\u00e3o de 12000 pessoas. Foi inaugurada em outubro de 1978, com a presen\u00e7a do ent\u00e3o presidente Ernesto Geisel, do governador Paulo Egydio Martins e do prefeito Olavo Setubal.<\/p>\n<p><b>+<\/b><a href=\"https:\/\/abr.ai\/assine-vejasp\"><b>Assine a Vejinha a partir de 6,90<\/b><\/a><b>.<\/b><\/p>\n<p><b>Publicado em VEJA S\u00e3o Paulo de 07 de abril de 2021, edi\u00e7\u00e3o n\u00ba 2732<\/b><\/p>\n<\/p>\n<div id=\"relacionadas\" class=\"block related-posts three_columns\">\n<ul class=\"block-menu\">\n<li data-tab=\"tab-1\" class=\"active\">Relacionadas<\/li>\n<\/ul>\n<div id=\"tab-1\" class=\"block-content active\">\n<div class=\"row\">\n<li class=\"widget-news-item without-thumb with-border\">\n<div class=\"widget-news-info\"><a href=\"http:\/\/vejasp.abril.com.br\/cidades\">Cidades<\/a><span class=\"widget-news-item-title\"><a href=\"https:\/\/vejasp.abril.com.br\/cidades\/morre-o-arquiteto-e-urbanista-flavio-villaca-aos-91-anos\/\">Morre o arquiteto e urbanista Flavio Villa\u00e7a, aos 91 anos<\/a><\/span><span class=\"widget-news-item-date\">30 mar 2021 &#8211; 16h03<\/span><\/div>\n<\/li>\n<li class=\"widget-news-item without-thumb with-border\">\n<div class=\"widget-news-info\"><a href=\"http:\/\/vejasp.abril.com.br\/cidades\">Cidades<\/a><span class=\"widget-news-item-title\"><a href=\"https:\/\/vejasp.abril.com.br\/cidades\/psicanalista-contardo-calligaris-morre-aos-72-anos-em-sao-paulo\/\">Psicanalista Contardo Calligaris morre aos 72 anos em S\u00e3o Paulo<\/a><\/span><span class=\"widget-news-item-date\">30 mar 2021 &#8211; 14h03<\/span><\/div>\n<\/li>\n<li class=\"widget-news-item without-thumb with-border\">\n<div class=\"widget-news-info\"><a href=\"http:\/\/vejasp.abril.com.br\/cidades\">Cidades<\/a><span class=\"widget-news-item-title\"><a href=\"https:\/\/vejasp.abril.com.br\/cidades\/prefeito-mongagua-desabafo-morte-irmao-pai\/\">&#8220;Queria escutar do meu pai e do meu irm\u00e3o: &#8216;eu quebrei&#039;&#8221;, desabafa prefeito sobre morte de parentes<\/a><\/span><span class=\"widget-news-item-date\">31 mar 2021 &#8211; 17h03<\/span><\/div>\n<\/li>\n<\/div>\n<\/div>\n<\/div>\n<div id=\"mais_lidas\" class=\"block related-posts mais-lidas\">\n<ul class=\"block-menu\">\n<li data-tab=\"tab-1\" class=\"active\">Mais lidas<\/li>\n<\/ul>\n<div id=\"tab-1\" class=\"block-content active\">\n<div class=\"row\">\n<div class=\"col-s-12 col-l-3\"><a href=\"https:\/\/vejasp.abril.com.br\/blog\/arnaldo-lorencato\/padaria-da-esquina-fechou\/\" class=\"card\"><span class=\"category hide-s\">Comida &amp; Bebida<\/span><img title = \"[Tags]\"data-src=\"https:\/\/vejasp.abril.com.br\/wp-content\/uploads\/2021\/03\/padaria-da-esquina-edrey.jpg?quality=70&amp;strip=info&amp;w=680&amp;h=453&amp;crop=1\"alt = \"2.jpg Mist\u00e9rios da cidade: qual \u00e9 este monumento da Rodovia dos Bandeirantes?\" class=\"lazyload media\"><span class=\"category hide-l\">Comida &amp; Bebida<\/span><span class=\"title\">Muita tristeza no fim da Padaria da Esquina<\/span><\/a><\/div>\n<div class=\"col-s-12 col-l-3\"><a href=\"https:\/\/vejasp.abril.com.br\/saude\/covid-19-morre-mauricio-vargas-fundador-do-site-reclame-aqui\/\" class=\"card\"><span class=\"category hide-s\">Sa\u00fade<\/span><img title = \"[Tags]\"data-src=\"https:\/\/vejasp.abril.com.br\/wp-content\/uploads\/2021\/04\/Mauricio-Vargas-reclame-aqui.jpeg?quality=70&amp;strip=info&amp;w=680&amp;h=453&amp;crop=1\"alt = \"2.jpg Mist\u00e9rios da cidade: qual \u00e9 este monumento da Rodovia dos Bandeirantes?\" class=\"lazyload media\"><span class=\"category hide-l\">Sa\u00fade<\/span><span class=\"title\">Covid-19: Morre Maur\u00edcio Vargas, fundador do site Reclame Aqui<\/span><\/a><\/div>\n<div class=\"col-s-12 col-l-3\"><a href=\"https:\/\/vejasp.abril.com.br\/saude\/agnaldo-timoteo-morre-aos-84-anos-vitima-da-covid-19\/\" class=\"card\"><span class=\"category hide-s\">Sa\u00fade<\/span><img title = \"[Tags]\"data-src=\"https:\/\/vejasp.abril.com.br\/wp-content\/uploads\/2021\/04\/16174125806067c1e45f545_1617412580_3x2_xl.jpg?quality=70&amp;strip=info&amp;w=680&amp;h=453&amp;crop=1\"alt = \"2.jpg Mist\u00e9rios da cidade: qual \u00e9 este monumento da Rodovia dos Bandeirantes?\" class=\"lazyload media\"><span class=\"category hide-l\">Sa\u00fade<\/span><span class=\"title\">Agnaldo Tim\u00f3teo morre aos 84 anos v\u00edtima da Covid-19<\/span><\/a><\/div>\n<div class=\"col-s-12 col-l-3\"><a href=\"https:\/\/vejasp.abril.com.br\/saude\/paulo-gustavo-covid-thales-bretas\/\" class=\"card\"><span class=\"category hide-s\">Sa\u00fade<\/span><img title = \"[Tags]\"data-src=\"https:\/\/vejasp.abril.com.br\/wp-content\/uploads\/2021\/03\/image_ytJGWvS.jpg?quality=70&amp;strip=info&amp;w=620&amp;h=413&amp;crop=1\"alt = \"2.jpg Mist\u00e9rios da cidade: qual \u00e9 este monumento da Rodovia dos Bandeirantes?\" class=\"lazyload media\"><span class=\"category hide-l\">Sa\u00fade<\/span><span class=\"title\">Thales Bretas se manifesta ap\u00f3s piora de Paulo Gustavo e explica reclus\u00e3o<\/span><\/a><\/div>\n<\/div>\n<\/div>\n<\/div>\n<div id=\"leia_mais\" class=\"block related-posts leia-mais\">\n<ul class=\"block-menu\">\n<li data-tab=\"tab-1\" class=\"active\">Leia mais<\/li>\n<\/ul>\n<div id=\"tab-1\" class=\"block-content active\">\n<div class=\"row\">\n<div class=\"col-s-12 col-l-3\"><a href=\"https:\/\/vejasp.abril.com.br\/cidades\/festa-clandestina-zona-leste-sp\/\" class=\"card\"><span class=\"category hide-s\">Cidades<\/span><img title = \"[Tags]\"data-src=\"https:\/\/vejasp.abril.com.br\/wp-content\/uploads\/2021\/04\/Jardim-Zaira.png?w=680&amp;h=453&amp;crop=1\"alt = \"2.jpg Mist\u00e9rios da cidade: qual \u00e9 este monumento da Rodovia dos Bandeirantes?\" class=\"lazyload media\"><span class=\"category hide-l\">Cidades<\/span><span class=\"title\">Fiscais interrompem festa com 100 pessoas na Zona Leste de S\u00e3o Paulo<\/span><\/a><\/div>\n<div class=\"col-s-12 col-l-3\"><a href=\"https:\/\/vejasp.abril.com.br\/cidades\/trigemeos-orfaos-covid\/\" class=\"card\"><span class=\"category hide-s\">Cidades<\/span><img title = \"[Tags]\"data-src=\"https:\/\/vejasp.abril.com.br\/wp-content\/uploads\/2021\/04\/6180e592c2_montagemmaefilhasetrigemeos.jpg?quality=70&amp;strip=info&amp;w=680&amp;h=453&amp;crop=1\"alt = \"2.jpg Mist\u00e9rios da cidade: qual \u00e9 este monumento da Rodovia dos Bandeirantes?\" class=\"lazyload media\"><span class=\"category hide-l\">Cidades<\/span><span class=\"title\">Trig\u00eameos perdem pai em acidente e m\u00e3e, tia e av\u00f3 para a Covid-19<\/span><\/a><\/div>\n<div class=\"col-s-12 col-l-3\"><a href=\"https:\/\/vejasp.abril.com.br\/cidades\/campinas-proibe-consumo-alcool\/\" class=\"card\"><span class=\"category hide-s\">Cidades<\/span><img title = \"[Tags]\"data-src=\"https:\/\/vejasp.abril.com.br\/wp-content\/uploads\/2021\/04\/campinas1.jpg?quality=70&amp;strip=info&amp;w=680&amp;h=453&amp;crop=1\"alt = \"2.jpg Mist\u00e9rios da cidade: qual \u00e9 este monumento da Rodovia dos Bandeirantes?\" class=\"lazyload media\"><span class=\"category hide-l\">Cidades<\/span><span class=\"title\">Campinas e outras 20 cidades pro\u00edbem consumo de \u00e1lcool em vias p\u00fablicas<\/span><\/a><\/div>\n<div class=\"col-s-12 col-l-3\"><a href=\"https:\/\/vejasp.abril.com.br\/cidades\/fernando-cury-isa-penna-mandato\/\" class=\"card\"><span class=\"category hide-s\">Cidades<\/span><img title = \"[Tags]\"data-src=\"https:\/\/vejasp.abril.com.br\/wp-content\/uploads\/2020\/12\/cury.jpg?quality=70&amp;strip=info&amp;w=680&amp;h=453&amp;crop=1\"alt = \"2.jpg Mist\u00e9rios da cidade: qual \u00e9 este monumento da Rodovia dos Bandeirantes?\" class=\"lazyload media\"><span class=\"category hide-l\">Cidades<\/span><span class=\"title\">Fernando Cury tem mandato suspenso em decis\u00e3o in\u00e9dita ap\u00f3s caso Isa Penna<\/span><\/a><\/div>\n<\/div>\n<\/div>\n<\/div>\n<div class=\"ads post-ads\"><span class=\"title\">Continua ap\u00f3s a publicidade<\/span><\/p>\n<div id=\"abrAD_rectangle3\" class=\"abrAD\" data-ad-><\/div>\n<\/div>\n<p><br \/>\n<br \/><a href=\"https:\/\/vejasp.abril.com.br\/cidades\/monumento-rodovia-dos-bandeirantes\/\">Fonte do Artigo <\/a><br \/>\nTags:<br \/>\n#loterias #loteriascaixa #megasena #resultadoapostas#noticias #noticiario  #noticia #brasil #noticiascolombia #mundo #esporte #colombia #noticiadeld #ltimasnoticias  #noticiario #noticiasregionales #noticiasdepartamentales #noticiashoy #esportes #noticiaahora #elinformantenoticias #noticiasdeboyac  #esporteinterativo #esportivo #diariodosesportes  #noticiero  #jogodefutebol #jogos #loto #apostas<\/p>\n","protected":false},"excerpt":{"rendered":"<p>Quem chega ou sai da capital pela Rodovia dos Bandeirantes j\u00e1 deve ter se questionado: qual \u00e9 o significado daquele enorme peda\u00e7o de concreto na beira da Marginal Tiet\u00ea? Chamado de As Tr\u00eas Faces do Cristal, o trabalho \u00e9 do artista pl\u00e1stico ga\u00facho Avatar da Silva Moraes (1933-2011), que o criou com o objetivo de [&hellip;]<\/p>\n","protected":false},"author":1,"featured_media":68092,"comment_status":"open","ping_status":"open","sticky":false,"template":"","format":"standard","meta":{"footnotes":""},"categories":[1],"tags":[],"class_list":["post-68091","post","type-post","status-publish","format-standard","has-post-thumbnail","hentry","category-curso-de-copy"],"_links":{"self":[{"href":"https:\/\/wiy.com.br\/noticias\/wp-json\/wp\/v2\/posts\/68091","targetHints":{"allow":["GET"]}}],"collection":[{"href":"https:\/\/wiy.com.br\/noticias\/wp-json\/wp\/v2\/posts"}],"about":[{"href":"https:\/\/wiy.com.br\/noticias\/wp-json\/wp\/v2\/types\/post"}],"author":[{"embeddable":true,"href":"https:\/\/wiy.com.br\/noticias\/wp-json\/wp\/v2\/users\/1"}],"replies":[{"embeddable":true,"href":"https:\/\/wiy.com.br\/noticias\/wp-json\/wp\/v2\/comments?post=68091"}],"version-history":[{"count":0,"href":"https:\/\/wiy.com.br\/noticias\/wp-json\/wp\/v2\/posts\/68091\/revisions"}],"wp:featuredmedia":[{"embeddable":true,"href":"https:\/\/wiy.com.br\/noticias\/wp-json\/wp\/v2\/media\/68092"}],"wp:attachment":[{"href":"https:\/\/wiy.com.br\/noticias\/wp-json\/wp\/v2\/media?parent=68091"}],"wp:term":[{"taxonomy":"category","embeddable":true,"href":"https:\/\/wiy.com.br\/noticias\/wp-json\/wp\/v2\/categories?post=68091"},{"taxonomy":"post_tag","embeddable":true,"href":"https:\/\/wiy.com.br\/noticias\/wp-json\/wp\/v2\/tags?post=68091"}],"curies":[{"name":"wp","href":"https:\/\/api.w.org\/{rel}","templated":true}]}}