{"id":68065,"date":"2023-02-26T15:02:36","date_gmt":"2023-02-26T18:02:36","guid":{"rendered":"https:\/\/wiy.com.br\/noticias\/vamos-ouvir-a-ciencia-diz-cardeal-arcebispo-de-sao-paulo\/"},"modified":"2021-04-02T09:05:08","modified_gmt":"2021-04-02T12:05:08","slug":"vamos-ouvir-a-ciencia-diz-cardeal-arcebispo-de-sao-paulo","status":"publish","type":"post","link":"https:\/\/wiy.com.br\/noticias\/vamos-ouvir-a-ciencia-diz-cardeal-arcebispo-de-sao-paulo\/","title":{"rendered":"\u201cVamos ouvir a ci\u00eancia\u201d, diz cardeal-arcebispo de S\u00e3o Paulo"},"content":{"rendered":"<p> <br \/>\n<\/p>\n<h3>Um ano ap\u00f3s o in\u00edcio da pandemia, diante do agravamento dos \u00edndices epidemiol\u00f3gicos e com as igrejas sem missa, \u00e9 poss\u00edvel ocorrer a busca ideal por conforto espiritual por meio de celebra\u00e7\u00f5es virtuais?<\/h3>\n<p>O que conseguimos oferecer n\u00e3o \u00e9 o ideal, em vista das muitas restri\u00e7\u00f5es que o atual momento da crise sanit\u00e1ria imp\u00f5e a todos. N\u00f3s oferecemos o que \u00e9 poss\u00edvel, nas condi\u00e7\u00f5es que enfrentamos. Mesmo n\u00e3o sendo o ideal, as pessoas esperam e buscam o conforto da f\u00e9 e respostas para sua vida durante este momento grave da pandemia.<\/p>\n<h3>A P\u00e1scoa, um dos principais acontecimentos da Igreja Cat\u00f3lica, faz refletir sobre alguns conceitos, como ressurgimento, transforma\u00e7\u00e3o e esperan\u00e7a. Como renovar essas quest\u00f5es em um momento de grande como\u00e7\u00e3o coletiva?<\/h3>\n<p>As celebra\u00e7\u00f5es da <strong>P\u00e1scoa<\/strong> constituem o centro da liturgia da <strong>Igreja Cat\u00f3lica<\/strong> e se referem aos sofrimentos e \u00e0 morte violenta de Jesus na cruz, sua sepultura e ressurrei\u00e7\u00e3o ao terceiro dia. A P\u00e1scoa fala das contradi\u00e7\u00f5es da vida, da hist\u00f3ria e dos comportamentos humanos e do amor infinito de Deus, que supera as fraquezas e a maldade humana. A P\u00e1scoa fala de supera\u00e7\u00e3o e da vida que triunfa sobre a morte. A mensagem da P\u00e1scoa \u00e9 mais que oportuna para o nosso tempo, marcado por ang\u00fastia, medo, dor e morte. Devemos manter firme a esperan\u00e7a e continuar a lutar. Deus n\u00e3o nos abandona.<\/p>\n<h3>Em situa\u00e7\u00f5es como a que vivemos, com grande quantidade de mortes, muitas pessoas fazem contesta\u00e7\u00f5es e questionamentos sobre as religi\u00f5es e sobre a exist\u00eancia de Deus. Qual recado, conselho ou conforto o senhor passaria a essas pessoas?<\/h3>\n<p>\u00c9 compreens\u00edvel que, no meio da ang\u00fastia e da dor, as pessoas se questionem sobre Deus, a f\u00e9 e a religi\u00e3o. Ao mesmo tempo, essas situa\u00e7\u00f5es oferecem a ocasi\u00e3o para um encontro pessoal e profundo com Deus e para uma experi\u00eancia religiosa marcante. A religi\u00e3o n\u00e3o isenta da dor e das conting\u00eancias pr\u00f3prias da condi\u00e7\u00e3o humana, nem acaba com a morte; mas ela lhes d\u00e1 um sentido, marcado pela esperan\u00e7a e pela certeza de que nossa fragilidade e limita\u00e7\u00e3o s\u00e3o amparadas por Algu\u00e9m, que nos d\u00e1 for\u00e7as, nos sustenta e n\u00e3o nos deixa cair no vazio da exist\u00eancia.<\/p>\n<p><b>+<\/b><a href=\"https:\/\/abr.ai\/assine-vejasp\"><b>Assine a Vejinha a partir de 6,90<\/b><\/a><b>.<\/b><\/p>\n<h3>Junto com o agravamento da pandemia, neste ano vieram tamb\u00e9m o da fome e o da pobreza. Ao mesmo tempo, as doa\u00e7\u00f5es foram caindo, tanto de empresas quanto da sociedade civil. Foi uma sensa\u00e7\u00e3o de que o pior da pandemia j\u00e1 havia passado ou mesmo quem doava perdeu o poder de compra?<\/h3>\n<p>A crise econ\u00f4mica no meio da popula\u00e7\u00e3o tamb\u00e9m est\u00e1 se agravando e a fome vai chegando para muitos. Houve certo cansa\u00e7o nas mobiliza\u00e7\u00f5es solid\u00e1rias e as institui\u00e7\u00f5es e iniciativas de ajuda ficaram com pouca capacidade de aux\u00edlio. \u00c9 hora de unir for\u00e7as novamente.<\/p>\n<h3>A Igreja Cat\u00f3lica no mundo todo sofreu e sofre impactos econ\u00f4micos significativos pela queda de doa\u00e7\u00f5es e de receitas obtidas com alugu\u00e9is. Qual o impacto da crise nas contas da Arquidiocese de S\u00e3o Paulo desde mar\u00e7o do ano passado?<\/h3>\n<p>As entradas diminu\u00edram e cortamos as despesas onde \u00e9 poss\u00edvel. As despesas fixas, por\u00e9m, n\u00e3o podem ser cortadas. Seguimos em frente, contando com a generosidade do povo cat\u00f3lico e a Provid\u00eancia de Deus. Desde abril de 2020, na Arquidiocese de S\u00e3o Paulo, tivemos um corte de 40% nas c\u00f4ngruas (<em>renda recebida pelos religiosos para seu sustento<\/em>) mensais de todos os cl\u00e9rigos e isso perdura at\u00e9 o momento atual, sem previs\u00e3o de normaliza\u00e7\u00e3o.<\/p>\n<blockquote class=\"quote-box  with-author\">\n<p>\u201cAs cr\u00edticas dirigidas ao padre Julio Lancellotti s\u00e3o dirigidas acima de tudo aos pobres\u201d<\/p>\n<div class=\"item-share-list\">\n        <a href=\"\/\/vejasp.abril.com.br\/cidades\/ouvir-ciencia-cardeal-arcebispo-sao-paulo\/ via VEJA S\u00c3O PAULO\" data-action=\"share\/whatsapp\/share\" class=\"item-share-list-link item-whatsapp hidden-md hidden-lg\"><i class=\"icon-whatsapp\"><\/i><\/a><br \/>\n        <a href=\"https:\/\/facebook.com\/sharer\/sharer.php?u=https:\/\/vejasp.abril.com.br\/cidades\/ouvir-ciencia-cardeal-arcebispo-sao-paulo\/\" target=\"_blank\" class=\"item-share-list-link item-facebook\" rel=\"noopener noreferrer\"><i class=\"icon-facebook\"><\/i><\/a><br \/>\n        <a href=\"https:\/\/twitter.com\/intent\/tweet?url=https:\/\/vejasp.abril.com.br\/cidades\/ouvir-ciencia-cardeal-arcebispo-sao-paulo\/&amp;text=%E2%80%9CAs%20cr%C3%ADticas%20dirigidas%20ao%20padre%20Julio%20Lancellotti%20s%C3%A3o%20dirigidas%20acima%20de%20tudo%20aos%20pobres%E2%80%9D&amp;via=http:\/\/VejaSP\" target=\"_blank\" class=\"item-share-list-link item-twitter\" rel=\"noopener noreferrer\"><i class=\"icon-twitter\"><\/i><\/a><br \/>\n        <a href=\"mailto:?subject=%E2%80%9CAs%20cr%C3%ADticas%20dirigidas%20ao%20padre%20Julio%20Lancellotti%20s%C3%A3o%20dirigidas%20acima%20de%20tudo%20aos%20pobres%E2%80%9D&amp;body=%25E2%2580%259CAs%2520cr%25C3%25ADticas%2520dirigidas%2520ao%2520padre%2520Julio%2520Lancellotti%2520s%25C3%25A3o%2520dirigidas%2520acima%2520de%2520tudo%2520aos%2520pobres%25E2%2580%259D%20https%3A%2F%2Fvejasp.abril.com.br%2Fcidades%2Fouvir-ciencia-cardeal-arcebispo-sao-paulo%2F%20via%20VEJA%20S%C3%83O%20PAULO\" class=\"item-share-list-link item-email hidden-xs hidden-sm\"><i class=\"icon-envelope-o\"><\/i><\/a>\n      <\/div>\n<\/blockquote>\n<p>&nbsp;<\/p>\n<div class=\"ads post-ads\"><span class=\"title\">Continua ap\u00f3s a publicidade<\/span><\/p>\n<div id=\"abrAD_rectangle2\" class=\"abrAD\" data-ad-><\/div>\n<\/div>\n<p><b>+<\/b><a href=\"https:\/\/abr.ai\/assine-vejasp\"><b>Assine a Vejinha a partir de 6,90<\/b><\/a><b>.<\/b><\/p>\n<h3>Enquanto a pandemia cresce, algumas autoridades e lideran\u00e7as pol\u00edticas insistem em se posicionar contra medidas t\u00e3o importantes quanto b\u00e1sicas, como o distanciamento social e at\u00e9 o uso de m\u00e1scara. O que o senhor diria a essas pessoas?<\/h3>\n<p>\u00c9 uma grande pena que isso esteja acontecendo! Vamos ouvir a ci\u00eancia e usar o bom senso! Todos temos nossa parte de responsabilidade na promo\u00e7\u00e3o de medidas que possam ajudar a controlar e a superar a pandemia, quanto antes. E as autoridades, mais ainda: elas t\u00eam o dever de zelar pelas pol\u00edticas p\u00fablicas de sa\u00fade, n\u00e3o apenas com palavras e com pol\u00edticas adequadas, mas tamb\u00e9m com o bom exemplo pessoal de respeito \u00e0s medidas recomendadas \u00e0 popula\u00e7\u00e3o.<\/p>\n<h3>O <a href=\"https:\/\/vejasp.abril.com.br\/cidades\/capa-padre-julio-lancellotti-pandemia\/\">padre Julio Lancellotti<\/a> vem sofrendo sucessivos ataques por causa de sua atua\u00e7\u00e3o com moradores de rua. O \u00faltimo partiu da primeira-dama do estado, Bia Doria. Por que ele recebe tantas cr\u00edticas ap\u00f3s d\u00e9cadas de trabalhos sociais importantes?<\/h3>\n<p>Ningu\u00e9m est\u00e1 isento de cr\u00edticas, contanto que sejam razo\u00e1veis e ajudem a melhorar as coisas. Por\u00e9m cr\u00edticas difamat\u00f3rias e destruidoras da pessoa s\u00e3o injustas e machucam. <strong>Padre Julio<\/strong> dedica-se aos moradores de rua em S\u00e3o Paulo, sobretudo na \u00e1rea central, e se envolve de corpo e alma numa situa\u00e7\u00e3o que muitos reconhecem como problem\u00e1tica e at\u00e9 escandalosa para nossa cidade, mas poucos querem abra\u00e7ar e enfrentar seriamente. As cr\u00edticas dirigidas a ele s\u00e3o dirigidas acima de tudo aos pobres. Quem fica do lado dos moradores de rua sofre com eles, inclusive a rejei\u00e7\u00e3o social e moral. Bom seria se muitos abra\u00e7assem seriamente a causa dos moradores de rua em nossa metr\u00f3pole, buscando solu\u00e7\u00f5es eficazes em v\u00e1rios n\u00edveis de responsabilidade e a\u00e7\u00e3o.<\/p>\n<h3>A Campanha da Fraternidade deste ano (\u201c<em>Fraternidade e Di\u00e1logo: compromisso de amor<\/em>\u201d) gerou pol\u00eamica nas redes sociais, ap\u00f3s cr\u00edticos dizerem que o texto-base estava ideologizado, ao reprovar a nega\u00e7\u00e3o da ci\u00eancia na pandemia. A polariza\u00e7\u00e3o ideol\u00f3gica atinge at\u00e9 campanhas que t\u00eam como objetivo levar reflex\u00e3o e unir as pessoas.<\/h3>\n<p>A Campanha da Fraternidade, bem-aceita e bem-sucedida por d\u00e9cadas, vem recebendo cr\u00edticas de v\u00e1rios grupos nos anos mais recentes. Ela pode ser sempre aperfei\u00e7oada e as cr\u00edticas fundamentadas s\u00e3o bem-vindas e precisam ser levadas a s\u00e9rio. O que se tem observado, no entanto, s\u00e3o campanhas para o descr\u00e9dito da campanha. Atr\u00e1s de v\u00e1rias cr\u00edticas est\u00e3o diverg\u00eancias quanto \u00e0 compreens\u00e3o da Igreja e sua atua\u00e7\u00e3o na esfera social e p\u00fablica. No entanto, a Campanha da Fraternidade segue propondo quest\u00f5es importantes sobre a presen\u00e7a crist\u00e3 na vida social, que mereceriam acolhida e aten\u00e7\u00e3o, em vez de \u201ccampanhas contra a campanha\u201d.<\/p>\n<h3>Recentemente, o senhor tomou a vacina. Qual a sensa\u00e7\u00e3o?<\/h3>\n<p>Sim, tomei a primeira dose. Tenho 71 anos. A sensa\u00e7\u00e3o \u00e9 de al\u00edvio parcial, pois ainda falta a segunda dose. Continuo me cuidando.<\/p>\n<p><b>+<\/b><a href=\"https:\/\/abr.ai\/assine-vejasp\"><b>Assine a Vejinha a partir de 6,90<\/b><\/a><b>.<\/b><\/p>\n<p><b>Publicado em VEJA S\u00e3o Paulo de 07 de abril de 2021, edi\u00e7\u00e3o n\u00ba 2732<\/b><\/p>\n<\/p>\n<div id=\"relacionadas\" class=\"block related-posts three_columns\">\n<ul class=\"block-menu\">\n<li data-tab=\"tab-1\" class=\"active\">Relacionadas<\/li>\n<\/ul>\n<div id=\"tab-1\" class=\"block-content active\">\n<div class=\"row\">\n<li class=\"widget-news-item without-thumb with-border\">\n<div class=\"widget-news-info\"><a href=\"http:\/\/vejasp.abril.com.br\/cidades\">Cidades<\/a><span class=\"widget-news-item-title\"><a href=\"https:\/\/vejasp.abril.com.br\/cidades\/solidariedade-padre-julio-lancellotti\/\">&#8220;Essa onda de solidariedade tem que permanecer&#8221;, diz padre J\u00falio<\/a><\/span><span class=\"widget-news-item-date\">29 dez 2020 &#8211; 16h12<\/span><\/div>\n<\/li>\n<li class=\"widget-news-item without-thumb with-border\">\n<div class=\"widget-news-info\"><a href=\"http:\/\/vejasp.abril.com.br\/cidades\">Cidades<\/a><span class=\"widget-news-item-title\"><a href=\"https:\/\/vejasp.abril.com.br\/cidades\/padre-julio-lancellotti-ataques-arthur-do-val\/\">Padre J\u00falio Lancellotti diz que foi amea\u00e7ado por motoqueiro: &#8220;Estou cada vez mais em risco&#8221;<\/a><\/span><span class=\"widget-news-item-date\">15 set 2020 &#8211; 19h09<\/span><\/div>\n<\/li>\n<li class=\"widget-news-item without-thumb with-border\">\n<div class=\"widget-news-info\"><a href=\"http:\/\/vejasp.abril.com.br\/cidades\">Cidades<\/a><span class=\"widget-news-item-title\"><a href=\"https:\/\/vejasp.abril.com.br\/cidades\/capa-padre-julio-lancellotti-pandemia\/\">J\u00falio Lancellotti v\u00ea a popularidade (e os problemas) crescerem na pandemia<\/a><\/span><span class=\"widget-news-item-date\">4 set 2020 &#8211; 06h09<\/span><\/div>\n<\/li>\n<\/div>\n<\/div>\n<\/div>\n<div id=\"mais_lidas\" class=\"block related-posts mais-lidas\">\n<ul class=\"block-menu\">\n<li data-tab=\"tab-1\" class=\"active\">Mais lidas<\/li>\n<\/ul>\n<div id=\"tab-1\" class=\"block-content active\">\n<div class=\"row\">\n<div class=\"col-s-12 col-l-3\"><a href=\"https:\/\/vejasp.abril.com.br\/cidades\/mulher-descobre-amante-marido-covid\/\" class=\"card\"><span class=\"category hide-s\">Cidades<\/span><img title = \"[Tags]\"data-src=\"https:\/\/vejasp.abril.com.br\/wp-content\/uploads\/2021\/04\/gerger.jpg?quality=70&amp;strip=info&amp;w=680&amp;h=453&amp;crop=1\"alt = \"gerger \u201cVamos ouvir a ci\u00eancia\u201d, diz cardeal-arcebispo de S\u00e3o Paulo\" class=\"lazyload media\"><span class=\"category hide-l\">Cidades<\/span><span class=\"title\">Mulher visita marido internado com Covid-19 e descobre amante<\/span><\/a><\/div>\n<div class=\"col-s-12 col-l-3\"><a href=\"https:\/\/vejasp.abril.com.br\/saude\/kit-covid-tratamento-precoce\/\" class=\"card\"><span class=\"category hide-s\">Sa\u00fade<\/span><img title = \"[Tags]\"data-src=\"https:\/\/vejasp.abril.com.br\/wp-content\/uploads\/2021\/03\/mufid-majnun-J12RfFH-2ZE-unsplash.jpg?quality=70&amp;strip=info&amp;w=680&amp;h=453&amp;crop=1\"alt = \"gerger \u201cVamos ouvir a ci\u00eancia\u201d, diz cardeal-arcebispo de S\u00e3o Paulo\" class=\"lazyload media\"><span class=\"category hide-l\">Sa\u00fade<\/span><span class=\"title\">&#8216;Maior parte dos que est\u00e3o aqui na UTI tomaram kit-Covid&#8217;, diz chefe do Incor<\/span><\/a><\/div>\n<div class=\"col-s-12 col-l-3\"><a href=\"https:\/\/vejasp.abril.com.br\/blog\/pop\/padre-marcelo-rossi-musculoso\/\" class=\"card\"><span class=\"category hide-s\">Cultura &amp; Lazer<\/span><img title = \"[Tags]\"data-src=\"https:\/\/vejasp.abril.com.br\/wp-content\/uploads\/2021\/03\/padre-marcelo-rossi_widelg.jpg?quality=70&amp;strip=info&amp;w=680&amp;h=450&amp;crop=1\"alt = \"gerger \u201cVamos ouvir a ci\u00eancia\u201d, diz cardeal-arcebispo de S\u00e3o Paulo\" class=\"lazyload media\"><span class=\"category hide-l\">Cultura &amp; Lazer<\/span><span class=\"title\">Padre Marcelo Rossi surge &#8216;marombado&#8217; e viraliza na internet<\/span><\/a><\/div>\n<div class=\"col-s-12 col-l-3\"><a href=\"https:\/\/vejasp.abril.com.br\/blog\/arnaldo-lorencato\/padaria-da-esquina-fechou\/\" class=\"card\"><span class=\"category hide-s\">Comida &amp; Bebida<\/span><img title = \"[Tags]\"data-src=\"https:\/\/vejasp.abril.com.br\/wp-content\/uploads\/2021\/03\/padaria-da-esquina-edrey.jpg?quality=70&amp;strip=info&amp;w=680&amp;h=453&amp;crop=1\"alt = \"gerger \u201cVamos ouvir a ci\u00eancia\u201d, diz cardeal-arcebispo de S\u00e3o Paulo\" class=\"lazyload media\"><span class=\"category hide-l\">Comida &amp; Bebida<\/span><span class=\"title\">Muita tristeza no fim da Padaria da Esquina<\/span><\/a><\/div>\n<\/div>\n<\/div>\n<\/div>\n<div id=\"leia_mais\" class=\"block related-posts leia-mais\">\n<ul class=\"block-menu\">\n<li data-tab=\"tab-1\" class=\"active\">Leia mais<\/li>\n<\/ul>\n<div id=\"tab-1\" class=\"block-content active\">\n<div class=\"row\">\n<div class=\"col-s-12 col-l-3\"><a href=\"https:\/\/vejasp.abril.com.br\/cidades\/novos-hoteis-luxo-matarazzo-hilton-fasano\/\" class=\"card\"><span class=\"category hide-s\">Cidades<\/span><img title = \"[Tags]\"data-src=\"https:\/\/vejasp.abril.com.br\/wp-content\/uploads\/2021\/04\/MTZ_POOL_ROOFTOP-02.jpg.jpg?quality=70&amp;strip=info&amp;w=680&amp;h=453&amp;crop=1\"alt = \"gerger \u201cVamos ouvir a ci\u00eancia\u201d, diz cardeal-arcebispo de S\u00e3o Paulo\" class=\"lazyload media\"><span class=\"category hide-l\">Cidades<\/span><span class=\"title\">Setor hoteleiro passa por crise, mas 4 unidades de luxo se instalam na cidade<\/span><\/a><\/div>\n<div class=\"col-s-12 col-l-3\"><a href=\"https:\/\/vejasp.abril.com.br\/cidades\/pirituba-obra-ligacao-lapa-paralisada\/\" class=\"card\"><span class=\"category hide-s\">Cidades<\/span><img title = \"[Tags]\"data-src=\"https:\/\/vejasp.abril.com.br\/wp-content\/uploads\/2021\/04\/PIRITUBA_LAPA_13.JPG.jpg?quality=70&amp;strip=info&amp;w=680&amp;h=453&amp;crop=1\"alt = \"gerger \u201cVamos ouvir a ci\u00eancia\u201d, diz cardeal-arcebispo de S\u00e3o Paulo\" class=\"lazyload media\"><span class=\"category hide-l\">Cidades<\/span><span class=\"title\">Ponte para ligar Pirituba \u00e0 Lapa est\u00e1 com obra parada h\u00e1 um ano<\/span><\/a><\/div>\n<div class=\"col-s-12 col-l-3\"><a href=\"https:\/\/vejasp.abril.com.br\/cidades\/monumento-rodovia-dos-bandeirantes\/\" class=\"card\"><span class=\"category hide-s\">Cidades<\/span><img title = \"[Tags]\"data-src=\"https:\/\/vejasp.abril.com.br\/wp-content\/uploads\/2021\/04\/Design-sem-nome-8.jpg?quality=70&amp;strip=info&amp;w=680&amp;h=453&amp;crop=1\"alt = \"gerger \u201cVamos ouvir a ci\u00eancia\u201d, diz cardeal-arcebispo de S\u00e3o Paulo\" class=\"lazyload media\"><span class=\"category hide-l\">Cidades<\/span><span class=\"title\">Mist\u00e9rios da cidade: qual \u00e9 este monumento da Rodovia dos Bandeirantes?<\/span><\/a><\/div>\n<div class=\"col-s-12 col-l-3\"><a href=\"https:\/\/vejasp.abril.com.br\/cidades\/biblioteca-instituto-butantan\/\" class=\"card\"><span class=\"category hide-s\">Cidades<\/span><img title = \"[Tags]\"data-src=\"https:\/\/vejasp.abril.com.br\/wp-content\/uploads\/2021\/04\/Fotos_Parque_Rafa-22-of-28-1.jpg.jpg?quality=70&amp;strip=info&amp;w=680&amp;h=453&amp;crop=1\"alt = \"gerger \u201cVamos ouvir a ci\u00eancia\u201d, diz cardeal-arcebispo de S\u00e3o Paulo\" class=\"lazyload media\"><span class=\"category hide-l\">Cidades<\/span><span class=\"title\">Biblioteca do Butantan passa por restauro de 15,4 milh\u00f5es para abrir em 2022<\/span><\/a><\/div>\n<\/div>\n<\/div>\n<\/div>\n<div class=\"ads post-ads\"><span class=\"title\">Continua ap\u00f3s a publicidade<\/span><\/p>\n<div id=\"abrAD_rectangle3\" class=\"abrAD\" data-ad-><\/div>\n<\/div>\n<p><script async src=\"http:\/\/platform.twitter.com\/widgets.js\" charset=\"utf-8\"><\/script><br \/>\n<br \/><br \/>\n<br \/><a href=\"https:\/\/vejasp.abril.com.br\/cidades\/ouvir-ciencia-cardeal-arcebispo-sao-paulo\/\">Fonte do Artigo <\/a><br \/>\nTags:<br \/>\n#loterias #loteriascaixa #megasena #resultadoapostas#noticias #noticiario  #noticia #brasil #noticiascolombia #mundo #esporte #colombia #noticiadeld #ltimasnoticias  #noticiario #noticiasregionales #noticiasdepartamentales #noticiashoy #esportes #noticiaahora #elinformantenoticias #noticiasdeboyac  #esporteinterativo #esportivo #diariodosesportes  #noticiero  #jogodefutebol #jogos #loto #apostas<\/p>\n","protected":false},"excerpt":{"rendered":"<p>Um ano ap\u00f3s o in\u00edcio da pandemia, diante do agravamento dos \u00edndices epidemiol\u00f3gicos e com as igrejas sem missa, \u00e9 poss\u00edvel ocorrer a busca ideal por conforto espiritual por meio de celebra\u00e7\u00f5es virtuais? O que conseguimos oferecer n\u00e3o \u00e9 o ideal, em vista das muitas restri\u00e7\u00f5es que o atual momento da crise sanit\u00e1ria imp\u00f5e a [&hellip;]<\/p>\n","protected":false},"author":1,"featured_media":68066,"comment_status":"open","ping_status":"open","sticky":false,"template":"","format":"standard","meta":{"footnotes":""},"categories":[1],"tags":[],"class_list":["post-68065","post","type-post","status-publish","format-standard","has-post-thumbnail","hentry","category-curso-de-copy"],"_links":{"self":[{"href":"https:\/\/wiy.com.br\/noticias\/wp-json\/wp\/v2\/posts\/68065","targetHints":{"allow":["GET"]}}],"collection":[{"href":"https:\/\/wiy.com.br\/noticias\/wp-json\/wp\/v2\/posts"}],"about":[{"href":"https:\/\/wiy.com.br\/noticias\/wp-json\/wp\/v2\/types\/post"}],"author":[{"embeddable":true,"href":"https:\/\/wiy.com.br\/noticias\/wp-json\/wp\/v2\/users\/1"}],"replies":[{"embeddable":true,"href":"https:\/\/wiy.com.br\/noticias\/wp-json\/wp\/v2\/comments?post=68065"}],"version-history":[{"count":0,"href":"https:\/\/wiy.com.br\/noticias\/wp-json\/wp\/v2\/posts\/68065\/revisions"}],"wp:featuredmedia":[{"embeddable":true,"href":"https:\/\/wiy.com.br\/noticias\/wp-json\/wp\/v2\/media\/68066"}],"wp:attachment":[{"href":"https:\/\/wiy.com.br\/noticias\/wp-json\/wp\/v2\/media?parent=68065"}],"wp:term":[{"taxonomy":"category","embeddable":true,"href":"https:\/\/wiy.com.br\/noticias\/wp-json\/wp\/v2\/categories?post=68065"},{"taxonomy":"post_tag","embeddable":true,"href":"https:\/\/wiy.com.br\/noticias\/wp-json\/wp\/v2\/tags?post=68065"}],"curies":[{"name":"wp","href":"https:\/\/api.w.org\/{rel}","templated":true}]}}