{"id":67944,"date":"2023-02-26T14:54:54","date_gmt":"2023-02-26T17:54:54","guid":{"rendered":"https:\/\/wiy.com.br\/noticias\/covid-19-brasil-tem-novo-recorde-de-mortes-nas-ultimas-24h-total-ultrapassa-298-mil\/"},"modified":"2021-03-23T18:44:23","modified_gmt":"2021-03-23T21:44:23","slug":"covid-19-brasil-tem-novo-recorde-de-mortes-nas-ultimas-24h-total-ultrapassa-298-mil","status":"publish","type":"post","link":"https:\/\/wiy.com.br\/noticias\/covid-19-brasil-tem-novo-recorde-de-mortes-nas-ultimas-24h-total-ultrapassa-298-mil\/","title":{"rendered":"Covid-19: Brasil tem novo recorde de mortes nas \u00faltimas 24h; total ultrapassa 298 mil"},"content":{"rendered":"<p> <br \/>\n<\/p>\n<p id=\"block-732c3c60-90f4-4243-b7d7-45ffa549bd27\">O Brasil registrou o recorde negativo de 3.251 mortes por Covid-19 nas \u00faltimas 24 horas, de acordo com n\u00fameros atualizados pelo Conselho Nacional de Secret\u00e1rios de Sa\u00fade (<a rel=\"noreferrer noopener\" href=\"https:\/\/www.conass.org.br\/painelconasscovid19\/\" target=\"_blank\">Conass<\/a>) e pelo <a href=\"https:\/\/olhardigital.com.br\/tag\/Ministerio-da-Saude\/\" target=\"_blank\" rel=\"noreferrer noopener\">Minist\u00e9rio da Sa\u00fade<\/a> nesta ter\u00e7a-feira (23). <\/p>\n<p>Confira os n\u00fameros atualizados no Brasil:<\/p>\n<ul id=\"block-10fdb01d-7612-48be-8519-1d9253c25dee\">\n<li><strong>3.251 \u00f3bitos<\/strong> nas \u00faltimas <strong>24 horas<\/strong>;<\/li>\n<li><strong>82.493 casos confirmados<\/strong> nas \u00faltimas <strong>24 horas<\/strong>;<\/li>\n<li><strong>298.676 mortes<\/strong>;<\/li>\n<li><strong>12.130.019<\/strong> <strong>casos confirmados<\/strong>.<\/li>\n<\/ul>\n<figure class=\"wp-block-embed-twitter wp-block-embed is-type-rich is-provider-twitter\">\n<div class=\"wp-block-embed__wrapper\">\n<blockquote class=\"twitter-tweet\" data-width=\"500\" data-dnt=\"true\">\n<p lang=\"pt\" dir=\"ltr\"><a href=\"https:\/\/twitter.com\/hashtag\/PainelConass?src=hash&amp;ref_src=twsrc%5Etfw\">#PainelConass<\/a> Covid-19<br \/>Data: 23\/03\/2021, 18h<\/p>\n<p>Casos<br \/>\u2022 82.493 no \u00faltimo per\u00edodo<br \/>\u2022 12.130.019 acumulados<\/p>\n<p>\u00d3bitos<br \/>\u2022 3.251 no \u00faltimo per\u00edodo<br \/>\u2022 298.676 \u00f3bitos acumulados<\/p>\n<p>Mais informa\u00e7\u00f5es: <a href=\"https:\/\/t.co\/ZjV7hqhXrq\">https:\/\/t.co\/ZjV7hqhXrq<\/a><\/p>\n<p>&mdash; CONASS (@ConassOficial) <a href=\"https:\/\/twitter.com\/ConassOficial\/status\/1374466017288581127?ref_src=twsrc%5Etfw\">March 23, 2021<\/a><\/p><\/blockquote>\n<\/div>\n<\/figure>\n<p>Desde que chegou ao pa\u00eds, o novo coronav\u00edrus se espalhou rapidamente. Em 16 de junho de 2020, menos de um m\u00eas depois de atingir <a rel=\"noreferrer noopener\" href=\"https:\/\/olhardigital.com.br\/noticia\/brasil-ultrapassa-1-milhao-de-casos-confirmados-de-covid-19\/102341\" target=\"_blank\">um milh\u00e3o de casos confirmados de Covid-19<\/a>, o Brasil registrou mais de dois milh\u00f5es de infectados. Em 8 de julho, entretanto, um milh\u00e3o de pessoas j\u00e1 haviam se recuperado da doen\u00e7a. Atualmente, o Brasil \u00e9 o segundo pa\u00eds com mais mortes registradas pela Covid-19, atr\u00e1s apenas dos EUA.\u00a0<\/p>\n<p><strong>Leia mais:<\/strong><\/p>\n<ul>\n<li><a href=\"https:\/\/olhardigital.com.br\/2021\/03\/21\/coronavirus\/covid-19-mortes-de-jovens-e-adultos-crescem-35-no-pais-em-marco\/\">Covid-19: mortes de jovens e adultos crescem 35% no pa\u00eds em mar\u00e7o<\/a><\/li>\n<li><a href=\"https:\/\/olhardigital.com.br\/2021\/03\/21\/coronavirus\/brasil-recebe-1-milhao-de-doses-de-vacinas-da-covax-facility-neste-domingo\/\">Brasil recebe 1 milh\u00e3o de doses de vacinas da Covax Facility<\/a><\/li>\n<li><a href=\"https:\/\/olhardigital.com.br\/2021\/03\/19\/medicina-e-saude\/sem-vacinas-e-dificil-programar-a-vacinacao-dizem-especialistas\/\">Sem vacinas, \u00e9 dif\u00edcil programar a vacina\u00e7\u00e3o, dizem especialistas<\/a><\/li>\n<\/ul>\n<h2 id=\"block-902a9e01-086f-4c3b-ae86-147a895a856f\">Covid-19: Situa\u00e7\u00e3o no mundo<\/h2>\n<p id=\"block-0dbfceee-f0e7-4775-845d-7767c52df9a0\">Segundo dados da Universidade Johns Hopkins, o novo coronav\u00edrus&nbsp;j\u00e1 infectou mais de <a rel=\"noreferrer noopener\" href=\"https:\/\/coronavirus.jhu.edu\/map.html\" target=\"_blank\">123 milh\u00f5es de pessoas em todo o mundo<\/a>. O marco \u00e9 alcan\u00e7ado 15 meses ap\u00f3s seu surgimento na cidade chinesa de <a rel=\"noreferrer noopener\" href=\"https:\/\/olhardigital.com.br\/coronavirus\/noticia\/wuhan-encerra-confinamento-mas-normalidade-ainda-esta-distante\/99145\" target=\"_blank\">Wuhan<\/a>. O n\u00famero de mortos por Covid-19&nbsp;no mundo j\u00e1 ultrapassou 2,5 milh\u00f5es. Por outro lado, mais de 65 milh\u00f5es de pessoas j\u00e1 se recuperaram da doen\u00e7a globalmente.<\/p>\n<h2 id=\"block-f357f6da-e2c4-42a0-994a-47ffdf2b0e7b\">Impacto regulat\u00f3rio<\/h2>\n<p id=\"block-aa447671-170f-415b-85eb-f1f6240d1af6\">A InteliGov, startup de monitoramento parlamentar, criou um <a href=\"https:\/\/covid.inteligov.com.br\/\">site de monitoramento autom\u00e1tico<\/a> do Di\u00e1rio Oficial da Uni\u00e3o (DOU) e do Legislativo (federal, estadual e municipal) em tempos de crise. Com a ferramenta, \u00e9 poss\u00edvel verificar todas as men\u00e7\u00f5es ao novo coronav\u00edrus no DOU.<\/p>\n<p id=\"block-d4a3fcfb-afe7-492d-948a-dff33a7d49a0\">Especializada em automa\u00e7\u00e3o de monitoramento de informa\u00e7\u00f5es governamentais, a startup atualiza automaticamente as informa\u00e7\u00f5es a cada hora, no caso do DOU, e diariamente quanto \u00e0s iniciativas do Legislativo. Todo o material dispon\u00edvel \u00e9 gratuito e est\u00e1 dividido em duas categorias: &#8216;publica\u00e7\u00f5es na imprensa oficial&#8217; e &#8216;proposi\u00e7\u00f5es legislativas&#8217;.<\/p>\n<p id=\"block-55ec772f-3c4f-485e-bbdd-5635f0cba1ad\">J\u00e1 assistiu aos nossos novos v\u00eddeos no&nbsp;<a rel=\"noreferrer noopener\" href=\"http:\/\/www.youtube.com\/channel\/UCGV72aVJuWP0QPNGH4YgIww?sub_confirmation=1\" target=\"_blank\">YouTube<\/a>? Inscreva-se no nosso canal!<\/p>\n<figure class=\"wp-block-embed-youtube wp-block-embed is-type-video is-provider-youtube wp-embed-aspect-16-9 wp-has-aspect-ratio\">\n<div class=\"wp-block-embed__wrapper\">\n<\/div>\n<\/figure>\n<p>O post <a rel=\"nofollow\" href=\"https:\/\/olhardigital.com.br\/2021\/03\/23\/coronavirus\/covid-19-brasil-tem-novo-recorde-de-mortes-nas-ultimas-24h-total-ultrapassa-298-mil\/\">Covid-19: Brasil tem novo recorde de mortes nas \u00faltimas 24h; total ultrapassa 298 mil<\/a> apareceu primeiro em <a rel=\"nofollow\" href=\"https:\/\/olhardigital.com.br\">Olhar Digital<\/a>.<\/p>\n<p><script async src=\"http:\/\/platform.twitter.com\/widgets.js\" charset=\"utf-8\"><\/script><br \/>\n<br \/><br \/>\n<br \/><a href=\"https:\/\/olhardigital.com.br\/2021\/03\/23\/coronavirus\/covid-19-brasil-tem-novo-recorde-de-mortes-nas-ultimas-24h-total-ultrapassa-298-mil\/\">Fonte do Artigo <\/a><br \/>\nTags:<\/p>\n<p><a href=\"https:\/\/wiy.com.br\/noticias\/categoria\/tecnologia\/\">#tecnologia<\/a> <a href=\"https:\/\/wiy.com.br\/noticias\/categoria\/tecnologia\/\">#tecnologias<\/a> <a href=\"https:\/\/wiy.com.br\/noticias\/categoria\/tecnologia\/\">#technology<\/a> <a href=\"https:\/\/wiy.com.br\/noticias\/categoria\/tecnologia\/\">#tecnolog<\/a> <a href=\"https:\/\/wiy.com.br\/noticias\/categoria\/tecnologia\/\">#iphone<\/a> <a href=\"https:\/\/wiy.com.br\/noticias\/categoria\/tecnologia\/\">#informatica<\/a> <a href=\"https:\/\/wiy.com.br\/noticias\/categoria\/tecnologia\/\">#tech<\/a> <a href=\"https:\/\/wiy.com.br\/noticias\/categoria\/tecnologia\/\">#design<\/a> <a href=\"https:\/\/wiy.com.br\/noticias\/categoria\/tecnologia\/\">#samsung<\/a> <a href=\"https:\/\/wiy.com.br\/noticias\/categoria\/tecnologia\/\">#internet<\/a> <a href=\"https:\/\/wiy.com.br\/noticias\/categoria\/tecnologia\/\">#apple<\/a> <a href=\"https:\/\/wiy.com.br\/noticias\/categoria\/tecnologia\/\">#smartphone<\/a> <a href=\"https:\/\/wiy.com.br\/noticias\/categoria\/tecnologia\/\">#seguranca<\/a> <a href=\"https:\/\/wiy.com.br\/noticias\/categoria\/tecnologia\/\">#venezuela<\/a> <a href=\"https:\/\/wiy.com.br\/noticias\/categoria\/tecnologia\/\">#celular<\/a> <a href=\"https:\/\/wiy.com.br\/noticias\/categoria\/tecnologia\/\">#celulares<\/a> <a href=\"https:\/\/wiy.com.br\/noticias\/categoria\/tecnologia\/\">#inovar<\/a> <a href=\"https:\/\/wiy.com.br\/noticias\/categoria\/tecnologia\/\">#qualidade<\/a> <a href=\"https:\/\/wiy.com.br\/noticias\/categoria\/tecnologia\/\">#software<\/a> <a href=\"https:\/\/wiy.com.br\/noticias\/categoria\/tecnologia\/\">#empresas<\/a> <a href=\"https:\/\/wiy.com.br\/noticias\/categoria\/tecnologia\/\">#cursos<\/a> <a href=\"https:\/\/wiy.com.br\/noticias\/categoria\/tecnologia\/\">#engenharia<\/a> <a href=\"https:\/\/wiy.com.br\/noticias\/categoria\/tecnologia\/\">#industria<\/a> <a href=\"https:\/\/wiy.com.br\/noticias\/categoria\/tecnologia\/\">#marketing<\/a> <a href=\"https:\/\/wiy.com.br\/noticias\/categoria\/tecnologia\/\">#ti<\/a> <a href=\"https:\/\/wiy.com.br\/noticias\/categoria\/tecnologia\/\">#tecnoblog<\/a> <a href=\"https:\/\/wiy.com.br\/noticias\/categoria\/tecnologia\/\">#veja<\/a> <a href=\"https:\/\/wiy.com.br\/noticias\/categoria\/tecnologia\/\">#olhardigital<\/a> <a href=\"https:\/\/wiy.com.br\/noticias\/categoria\/tecnologia\/\">#mundodigital<\/a> <a href=\"https:\/\/wiy.com.br\/noticias\/categoria\/tecnologia\/\">#inteligenciaartificial<\/a> <a href=\"https:\/\/wiy.com.br\/criacao-de-sites\/\">#criar site<\/a> <a href=\"https:\/\/wiy.com.br\/criacao-de-sites\/\">#criar site curitiba<\/a> <a href=\"https:\/\/wiy.com.br\/criacao-de-sites\/\">#wiysolutions<\/a><\/p>\n","protected":false},"excerpt":{"rendered":"<p>O Brasil registrou o recorde negativo de 3.251 mortes por Covid-19 nas \u00faltimas 24 horas, de acordo com n\u00fameros atualizados pelo Conselho Nacional de Secret\u00e1rios de Sa\u00fade (Conass) e pelo Minist\u00e9rio da Sa\u00fade nesta ter\u00e7a-feira (23). Confira os n\u00fameros atualizados no Brasil: 3.251 \u00f3bitos nas \u00faltimas 24 horas; 82.493 casos confirmados nas \u00faltimas 24 horas; [&hellip;]<\/p>\n","protected":false},"author":1,"featured_media":67891,"comment_status":"open","ping_status":"open","sticky":false,"template":"","format":"standard","meta":{"footnotes":""},"categories":[5],"tags":[],"class_list":["post-67944","post","type-post","status-publish","format-standard","has-post-thumbnail","hentry","category-tecnologia"],"_links":{"self":[{"href":"https:\/\/wiy.com.br\/noticias\/wp-json\/wp\/v2\/posts\/67944","targetHints":{"allow":["GET"]}}],"collection":[{"href":"https:\/\/wiy.com.br\/noticias\/wp-json\/wp\/v2\/posts"}],"about":[{"href":"https:\/\/wiy.com.br\/noticias\/wp-json\/wp\/v2\/types\/post"}],"author":[{"embeddable":true,"href":"https:\/\/wiy.com.br\/noticias\/wp-json\/wp\/v2\/users\/1"}],"replies":[{"embeddable":true,"href":"https:\/\/wiy.com.br\/noticias\/wp-json\/wp\/v2\/comments?post=67944"}],"version-history":[{"count":0,"href":"https:\/\/wiy.com.br\/noticias\/wp-json\/wp\/v2\/posts\/67944\/revisions"}],"wp:featuredmedia":[{"embeddable":true,"href":"https:\/\/wiy.com.br\/noticias\/wp-json\/wp\/v2\/media\/67891"}],"wp:attachment":[{"href":"https:\/\/wiy.com.br\/noticias\/wp-json\/wp\/v2\/media?parent=67944"}],"wp:term":[{"taxonomy":"category","embeddable":true,"href":"https:\/\/wiy.com.br\/noticias\/wp-json\/wp\/v2\/categories?post=67944"},{"taxonomy":"post_tag","embeddable":true,"href":"https:\/\/wiy.com.br\/noticias\/wp-json\/wp\/v2\/tags?post=67944"}],"curies":[{"name":"wp","href":"https:\/\/api.w.org\/{rel}","templated":true}]}}