{"id":67875,"date":"2023-02-26T15:48:40","date_gmt":"2023-02-26T18:48:40","guid":{"rendered":"https:\/\/wiy.com.br\/noticias\/ladroes-armados-invadem-posto-de-saude-e-roubam-vacinas-contra-a-covid-19\/"},"modified":"2021-03-22T14:23:40","modified_gmt":"2021-03-22T17:23:40","slug":"ladroes-armados-invadem-posto-de-saude-e-roubam-vacinas-contra-a-covid-19","status":"publish","type":"post","link":"https:\/\/wiy.com.br\/noticias\/ladroes-armados-invadem-posto-de-saude-e-roubam-vacinas-contra-a-covid-19\/","title":{"rendered":"Ladr\u00f5es armados invadem posto de sa\u00fade e roubam vacinas contra a Covid-19"},"content":{"rendered":"<p> <br \/>\n<\/p>\n<p><span><strong>Doses<\/strong> de <strong>vacina<\/strong> contra a <strong>Covid-19<\/strong> foram roubadas de um posto de sa\u00fade nesta segunda-feira (22). O crime aconteceu na Vila de Ponta Negra, em Natal, no Rio Grande do Norte. Ao todo, 20 doses foram levadas, segundo a dire\u00e7\u00e3o da unidade de sa\u00fade.\u00a0<\/span><\/p>\n<p><span>De acordo com testemunhas, os criminosos tentaram assaltar a unidade \u00e0s 7h da manh\u00e3. A diretora da unidade disse que pediu refor\u00e7o policial depois da primeira tentativa.<\/span><\/p>\n<p><span>Os policiais ficaram parte do per\u00edodo da manh\u00e3 no local, mas quando foram embora, os bandidos retornaram, armados e encapuzados, e levaram duas ampolas, cada uma com dez doses da <strong>CoronaVac.<\/strong>\u00a0<\/span><\/p>\n<p><span>Um dos agentes de sa\u00fade foi agredido durante a a\u00e7\u00e3o e seu celular foi levado. Uma porta foi quebrada. Um morador da regi\u00e3o afirmou que as enfermeiras passaram mal ap\u00f3s o acontecimento e que os criminosos estavam com uma metralhadora.\u00a0<\/span><\/p>\n<p>Dois suspeitos foram presos pela Pol\u00edcia Militar, mas ambos estavam sem as doses do imunizante. As autoridades procuram ainda por mais um suspeito.<\/p>\n<p><strong>+<a href=\"https:\/\/abr.ai\/assine-vejasp\" target=\"_blank\" data-saferedirecturl=\"https:\/\/www.google.com\/url?q=https:\/\/abr.ai\/assine-vejasp&amp;source=gmail&amp;ust=1616515428438000&amp;usg=AFQjCNFYLCtPGFWwofsZyeHRxkOkFO-Ysw\" rel=\"noopener noreferrer\">Assine a Vejinha a partir de 6,90<\/a><\/strong><\/p>\n<div>\n<div id=\"relacionadas\" class=\"block related-posts three_columns\">\n<ul class=\"block-menu\">\n<li data-tab=\"tab-1\" class=\"active\">Relacionadas<\/li>\n<\/ul>\n<div id=\"tab-1\" class=\"block-content active\">\n<div class=\"row\">\n<li class=\"widget-news-item without-thumb with-border\">\n<div class=\"widget-news-info\"><a href=\"http:\/\/vejasp.abril.com.br\/saude\">Sa\u00fade<\/a><span class=\"widget-news-item-title\"><a href=\"https:\/\/vejasp.abril.com.br\/saude\/paulo-gustavo-intubado-covid-19\/\">Ap\u00f3s interna\u00e7\u00e3o por Covid-19, Paulo Gustavo \u00e9 intubado<\/a><\/span><span class=\"widget-news-item-date\">22 mar 2021 &#8211; 09h03<\/span><\/div>\n<\/li>\n<li class=\"widget-news-item without-thumb with-border\">\n<div class=\"widget-news-info\"><a href=\"http:\/\/vejasp.abril.com.br\/cidades\">Cidades<\/a><span class=\"widget-news-item-title\"><a href=\"https:\/\/vejasp.abril.com.br\/cidades\/funcionarios-de-hospital-fazem-oracao-em-meio-aos-pacientes\/\">Funcion\u00e1rios de hospital fazem ora\u00e7\u00e3o em meio aos pacientes com Covid-19 no interior de SP<\/a><\/span><span class=\"widget-news-item-date\">21 mar 2021 &#8211; 17h03<\/span><\/div>\n<\/li>\n<li class=\"widget-news-item without-thumb with-border\">\n<div class=\"widget-news-info\"><a href=\"http:\/\/vejasp.abril.com.br\/cidades\">Cidades<\/a><span class=\"widget-news-item-title\"><a href=\"https:\/\/vejasp.abril.com.br\/cidades\/619-festas-clandestinas-foram-encerradas-em-sp-em-menos-de-um-mes\/\">619 festas clandestinas foram encerradas em SP em menos de um m\u00eas<\/a><\/span><span class=\"widget-news-item-date\">21 mar 2021 &#8211; 16h03<\/span><\/div>\n<\/li>\n<\/div>\n<\/div>\n<\/div>\n<\/div>\n<div id=\"mais_lidas\" class=\"block related-posts mais-lidas\">\n<ul class=\"block-menu\">\n<li data-tab=\"tab-1\" class=\"active\">Mais lidas<\/li>\n<\/ul>\n<div id=\"tab-1\" class=\"block-content active\">\n<div class=\"row\">\n<div class=\"col-s-12 col-l-3\"><a href=\"https:\/\/vejasp.abril.com.br\/cidades\/ana-luiza-guimaraes-jornalista-morre-marido\/\" class=\"card\"><span class=\"category hide-s\">Cidades<\/span><img title = \"[Tags]\"data-src=\"https:\/\/vejasp.abril.com.br\/wp-content\/uploads\/2021\/03\/ana.jpg?quality=70&amp;strip=info&amp;w=600&amp;h=400&amp;crop=1\"alt = \"ana Ladr\u00f5es armados invadem posto de sa\u00fade e roubam vacinas contra a Covid-19\" class=\"lazyload media\"><span class=\"category hide-l\">Cidades<\/span><span class=\"title\">\u00c2ncora do Jornal Nacional perde o marido<\/span><\/a><\/div>\n<div class=\"col-s-12 col-l-3\"><a href=\"https:\/\/vejasp.abril.com.br\/saude\/meu-pulmao-foi-70-afetado-e-perdi-11-kg-diz-geraldo-luis\/\" class=\"card\"><span class=\"category hide-s\">Sa\u00fade<\/span><img title = \"[Tags]\"data-src=\"https:\/\/vejasp.abril.com.br\/wp-content\/uploads\/2021\/03\/geraldo-luis-deixa-uti-covid-19-reproducao-instagram_fixed_large.jpg?quality=70&amp;strip=info&amp;w=680&amp;h=453&amp;crop=1\"alt = \"ana Ladr\u00f5es armados invadem posto de sa\u00fade e roubam vacinas contra a Covid-19\" class=\"lazyload media\"><span class=\"category hide-l\">Sa\u00fade<\/span><span class=\"title\">&#8220;Meu pulm\u00e3o foi 70% afetado e perdi 11 kg&#8221;, diz Geraldo Lu\u00eds ap\u00f3s ser internado com Covid-19<\/span><\/a><\/div>\n<div class=\"col-s-12 col-l-3\"><a href=\"https:\/\/vejasp.abril.com.br\/saude\/primeiro-paciente-morto-por-falta-de-vaga-em-uti-na-capital-tinha-22-anos\/\" class=\"card\"><span class=\"category hide-s\">Sa\u00fade<\/span><img title = \"[Tags]\"data-src=\"https:\/\/vejasp.abril.com.br\/wp-content\/uploads\/2021\/03\/23452f1d-846f-4ce4-9082-05eccab938b9.jpg?quality=70&amp;strip=info&amp;w=680&amp;h=453&amp;crop=1\"alt = \"ana Ladr\u00f5es armados invadem posto de sa\u00fade e roubam vacinas contra a Covid-19\" class=\"lazyload media\"><span class=\"category hide-l\">Sa\u00fade<\/span><span class=\"title\">Primeiro paciente morto por falta de vaga em UTI na capital tinha 22 anos<\/span><\/a><\/div>\n<div class=\"col-s-12 col-l-3\"><a href=\"https:\/\/vejasp.abril.com.br\/saude\/universitaria-morre-covid-21-anos\/\" class=\"card\"><span class=\"category hide-s\">Sa\u00fade<\/span><img title = \"[Tags]\"data-src=\"https:\/\/vejasp.abril.com.br\/wp-content\/uploads\/2021\/03\/Renata-universitaria-covid.jpg?quality=70&amp;strip=info&amp;crop=0px%2C53px%2C720px%2C490px&amp;resize=680%2C453\"alt = \"ana Ladr\u00f5es armados invadem posto de sa\u00fade e roubam vacinas contra a Covid-19\" class=\"lazyload media\"><span class=\"category hide-l\">Sa\u00fade<\/span><span class=\"title\">Universit\u00e1ria de 21 anos morre em decorr\u00eancia da Covid-19 no interior<\/span><\/a><\/div>\n<\/div>\n<\/div>\n<\/div>\n<div class=\"ads post-ads\"><span class=\"title\">Continua ap\u00f3s a publicidade<\/span><\/p>\n<div id=\"abrAD_rectangle3\" class=\"abrAD\" data-ad-><\/div>\n<\/div>\n<p><br \/>\n<br \/><a href=\"https:\/\/vejasp.abril.com.br\/cidades\/posto-saude-doses-vacina-roubadas\/\">Fonte do Artigo <\/a><br \/>\nTags:<br \/>\n#loterias #loteriascaixa #megasena #resultadoapostas#noticias #noticiario  #noticia #brasil #noticiascolombia #mundo #esporte #colombia #noticiadeld #ltimasnoticias  #noticiario #noticiasregionales #noticiasdepartamentales #noticiashoy #esportes #noticiaahora #elinformantenoticias #noticiasdeboyac  #esporteinterativo #esportivo #diariodosesportes  #noticiero  #jogodefutebol #jogos #loto #apostas<\/p>\n","protected":false},"excerpt":{"rendered":"<p>Doses de vacina contra a Covid-19 foram roubadas de um posto de sa\u00fade nesta segunda-feira (22). O crime aconteceu na Vila de Ponta Negra, em Natal, no Rio Grande do Norte. Ao todo, 20 doses foram levadas, segundo a dire\u00e7\u00e3o da unidade de sa\u00fade.\u00a0 De acordo com testemunhas, os criminosos tentaram assaltar a unidade \u00e0s [&hellip;]<\/p>\n","protected":false},"author":1,"featured_media":67876,"comment_status":"open","ping_status":"open","sticky":false,"template":"","format":"standard","meta":{"footnotes":""},"categories":[1],"tags":[],"class_list":["post-67875","post","type-post","status-publish","format-standard","has-post-thumbnail","hentry","category-curso-de-copy"],"_links":{"self":[{"href":"https:\/\/wiy.com.br\/noticias\/wp-json\/wp\/v2\/posts\/67875","targetHints":{"allow":["GET"]}}],"collection":[{"href":"https:\/\/wiy.com.br\/noticias\/wp-json\/wp\/v2\/posts"}],"about":[{"href":"https:\/\/wiy.com.br\/noticias\/wp-json\/wp\/v2\/types\/post"}],"author":[{"embeddable":true,"href":"https:\/\/wiy.com.br\/noticias\/wp-json\/wp\/v2\/users\/1"}],"replies":[{"embeddable":true,"href":"https:\/\/wiy.com.br\/noticias\/wp-json\/wp\/v2\/comments?post=67875"}],"version-history":[{"count":0,"href":"https:\/\/wiy.com.br\/noticias\/wp-json\/wp\/v2\/posts\/67875\/revisions"}],"wp:featuredmedia":[{"embeddable":true,"href":"https:\/\/wiy.com.br\/noticias\/wp-json\/wp\/v2\/media\/67876"}],"wp:attachment":[{"href":"https:\/\/wiy.com.br\/noticias\/wp-json\/wp\/v2\/media?parent=67875"}],"wp:term":[{"taxonomy":"category","embeddable":true,"href":"https:\/\/wiy.com.br\/noticias\/wp-json\/wp\/v2\/categories?post=67875"},{"taxonomy":"post_tag","embeddable":true,"href":"https:\/\/wiy.com.br\/noticias\/wp-json\/wp\/v2\/tags?post=67875"}],"curies":[{"name":"wp","href":"https:\/\/api.w.org\/{rel}","templated":true}]}}