{"id":67758,"date":"2023-02-26T15:37:27","date_gmt":"2023-02-26T18:37:27","guid":{"rendered":"https:\/\/wiy.com.br\/noticias\/falcao-e-o-soldado-invernal-apatridas-entenda-a-nova-organizacao-terrorista-do-mcu\/"},"modified":"2021-03-19T10:20:25","modified_gmt":"2021-03-19T13:20:25","slug":"falcao-e-o-soldado-invernal-apatridas-entenda-a-nova-organizacao-terrorista-do-mcu","status":"publish","type":"post","link":"https:\/\/wiy.com.br\/noticias\/falcao-e-o-soldado-invernal-apatridas-entenda-a-nova-organizacao-terrorista-do-mcu\/","title":{"rendered":"\u2018Falc\u00e3o e o Soldado Invernal\u2019: Ap\u00e1tridas \u2013 entenda a nova organiza\u00e7\u00e3o terrorista do MCU"},"content":{"rendered":"<p> <br \/>\n<\/p>\n<p>J\u00e1 em seu primeiro epis\u00f3dio, que estreou nesta sexta-feira (19) na <a href=\"https:\/\/olhardigital.com.br\/tag\/disney-\/\" target=\"_blank\" rel=\"noreferrer noopener\">Disney+<\/a>, \u2018<a href=\"https:\/\/olhardigital.com.br\/tag\/falcao-e-o-soldado-invernal\/\" target=\"_blank\" rel=\"noreferrer noopener\">Falc\u00e3o e o Soldado Invernal<\/a>\u2019 promete n\u00e3o s\u00f3 muita a\u00e7\u00e3o (e um or\u00e7amento de filme de Hollywood), como tamb\u00e9m um forte elemento de investiga\u00e7\u00e3o. Essa parte do enredo provavelmente se concentrar\u00e1 nos Ap\u00e1tridas, a nova <a href=\"https:\/\/olhardigital.com.br\/2020\/09\/14\/coronavirus\/bioterroristas-podem-causar-a-proxima-pandemia-afirma-especialista\/\" target=\"_blank\" rel=\"noreferrer noopener\">organiza\u00e7\u00e3o terrorista<\/a> do universo dos her\u00f3is.<\/p>\n<p>Ficamos conhecendo o grupo atrav\u00e9s do tenente Torres, que alerta o Falc\u00e3o\/Sam Wilson sobre suas atividades ainda na Tun\u00edsia, e depois se infiltra entre os vil\u00f5es na Su\u00ed\u00e7a. Por\u00e9m, os Ap\u00e1tridas n\u00e3o existem nos quadrinhos \u2013 sua inspira\u00e7\u00e3o, na verdade, vem de um vil\u00e3o do <a href=\"https:\/\/olhardigital.com.br\/2021\/03\/17\/cinema-e-streaming\/chris-evans-nao-retornara-como-capitao-america-no-universo-marvel-diz-kevin-feige\/\" target=\"_blank\" rel=\"noreferrer noopener\">Capit\u00e3o Am\u00e9rica<\/a>, o Ap\u00e1trida, codinome de Karl Morgenthau.<\/p>\n<p><strong>Alerta:<\/strong> poss\u00edveis <strong>spoilers<\/strong> abaixo. Se n\u00e3o quiser saber mais, pare de ler esse texto antes que o Sam consiga arrancar o escudo do Capit\u00e3o Am\u00e9rica desse tronco de \u00e1rvore.<\/p>\n<figure class=\"wp-block-image size-large\"><img title = \"[Tags]\"decoding=\"async\" loading=\"lazy\" width=\"1024\" height=\"683\" src=\"https:\/\/img.olhardigital.com.br\/wp-content\/uploads\/2021\/03\/Falcao-1024x683.jpg\"alt = \"Falcao-1024x683 \u2018Falc\u00e3o e o Soldado Invernal\u2019: Ap\u00e1tridas \u2013 entenda a nova organiza\u00e7\u00e3o terrorista do MCU\" class=\"wp-image-145385\" \/><figcaption>Falc\u00e3o\/Sam Wilson (Anthony Mackie) em &#8216;Falc\u00e3o e o Soldado Invernal&#8217;. Imagem: Chuck Zlotnick\/Marvel Studios<\/figcaption><\/figure>\n<p>A primeira e maior mudan\u00e7a entre quadrinhos e live-action transformar o Ap\u00e1trida de uma \u00fanica pessoa em um grupo antagonista. Segundo Torres, eles \u201cacham que o mundo estava melhor durante o Blip\u201d, o evento causado pelo Thanos em \u2018<a href=\"https:\/\/olhardigital.com.br\/2018\/11\/20\/noticias\/vingadores-guerra-infinita-chegara-ao-netflix-neste-natal\/\" target=\"_blank\" rel=\"noreferrer noopener\">Vingadores: Guerra Infinita<\/a>\u2019, que exterminou metade dos seres vivos do universo.<\/p>\n<p>Politicamente, os Ap\u00e1tridas defendem \u201cum mundo unificado, sem fronteiras\u201d, ainda segundo Torres. Mas apesar de ter transformado o vil\u00e3o em uma organiza\u00e7\u00e3o, o personagem de Morgenthau foi mantido \u2013 por\u00e9m, em \u2018Falc\u00e3o e o Soldado Invernal\u2019, ser\u00e1 interpretado por uma atriz.<\/p>\n<p><strong>Leia mais:<\/strong><\/p>\n<ul>\n<li><a href=\"https:\/\/olhardigital.com.br\/2021\/03\/17\/cinema-e-streaming\/saiba-quem-e-barao-zemo-vilao-da-serie-falcao-e-o-soldado-invernal\/\" target=\"_blank\" rel=\"noreferrer noopener\">Saiba quem \u00e9 Bar\u00e3o Zemo, vil\u00e3o da s\u00e9rie \u2018Falc\u00e3o e o Soldado Invernal\u2019<\/a><\/li>\n<li><a href=\"https:\/\/olhardigital.com.br\/2021\/03\/18\/cinema-e-streaming\/martin-freeman-confirma-presenca-em-segundo-filme-do-pantera-negra\/\" target=\"_blank\" rel=\"noreferrer noopener\">Martin Freeman confirma presen\u00e7a em segundo filme do \u2018Pantera Negra\u2019<\/a><\/li>\n<li><a href=\"https:\/\/olhardigital.com.br\/2021\/03\/18\/cinema-e-streaming\/loki-serie-da-marvel-exclusiva-da-disney-ganha-primeiro-poster\/\" target=\"_blank\" rel=\"noreferrer noopener\">\u2018Loki\u2019, s\u00e9rie da Marvel exclusiva da Disney+, ganha primeiro p\u00f4ster<\/a><\/li>\n<\/ul>\n<p>Nos cr\u00e9ditos finais do primeiro epis\u00f3dio, Erin Kellyman consta como Karli Morgenthau. Voc\u00ea provavelmente vai se lembrar dela como Enfys Nest, a l\u00edder dos Cloud-Riders em \u2018Han Solo: Uma Hist\u00f3ria <a href=\"https:\/\/olhardigital.com.br\/tag\/star-wars\/\" target=\"_blank\" rel=\"noreferrer noopener\">Star Wars<\/a>\u2019. Ou seja, j\u00e1 tem experi\u00eancia em comandar grupos paramilitares que podem ser entendidos como terroristas pelos seus opositores.<\/p>\n<figure class=\"wp-block-image size-large\"><img title = \"[Tags]\"decoding=\"async\" loading=\"lazy\" width=\"1024\" height=\"427\" src=\"https:\/\/img.olhardigital.com.br\/wp-content\/uploads\/2021\/03\/Erin-1024x427.jpg\"alt = \"Falcao-1024x683 \u2018Falc\u00e3o e o Soldado Invernal\u2019: Ap\u00e1tridas \u2013 entenda a nova organiza\u00e7\u00e3o terrorista do MCU\" class=\"wp-image-145384\" \/><figcaption>Erin Kellyman como Karli Morgenthau\/Ap\u00e1trida em &#8216;Falc\u00e3o e o Soldado Invernal&#8217;. Imagem: Marvel Studios\/Reprodu\u00e7\u00e3o<\/figcaption><\/figure>\n<p>Karl Morganthau fez sua primeira apari\u00e7\u00e3o na revista do Capit\u00e3o Am\u00e9rica n\u00ba 312, publicada em 1985. Criado pelo roteirista Mark Gruenwald (tamb\u00e9m respons\u00e1vel pelo <a href=\"https:\/\/olhardigital.com.br\/2021\/03\/19\/cinema-e-streaming\/quem-e-agente-americano-novo-personagem-de-falcao-e-o-soldado-invernal\/\" target=\"_blank\" rel=\"noreferrer noopener\">Agente Americano\/John Walker<\/a>) o personagem foi inicialmente concebido como um oposto ideol\u00f3gico do Caveira Vermelha. Enquanto o l\u00edder da Hidra \u00e9 um extremista nacionalista (e um fascista), o Ap\u00e1trida \u00e9 um extremista anarquista, contr\u00e1rio a qualquer forma de nacionalismo e patriotismo.<\/p>\n<p>Filho de um embaixador su\u00ed\u00e7o pacifista, Morgenthau ficou \u00f3rf\u00e3o ap\u00f3s um violento protesto em frente \u00e0 embaixada da Latv\u00e9ria (o pa\u00eds fict\u00edcio da Marvel, governado pelo Doutor Destino). Depois desse evento, Morgenthau se torna obcecado em expor a natureza prejudicial do nacionalismo. E ele o faz com a linguagem da viol\u00eancias, principalmente por meio de ataques a embaixadas.<\/p>\n<figure class=\"wp-block-image size-large\"><img title = \"[Tags]\"decoding=\"async\" loading=\"lazy\" width=\"1024\" height=\"416\" src=\"https:\/\/img.olhardigital.com.br\/wp-content\/uploads\/2021\/03\/flag-smasher-1024x416.jpg\"alt = \"Falcao-1024x683 \u2018Falc\u00e3o e o Soldado Invernal\u2019: Ap\u00e1tridas \u2013 entenda a nova organiza\u00e7\u00e3o terrorista do MCU\" class=\"wp-image-145391\" \/><figcaption>Ap\u00e1trida em sua primeira apari\u00e7\u00e3o, em &#8216;Captain America&#8217; n\u00ba 312. Imagem: Marvel Comics\/Reprodu\u00e7\u00e3o<\/figcaption><\/figure>\n<p>Como \u2018Falc\u00e3o e o Soldado Invernal\u2019 adaptar\u00e1 esse personagem \u00e9 algo que veremos nos pr\u00f3ximos epis\u00f3dios. Refer\u00eancias \u00e0 Latv\u00e9ria no MCU t\u00eam sido trocadas por Sokovia (o pa\u00eds fict\u00edcio destru\u00eddo em \u2018Vingadores: Era de Ultron\u2019). <a href=\"https:\/\/olhardigital.com.br\/2021\/03\/17\/cinema-e-streaming\/saiba-quem-e-barao-zemo-vilao-da-serie-falcao-e-o-soldado-invernal\/\" target=\"_blank\" rel=\"noreferrer noopener\">Helmut Zemo<\/a> (Daniel Br\u00fchl), que ser\u00e1 o vil\u00e3o da s\u00e9rie, era um militar sokoviano. Ser\u00e1 que Morgenthau ter\u00e1 uma origem parecida?<\/p>\n<p>O Bar\u00e3o Zemo e os Ap\u00e1tridas ainda poder\u00e3o refletir a polariza\u00e7\u00e3o que existe no mundo real atualmente. \u201cQuer\u00edamos que esta s\u00e9rie fosse extremamente relevante e enraizada na \u00e9poca\u201d, disse o criador da s\u00e9rie, Malcolm Spellman, em uma entrevista ao <em>CinemaBlend<\/em>. \u201cE quer\u00edamos vil\u00f5es que acreditassem ser her\u00f3is e pudessem realmente montar um argumento de que o p\u00fablico diria: \u2018eles n\u00e3o s\u00e3o loucos&#8217;; para que os her\u00f3is pudessem dizer: \u2018n\u00e3o sei se eles s\u00e3o loucos&#8217;. Portanto, h\u00e1 mais de um antagonista na s\u00e9rie, e &#8230; esses vil\u00f5es s\u00e3o muito de nossa \u00e9poca. Assim como os her\u00f3is s\u00e3o\u201d.<\/p>\n<p>Via: <em><a href=\"https:\/\/www.bustle.com\/entertainment\/flag-smasher-in-the-marvel-comics-falcon-winter-soldier-masked-people\" target=\"_blank\" rel=\"noreferrer noopener\">Bustle<\/a>\/<a href=\"https:\/\/www.marvel.com\/characters\/flag-smasher\" target=\"_blank\" rel=\"noreferrer noopener\">Marvel<\/a>\/<a href=\"https:\/\/marvel.fandom.com\/wiki\/Karl_Morgenthau_(Earth-616)\" target=\"_blank\" rel=\"noreferrer noopener\">Marvel Database<\/a><\/em><\/p>\n<p>O post <a rel=\"nofollow\" href=\"https:\/\/olhardigital.com.br\/2021\/03\/19\/cinema-e-streaming\/falcao-e-o-soldado-invernal-apatridas-entenda-a-nova-organizacao-terrorista-do-mcu\/\">&#8216;Falc\u00e3o e o Soldado Invernal&#8217;: Ap\u00e1tridas &#8211; entenda a nova organiza\u00e7\u00e3o terrorista do MCU<\/a> apareceu primeiro em <a rel=\"nofollow\" href=\"https:\/\/olhardigital.com.br\">Olhar Digital<\/a>.<\/p>\n<p><br \/>\n<br \/><a href=\"https:\/\/olhardigital.com.br\/2021\/03\/19\/cinema-e-streaming\/falcao-e-o-soldado-invernal-apatridas-entenda-a-nova-organizacao-terrorista-do-mcu\/\">Fonte do Artigo <\/a><br \/>\nTags:<\/p>\n<p><a href=\"https:\/\/wiy.com.br\/noticias\/categoria\/tecnologia\/\">#tecnologia<\/a> <a href=\"https:\/\/wiy.com.br\/noticias\/categoria\/tecnologia\/\">#tecnologias<\/a> <a href=\"https:\/\/wiy.com.br\/noticias\/categoria\/tecnologia\/\">#technology<\/a> <a href=\"https:\/\/wiy.com.br\/noticias\/categoria\/tecnologia\/\">#tecnolog<\/a> <a href=\"https:\/\/wiy.com.br\/noticias\/categoria\/tecnologia\/\">#iphone<\/a> <a href=\"https:\/\/wiy.com.br\/noticias\/categoria\/tecnologia\/\">#informatica<\/a> <a href=\"https:\/\/wiy.com.br\/noticias\/categoria\/tecnologia\/\">#tech<\/a> <a href=\"https:\/\/wiy.com.br\/noticias\/categoria\/tecnologia\/\">#design<\/a> <a href=\"https:\/\/wiy.com.br\/noticias\/categoria\/tecnologia\/\">#samsung<\/a> <a href=\"https:\/\/wiy.com.br\/noticias\/categoria\/tecnologia\/\">#internet<\/a> <a href=\"https:\/\/wiy.com.br\/noticias\/categoria\/tecnologia\/\">#apple<\/a> <a href=\"https:\/\/wiy.com.br\/noticias\/categoria\/tecnologia\/\">#smartphone<\/a> <a href=\"https:\/\/wiy.com.br\/noticias\/categoria\/tecnologia\/\">#seguranca<\/a> <a href=\"https:\/\/wiy.com.br\/noticias\/categoria\/tecnologia\/\">#venezuela<\/a> <a href=\"https:\/\/wiy.com.br\/noticias\/categoria\/tecnologia\/\">#celular<\/a> <a href=\"https:\/\/wiy.com.br\/noticias\/categoria\/tecnologia\/\">#celulares<\/a> <a href=\"https:\/\/wiy.com.br\/noticias\/categoria\/tecnologia\/\">#inovar<\/a> <a href=\"https:\/\/wiy.com.br\/noticias\/categoria\/tecnologia\/\">#qualidade<\/a> <a href=\"https:\/\/wiy.com.br\/noticias\/categoria\/tecnologia\/\">#software<\/a> <a href=\"https:\/\/wiy.com.br\/noticias\/categoria\/tecnologia\/\">#empresas<\/a> <a href=\"https:\/\/wiy.com.br\/noticias\/categoria\/tecnologia\/\">#cursos<\/a> <a href=\"https:\/\/wiy.com.br\/noticias\/categoria\/tecnologia\/\">#engenharia<\/a> <a href=\"https:\/\/wiy.com.br\/noticias\/categoria\/tecnologia\/\">#industria<\/a> <a href=\"https:\/\/wiy.com.br\/noticias\/categoria\/tecnologia\/\">#marketing<\/a> <a href=\"https:\/\/wiy.com.br\/noticias\/categoria\/tecnologia\/\">#ti<\/a> <a href=\"https:\/\/wiy.com.br\/noticias\/categoria\/tecnologia\/\">#tecnoblog<\/a> <a href=\"https:\/\/wiy.com.br\/noticias\/categoria\/tecnologia\/\">#veja<\/a> <a href=\"https:\/\/wiy.com.br\/noticias\/categoria\/tecnologia\/\">#olhardigital<\/a> <a href=\"https:\/\/wiy.com.br\/noticias\/categoria\/tecnologia\/\">#mundodigital<\/a> <a href=\"https:\/\/wiy.com.br\/noticias\/categoria\/tecnologia\/\">#inteligenciaartificial<\/a> <a href=\"https:\/\/wiy.com.br\/criacao-de-sites\/\">#criar site<\/a> <a href=\"https:\/\/wiy.com.br\/criacao-de-sites\/\">#criar site curitiba<\/a> <a href=\"https:\/\/wiy.com.br\/criacao-de-sites\/\">#wiysolutions<\/a><\/p>\n","protected":false},"excerpt":{"rendered":"<p>J\u00e1 em seu primeiro epis\u00f3dio, que estreou nesta sexta-feira (19) na Disney+, \u2018Falc\u00e3o e o Soldado Invernal\u2019 promete n\u00e3o s\u00f3 muita a\u00e7\u00e3o (e um or\u00e7amento de filme de Hollywood), como tamb\u00e9m um forte elemento de investiga\u00e7\u00e3o. Essa parte do enredo provavelmente se concentrar\u00e1 nos Ap\u00e1tridas, a nova organiza\u00e7\u00e3o terrorista do universo dos her\u00f3is. Ficamos conhecendo [&hellip;]<\/p>\n","protected":false},"author":1,"featured_media":67759,"comment_status":"open","ping_status":"open","sticky":false,"template":"","format":"standard","meta":{"footnotes":""},"categories":[5],"tags":[],"class_list":["post-67758","post","type-post","status-publish","format-standard","has-post-thumbnail","hentry","category-tecnologia"],"_links":{"self":[{"href":"https:\/\/wiy.com.br\/noticias\/wp-json\/wp\/v2\/posts\/67758","targetHints":{"allow":["GET"]}}],"collection":[{"href":"https:\/\/wiy.com.br\/noticias\/wp-json\/wp\/v2\/posts"}],"about":[{"href":"https:\/\/wiy.com.br\/noticias\/wp-json\/wp\/v2\/types\/post"}],"author":[{"embeddable":true,"href":"https:\/\/wiy.com.br\/noticias\/wp-json\/wp\/v2\/users\/1"}],"replies":[{"embeddable":true,"href":"https:\/\/wiy.com.br\/noticias\/wp-json\/wp\/v2\/comments?post=67758"}],"version-history":[{"count":0,"href":"https:\/\/wiy.com.br\/noticias\/wp-json\/wp\/v2\/posts\/67758\/revisions"}],"wp:featuredmedia":[{"embeddable":true,"href":"https:\/\/wiy.com.br\/noticias\/wp-json\/wp\/v2\/media\/67759"}],"wp:attachment":[{"href":"https:\/\/wiy.com.br\/noticias\/wp-json\/wp\/v2\/media?parent=67758"}],"wp:term":[{"taxonomy":"category","embeddable":true,"href":"https:\/\/wiy.com.br\/noticias\/wp-json\/wp\/v2\/categories?post=67758"},{"taxonomy":"post_tag","embeddable":true,"href":"https:\/\/wiy.com.br\/noticias\/wp-json\/wp\/v2\/tags?post=67758"}],"curies":[{"name":"wp","href":"https:\/\/api.w.org\/{rel}","templated":true}]}}