{"id":6766,"date":"2023-02-26T15:08:23","date_gmt":"2023-02-26T18:08:23","guid":{"rendered":"https:\/\/wiy.com.br\/noticias\/nao-e-nao-fafa-de-belem-ressalta-campanha-contra-assedio-durante-show-no-fogo-e-paixao\/"},"modified":"2019-02-24T11:52:14","modified_gmt":"2019-02-24T14:52:14","slug":"nao-e-nao-fafa-de-belem-ressalta-campanha-contra-assedio-durante-show-no-fogo-e-paixao","status":"publish","type":"post","link":"https:\/\/wiy.com.br\/noticias\/nao-e-nao-fafa-de-belem-ressalta-campanha-contra-assedio-durante-show-no-fogo-e-paixao\/","title":{"rendered":"&#039;N\u00e3o, \u00e9 n\u00e3o&#039;: Faf\u00e1 de Bel\u00e9m ressalta campanha contra ass\u00e9dio durante show no Fogo e Paix\u00e3o"},"content":{"rendered":"<p> <br \/>\n<br \/>RIO \u2014 A cantora Faf\u00e1 de Bel\u00e9m se apresentou no trio el\u00e9trico do bloco Fogo e Paix\u00e3o. Por cerca de uma hora a cantora exaltou o brega, falou da beleza do carnaval carioca e aproveitou para lembrar a import\u00e2ncia do respeito \u00e0 campanha &#8220;N\u00e3o, \u00e9 n\u00e3o&#8221;.\u2014 O&#8230;<br \/>\n<br \/><br \/>\n<br \/><a href=\"https:\/\/oglobo.globo.com\/rio\/nao-nao-fafa-de-belem-ressalta-campanha-contra-assedio-durante-show-no-fogo-paixao-23477428\">Fonte do Artigo <\/a><\/p>\n<p>#noticias #news #o #brasil #venezuela #n #jornalismo #a #love #like #bbb #musica #colombia #tv #blog #fofoca #mexico #gay #caracas #saopaulo #instagram #follow #not #cias #famosos #m #brazil #politica #pol #jeansobrinho<\/p>\n","protected":false},"excerpt":{"rendered":"<p>RIO \u2014 A cantora Faf\u00e1 de Bel\u00e9m se apresentou no trio el\u00e9trico do bloco Fogo e Paix\u00e3o. Por cerca de uma hora a cantora exaltou o brega, falou da beleza do carnaval carioca e aproveitou para lembrar a import\u00e2ncia do respeito \u00e0 campanha &#8220;N\u00e3o, \u00e9 n\u00e3o&#8221;.\u2014 O&#8230; Fonte do Artigo #noticias #news #o #brasil #venezuela [&hellip;]<\/p>\n","protected":false},"author":1,"featured_media":0,"comment_status":"open","ping_status":"open","sticky":false,"template":"","format":"standard","meta":{"footnotes":""},"categories":[339],"tags":[],"class_list":["post-6766","post","type-post","status-publish","format-standard","hentry","category-negocios"],"_links":{"self":[{"href":"https:\/\/wiy.com.br\/noticias\/wp-json\/wp\/v2\/posts\/6766","targetHints":{"allow":["GET"]}}],"collection":[{"href":"https:\/\/wiy.com.br\/noticias\/wp-json\/wp\/v2\/posts"}],"about":[{"href":"https:\/\/wiy.com.br\/noticias\/wp-json\/wp\/v2\/types\/post"}],"author":[{"embeddable":true,"href":"https:\/\/wiy.com.br\/noticias\/wp-json\/wp\/v2\/users\/1"}],"replies":[{"embeddable":true,"href":"https:\/\/wiy.com.br\/noticias\/wp-json\/wp\/v2\/comments?post=6766"}],"version-history":[{"count":0,"href":"https:\/\/wiy.com.br\/noticias\/wp-json\/wp\/v2\/posts\/6766\/revisions"}],"wp:attachment":[{"href":"https:\/\/wiy.com.br\/noticias\/wp-json\/wp\/v2\/media?parent=6766"}],"wp:term":[{"taxonomy":"category","embeddable":true,"href":"https:\/\/wiy.com.br\/noticias\/wp-json\/wp\/v2\/categories?post=6766"},{"taxonomy":"post_tag","embeddable":true,"href":"https:\/\/wiy.com.br\/noticias\/wp-json\/wp\/v2\/tags?post=6766"}],"curies":[{"name":"wp","href":"https:\/\/api.w.org\/{rel}","templated":true}]}}