{"id":67659,"date":"2023-02-26T14:55:36","date_gmt":"2023-02-26T17:55:36","guid":{"rendered":"https:\/\/wiy.com.br\/noticias\/tesla-no-piloto-automatico-bate-em-carro-da-policia\/"},"modified":"2021-03-17T18:35:34","modified_gmt":"2021-03-17T21:35:34","slug":"tesla-no-piloto-automatico-bate-em-carro-da-policia","status":"publish","type":"post","link":"https:\/\/wiy.com.br\/noticias\/tesla-no-piloto-automatico-bate-em-carro-da-policia\/","title":{"rendered":"Tesla no piloto autom\u00e1tico bate em carro da pol\u00edcia"},"content":{"rendered":"<p> <br \/>\n<\/p>\n<p>Um ve\u00edculo Tesla operado pelo piloto autom\u00e1tico bateu em um carro de pol\u00edcia na madrugada desta quarta-feira (17). O acidente aconteceu na rodovia I-96, no condado de Eaton, a 160 quil\u00f4metros de Detroit, no estado americano do Michigan. Ningu\u00e9m ficou ferido. <\/p>\n<figure class=\"wp-block-embed-twitter wp-block-embed is-type-rich is-provider-twitter\">\n<div class=\"wp-block-embed__wrapper\">\n<blockquote class=\"twitter-tweet\" data-width=\"500\" data-dnt=\"true\">\n<p lang=\"en\" dir=\"ltr\">PATROL CAR STRUCK<img title = \"[Tags]\"decoding=\"async\" src=\"https:\/\/s.w.org\/images\/core\/emoji\/13.0.0\/72x72\/1f6a8.png\"alt = \"1f6a8 Tesla no piloto autom\u00e1tico bate em carro da pol\u00edcia\" class=\"wp-smiley\" style=\"height: 1em;max-height: 1em\" \/>: On 3\/17 at 1:12 am, troopers from the Lansing Post investigating a car vs deer traffic crash on I-96 near Waverly Rd in Eaton County.  While investigating that crash with their emergency lights on, a Tesla on autopilot strikes the patrol car.<\/p>\n<p>&mdash; MSP First District (@MSPFirstDist) <a href=\"https:\/\/twitter.com\/MSPFirstDist\/status\/1372152730119241728?ref_src=twsrc%5Etfw\">March 17, 2021<\/a><\/p><\/blockquote>\n<\/div>\n<\/figure>\n<p>A pol\u00edcia estadual publicou fotos do acidente em sua conta oficial no <a href=\"https:\/\/olhardigital.com.br\/tag\/twitter\/\" target=\"_blank\" rel=\"noreferrer noopener\">Twitter<\/a>. Os policiais estavam no local investigando um acidente envolvendo outro ve\u00edculo e um cervo no local. Eles deixaram os far\u00f3is do carro, um Dodge Charger sed\u00e3, ligado enquanto trabalhava, \u00e0s 1h12 da manh\u00e3.<\/p>\n<figure class=\"wp-block-image size-large\"><img title = \"[Tags]\"decoding=\"async\" loading=\"lazy\" width=\"541\" height=\"373\" src=\"https:\/\/img.olhardigital.com.br\/wp-content\/uploads\/2021\/03\/carro-policia-detroit.jpg\"alt = \"1f6a8 Tesla no piloto autom\u00e1tico bate em carro da pol\u00edcia\" class=\"wp-image-144452\" \/><figcaption>O carro da pol\u00edcia estava com o alerta ligado e estacionado, parcialmente em cima da pista da direita. Imagem: MSP First District\/Divulga\u00e7\u00e3o<\/figcaption><\/figure>\n<p>A viatura estava estacionada, com parte em cima da pista da direita e com o alerta tamb\u00e9m ligado, de acordo com a emissora norte-americana <em>CNBC<\/em>. O motorista do Tesla, um homem de 22 anos, de Lansing, cidade no condado onde aconteceu o acidente, n\u00e3o teve a identidade revelada. Ele foi notificado por n\u00e3o desviar e por dirigir com a habilita\u00e7\u00e3o suspensa.<\/p>\n<p><strong>LEIA MAIS:<\/strong><\/p>\n<ul>\n<li><a href=\"https:\/\/olhardigital.com.br\/2021\/03\/08\/carros-e-tecnologia\/tesla-vai-expandir-software-de-carros-autonomos-para-mais-motoristas\/\" target=\"_blank\" rel=\"noreferrer noopener\">Tesla vai expandir software de carros aut\u00f4nomos para mais motoristas<\/a><\/li>\n<li><a href=\"https:\/\/olhardigital.com.br\/2021\/03\/13\/carros-e-tecnologia\/tesla-retirou-motoristas-desatentos-dos-testes-de-carros-autonomos\/\" target=\"_blank\" rel=\"noreferrer noopener\">Tesla retirou motoristas desatentos dos testes de carros aut\u00f4nomos<\/a><\/li>\n<li><a href=\"https:\/\/olhardigital.com.br\/2021\/03\/09\/carros-e-tecnologia\/tesla-afirma-que-software-dos-carros-nunca-sera-totalmente-autonomo\/\" target=\"_blank\" rel=\"noreferrer noopener\">Tesla afirma que software dos carros nunca ser\u00e1 totalmente aut\u00f4nomo<\/a><\/li>\n<\/ul>\n<p>O piloto autom\u00e1tico usado pelo carro envolvido no acidente \u00e9 o sistema j\u00e1 usado h\u00e1 alguns anos pela Tesla. A companhia agora testa o <a href=\"https:\/\/olhardigital.com.br\/2021\/03\/13\/carros-e-tecnologia\/tesla-retirou-motoristas-desatentos-dos-testes-de-carros-autonomos\/\" target=\"_blank\" rel=\"noreferrer noopener\">FSD (Full Self-Driving)<\/a> em diversos ve\u00edculos da montadora, mas alerta que os motoristas precisam manter a aten\u00e7\u00e3o, prontos para assumir o controle a qualquer momento.<\/p>\n<h2 id=\"h-acidente-da-semana-passada-n-o-teve-piloto-autom-tico\">Acidente da semana passada n\u00e3o teve piloto autom\u00e1tico<\/h2>\n<p>Um <a href=\"https:\/\/olhardigital.com.br\/2021\/03\/16\/carros-e-tecnologia\/acidente-envolvendo-tesla-esta-sob-investigacao-nos-eua\/\" target=\"_blank\" rel=\"noreferrer noopener\">acidente grave envolvendo um Tesla Model Y na \u00faltima quinta-feira (11), em Detroit<\/a>, tamb\u00e9m no estado do Michigan, levantou suspeitas de que o carro estava sendo conduzido pelo piloto autom\u00e1tico. Mas, nesta quarta-feira (17), o chefe assistente da Pol\u00edcia de Detroit David LeValley afirmou que &#8220;tudo indica&#8221; que o ve\u00edculo n\u00e3o estava no modo aut\u00f4nomo.<\/p>\n<figure class=\"wp-block-embed-twitter wp-block-embed is-type-rich is-provider-twitter\">\n<div class=\"wp-block-embed__wrapper\">\n<blockquote class=\"twitter-tweet\" data-width=\"500\" data-dnt=\"true\">\n<p lang=\"en\" dir=\"ltr\">A Tesla is trapped under a semi truck on Fort Street near Waterman in Southwest Detroit. Two passengers were taken to the hospital and they are in critical condition. The driver of the semi is not hurt. <a href=\"https:\/\/twitter.com\/WWJ950?ref_src=twsrc%5Etfw\">@WWJ950<\/a> <a href=\"https:\/\/twitter.com\/FOX2News?ref_src=twsrc%5Etfw\">@FOX2News<\/a> <a href=\"https:\/\/t.co\/yOHSaOblzb\">pic.twitter.com\/yOHSaOblzb<\/a><\/p>\n<p>&mdash; Charlie Langton (@charlielangton) <a href=\"https:\/\/twitter.com\/charlielangton\/status\/1369985099492712451?ref_src=twsrc%5Etfw\">March 11, 2021<\/a><\/p><\/blockquote>\n<\/div>\n<\/figure>\n<p>Nesta colis\u00e3o, o carro avan\u00e7ou um sinal vermelho em um cruzamento e bateu em um caminh\u00e3o, ficando preso em baixo do ba\u00fa. Duas pessoas estavam no carro, um homem e uma mulher. A passageira ainda est\u00e1 internada, mas o motorista j\u00e1 deixou o hospital. Ele foi denunciado por dire\u00e7\u00e3o imprudente.<\/p>\n<p>As investiga\u00e7\u00f5es ainda est\u00e3o em curso, mas o depoimento do motorista e v\u00eddeos do momento mostrando &#8220;manobras evasivas sendo conduzidas antes do acidente&#8221; deram os indicativos para LeValley. Junto \u00e0 Administra\u00e7\u00e3o Nacional de Seguran\u00e7a de Tr\u00e1fego Rodovi\u00e1rio (NHTSA), a Pol\u00edcia de Dtroit ainda vai examinar os dados do carro.<\/p>\n<p>Via: <em><a href=\"https:\/\/www.cnbc.com\/2021\/03\/17\/tesla-in-autopilot-hits-police-car-in-michigan-officials-say.html\" target=\"_blank\" rel=\"noreferrer noopener\">CNBC<\/a> \/ <a href=\"https:\/\/www.reuters.com\/article\/tesla-crash\/police-say-autopilot-not-believed-in-use-in-detroit-tesla-crash-idUSL1N2LE2TK\" target=\"_blank\" rel=\"noreferrer noopener\">Reuters<\/a><\/em><\/p>\n<p>O post <a rel=\"nofollow\" href=\"https:\/\/olhardigital.com.br\/2021\/03\/17\/carros-e-tecnologia\/tesla-no-piloto-automatico-bate-em-carro-da-policia-2\/\">Tesla no piloto autom\u00e1tico bate em carro da pol\u00edcia<\/a> apareceu primeiro em <a rel=\"nofollow\" href=\"https:\/\/olhardigital.com.br\">Olhar Digital<\/a>.<\/p>\n<p><script async src=\"http:\/\/platform.twitter.com\/widgets.js\" charset=\"utf-8\"><\/script><br \/>\n<br \/><br \/>\n<br \/><a href=\"https:\/\/olhardigital.com.br\/2021\/03\/17\/carros-e-tecnologia\/tesla-no-piloto-automatico-bate-em-carro-da-policia-2\/\">Fonte do Artigo <\/a><br \/>\nTags:<\/p>\n<p><a href=\"https:\/\/wiy.com.br\/noticias\/categoria\/tecnologia\/\">#tecnologia<\/a> <a href=\"https:\/\/wiy.com.br\/noticias\/categoria\/tecnologia\/\">#tecnologias<\/a> <a href=\"https:\/\/wiy.com.br\/noticias\/categoria\/tecnologia\/\">#technology<\/a> <a href=\"https:\/\/wiy.com.br\/noticias\/categoria\/tecnologia\/\">#tecnolog<\/a> <a href=\"https:\/\/wiy.com.br\/noticias\/categoria\/tecnologia\/\">#iphone<\/a> <a href=\"https:\/\/wiy.com.br\/noticias\/categoria\/tecnologia\/\">#informatica<\/a> <a href=\"https:\/\/wiy.com.br\/noticias\/categoria\/tecnologia\/\">#tech<\/a> <a href=\"https:\/\/wiy.com.br\/noticias\/categoria\/tecnologia\/\">#design<\/a> <a href=\"https:\/\/wiy.com.br\/noticias\/categoria\/tecnologia\/\">#samsung<\/a> <a href=\"https:\/\/wiy.com.br\/noticias\/categoria\/tecnologia\/\">#internet<\/a> <a href=\"https:\/\/wiy.com.br\/noticias\/categoria\/tecnologia\/\">#apple<\/a> <a href=\"https:\/\/wiy.com.br\/noticias\/categoria\/tecnologia\/\">#smartphone<\/a> <a href=\"https:\/\/wiy.com.br\/noticias\/categoria\/tecnologia\/\">#seguranca<\/a> <a href=\"https:\/\/wiy.com.br\/noticias\/categoria\/tecnologia\/\">#venezuela<\/a> <a href=\"https:\/\/wiy.com.br\/noticias\/categoria\/tecnologia\/\">#celular<\/a> <a href=\"https:\/\/wiy.com.br\/noticias\/categoria\/tecnologia\/\">#celulares<\/a> <a href=\"https:\/\/wiy.com.br\/noticias\/categoria\/tecnologia\/\">#inovar<\/a> <a href=\"https:\/\/wiy.com.br\/noticias\/categoria\/tecnologia\/\">#qualidade<\/a> <a href=\"https:\/\/wiy.com.br\/noticias\/categoria\/tecnologia\/\">#software<\/a> <a href=\"https:\/\/wiy.com.br\/noticias\/categoria\/tecnologia\/\">#empresas<\/a> <a href=\"https:\/\/wiy.com.br\/noticias\/categoria\/tecnologia\/\">#cursos<\/a> <a href=\"https:\/\/wiy.com.br\/noticias\/categoria\/tecnologia\/\">#engenharia<\/a> <a href=\"https:\/\/wiy.com.br\/noticias\/categoria\/tecnologia\/\">#industria<\/a> <a href=\"https:\/\/wiy.com.br\/noticias\/categoria\/tecnologia\/\">#marketing<\/a> <a href=\"https:\/\/wiy.com.br\/noticias\/categoria\/tecnologia\/\">#ti<\/a> <a href=\"https:\/\/wiy.com.br\/noticias\/categoria\/tecnologia\/\">#tecnoblog<\/a> <a href=\"https:\/\/wiy.com.br\/noticias\/categoria\/tecnologia\/\">#veja<\/a> <a href=\"https:\/\/wiy.com.br\/noticias\/categoria\/tecnologia\/\">#olhardigital<\/a> <a href=\"https:\/\/wiy.com.br\/noticias\/categoria\/tecnologia\/\">#mundodigital<\/a> <a href=\"https:\/\/wiy.com.br\/noticias\/categoria\/tecnologia\/\">#inteligenciaartificial<\/a> <a href=\"https:\/\/wiy.com.br\/criacao-de-sites\/\">#criar site<\/a> <a href=\"https:\/\/wiy.com.br\/criacao-de-sites\/\">#criar site curitiba<\/a> <a href=\"https:\/\/wiy.com.br\/criacao-de-sites\/\">#wiysolutions<\/a><\/p>\n","protected":false},"excerpt":{"rendered":"<p>Um ve\u00edculo Tesla operado pelo piloto autom\u00e1tico bateu em um carro de pol\u00edcia na madrugada desta quarta-feira (17). O acidente aconteceu na rodovia I-96, no condado de Eaton, a 160 quil\u00f4metros de Detroit, no estado americano do Michigan. Ningu\u00e9m ficou ferido. PATROL CAR STRUCK: On 3\/17 at 1:12 am, troopers from the Lansing Post investigating [&hellip;]<\/p>\n","protected":false},"author":1,"featured_media":67660,"comment_status":"open","ping_status":"open","sticky":false,"template":"","format":"standard","meta":{"footnotes":""},"categories":[5],"tags":[],"class_list":["post-67659","post","type-post","status-publish","format-standard","has-post-thumbnail","hentry","category-tecnologia"],"_links":{"self":[{"href":"https:\/\/wiy.com.br\/noticias\/wp-json\/wp\/v2\/posts\/67659","targetHints":{"allow":["GET"]}}],"collection":[{"href":"https:\/\/wiy.com.br\/noticias\/wp-json\/wp\/v2\/posts"}],"about":[{"href":"https:\/\/wiy.com.br\/noticias\/wp-json\/wp\/v2\/types\/post"}],"author":[{"embeddable":true,"href":"https:\/\/wiy.com.br\/noticias\/wp-json\/wp\/v2\/users\/1"}],"replies":[{"embeddable":true,"href":"https:\/\/wiy.com.br\/noticias\/wp-json\/wp\/v2\/comments?post=67659"}],"version-history":[{"count":0,"href":"https:\/\/wiy.com.br\/noticias\/wp-json\/wp\/v2\/posts\/67659\/revisions"}],"wp:featuredmedia":[{"embeddable":true,"href":"https:\/\/wiy.com.br\/noticias\/wp-json\/wp\/v2\/media\/67660"}],"wp:attachment":[{"href":"https:\/\/wiy.com.br\/noticias\/wp-json\/wp\/v2\/media?parent=67659"}],"wp:term":[{"taxonomy":"category","embeddable":true,"href":"https:\/\/wiy.com.br\/noticias\/wp-json\/wp\/v2\/categories?post=67659"},{"taxonomy":"post_tag","embeddable":true,"href":"https:\/\/wiy.com.br\/noticias\/wp-json\/wp\/v2\/tags?post=67659"}],"curies":[{"name":"wp","href":"https:\/\/api.w.org\/{rel}","templated":true}]}}