{"id":67617,"date":"2023-02-26T15:19:05","date_gmt":"2023-02-26T18:19:05","guid":{"rendered":"https:\/\/wiy.com.br\/noticias\/brasil-pode-ser-classificado-como-zona-vermelha-e-isolado-do-resto-do-mundo\/"},"modified":"2021-03-16T21:10:34","modified_gmt":"2021-03-17T00:10:34","slug":"brasil-pode-ser-classificado-como-zona-vermelha-e-isolado-do-resto-do-mundo","status":"publish","type":"post","link":"https:\/\/wiy.com.br\/noticias\/brasil-pode-ser-classificado-como-zona-vermelha-e-isolado-do-resto-do-mundo\/","title":{"rendered":"Brasil pode ser classificado como zona vermelha e isolado do resto do mundo"},"content":{"rendered":"<p> <br \/>\n<\/p>\n<p>A pandemia do <a href=\"https:\/\/olhardigital.com.br\/2021\/03\/09\/medicina-e-saude\/coronavirus-vai-evoluir-vacinas-menos-eficazes\/\">novo coronav\u00edrus<\/a> mudou completamente a forma como vivemos. Dos contatos sociais \u00e0s <a href=\"https:\/\/olhardigital.com.br\/2021\/03\/05\/pro\/em-tempos-de-home-office-confianca-zero-pode-ser-a-maior-barreira-para-evitar-invasoes\/\">formas de trabalho<\/a>, tudo teve de se transformar. A necessidade de vacina\u00e7\u00e3o j\u00e1 est\u00e1 clara h\u00e1 muito tempo e as campanhas evoluem em todas as regi\u00f5es ao redor do mundo.<\/p>\n<p>Com o avan\u00e7o da <a href=\"https:\/\/olhardigital.com.br\/2021\/03\/10\/medicina-e-saude\/imunizacao-contra-a-covid-19-precisara-ser-periodica-afirma-dimas-covas\/\">imuniza\u00e7\u00e3o<\/a>, pode ser que o mundo se divida em zonas de risco. Pa\u00edses que n\u00e3o conseguirem vacinar suas popula\u00e7\u00f5es e controlar o surgimento de variantes do novo coronav\u00edrus podem ficar isolados. O Brasil, infelizmente, est\u00e1 nessa lista e pode ser encarado como uma zona vermelha.<\/p>\n<p>Isso porque as medidas de controle da <a href=\"https:\/\/olhardigital.com.br\/2021\/03\/16\/coronavirus\/covid-19-brasil-tem-novo-recorde-com-2-340-mortes-nas-ultimas-24h-total-ultrapassa-281-mil\/\">Covid-19<\/a> n\u00e3o foram adotadas corretamente por aqui. Al\u00e9m disso, o governo federal falhou ao n\u00e3o negociar vacinas com anteced\u00eancia. At\u00e9 agora, pouco mais de 10&nbsp;milh\u00f5es de cidad\u00e3os receberam ao menos uma dose de vacina no pa\u00eds. Isso representa menos de 5% da popula\u00e7\u00e3o brasileira.<\/p>\n<p>Atualmente, apenas as vacinas <a href=\"https:\/\/olhardigital.com.br\/2021\/03\/03\/coronavirus\/covid-19-coronavac-tem-eficacia-de-835-diz-universidade-da-turquia\/\">Coronavac<\/a>, fabricada pelo Instituto Butantan, e <a href=\"https:\/\/olhardigital.com.br\/2021\/02\/02\/noticias\/covishield-da-astrazeneca-tem-eficacia-de-76-tres-semanas-apos-primeira-dose\/\">Covishield<\/a>, produzida pela Funda\u00e7\u00e3o Oswaldo Cruz (Fiocruz), est\u00e3o sendo usadas na popula\u00e7\u00e3o brasileira. Por enquanto, a quantidade dispon\u00edvel \u00e9 bem inferior \u00e0 necess\u00e1ria para imunizar todos os indiv\u00edduos com mais de 18 anos.<\/p>\n<p>Peter Baker, vice-diretor do departamento de Sa\u00fade Global e Desenvolvimento do Imperial College London, no Reino Unido, acredita que vai haver uma divis\u00e3o entre as partes do mundo vacinadas e as n\u00e3o vacinadas. &#8220;Se decidirmos adotar pol\u00edticas com base na imunidade adquirida com a vacina\u00e7\u00e3o, haver\u00e1 limita\u00e7\u00f5es a direitos, viagens e \u00e0 economia de pa\u00edses com dificuldades de acesso a vacinas.&#8221;<\/p>\n<h2 id=\"h-na-es-verdes-e-vermelhas\">Na\u00e7\u00f5es verdes e vermelhas<\/h2>\n<p>O virologista Julian Tang, da Universidade de Leicester, no Reino Unido, acredita que pa\u00edses como Israel, europeus, da Oceania e de partes da \u00c1sia, como Singapura e Coreia do Sul, possam retomar com\u00e9rcio, turismo e viagens a partir do meio do ano. &#8220;Enquanto o sudeste da \u00c1sia e a Europa ser\u00e3o verdes, e a \u00cdndia e parte da \u00c1frica ser\u00e3o laranjas, \u00c1frica do Sul, Brasil e EUA, onde h\u00e1 altas taxas de transmiss\u00e3o e vacina\u00e7\u00e3o insuficiente, ser\u00e3o zonas vermelhas&#8221;, analisa.<\/p>\n<p>Um dos motivos para o Brasil entrar nessa lista \u00e9 o descontrole da situa\u00e7\u00e3o por aqui. Isso tem levado cientistas a se preocuparem com a possibilidade de o pa\u00eds se transformar em uma f\u00e1brica de variantes. Nesse cen\u00e1rio, h\u00e1 grandes chances de o territ\u00f3rio brasileiro ser classificado dessa forma, oficial ou informalmente.<\/p>\n<p>Para Tang, as na\u00e7\u00f5es verdes podem manter restri\u00e7\u00f5es de voos para regi\u00f5es que n\u00e3o vacinaram adequadamente suas popula\u00e7\u00f5es. E, mesmo que isso n\u00e3o ocorra, o isolamento ser\u00e1 natural diante dos riscos potenciais, como forma de conter o espalhamento de variantes para al\u00e9m desses territ\u00f3rios. &#8220;\u00c9 poss\u00edvel que as pessoas n\u00e3o se disponham a viajar para o Brasil, por exemplo, porque o v\u00edrus n\u00e3o est\u00e1 sendo controlado com a vacina\u00e7\u00e3o e, por isso, podem surgir cepas resistentes.&#8221;<\/p>\n<h2 id=\"h-vacina-o-deve-ser-global\">Vacina\u00e7\u00e3o deve ser global<\/h2>\n<p>Segundo o pesquisador Charlie Whittaker, do Imperial College London, o mundo s\u00f3 estar\u00e1 totalmente protegido da Covid-19 quando todas as popula\u00e7\u00f5es estiverem imunizadas. &#8220;Ningu\u00e9m est\u00e1 seguro enquanto todos n\u00e3o estiverem seguros&#8221;, avalia.<\/p>\n<p>Whittaker lembra que para garantir isso, \u00e9 preciso limitar a possibilidade de surgimento de variantes. &#8220;Medidas de controle s\u00e3o \u00fateis, mas talvez mais importante ainda seja garantir uma estrat\u00e9gia global equitativa de vacina\u00e7\u00e3o. Ou seja, nenhum pa\u00eds deve ser deixado para tr\u00e1s.&#8221;<\/p>\n<p>Muito mais do que o Brasil \u2013 e outros pa\u00edses \u2013 ser classificado como zona vermelha, \u00e9 o surgimento de variantes que preocupa a todos. Baker destaca que se o v\u00edrus continuar descontrolado, os custos humanos e financeiros devem atingir todas as na\u00e7\u00f5es.<\/p>\n<p>Com novas cepas, ser\u00e1 necess\u00e1rio desenvolver novas f\u00f3rmulas e aplic\u00e1-las como refor\u00e7o em indiv\u00edduos j\u00e1 imunizados. &#8220;Se uma variante fortemente resistente \u00e0s vacinas aparecer, teremos de ajustar as subst\u00e2ncias, e refazer pesquisas e os processos de regula\u00e7\u00e3o&#8221;, diz.<\/p>\n<p>Parte da dificuldade de conseguir vacinas est\u00e1 diretamente relacionada ao fato de pa\u00edses ricos terem comprado grandes lotes e deixado muitas na\u00e7\u00f5es sem acesso a elas. &#8220;As variantes do Brasil, do Reino Unido e da \u00c1frica do Sul mostram que o v\u00edrus n\u00e3o respeita barreiras&#8221;, lembra Whittaker.<\/p>\n<p>Via: <em><a href=\"https:\/\/www1.folha.uol.com.br\/mercado\/2021\/03\/covid-19-novo-mapa-global-de-riscos-deve-ter-brasil-em-zona-vermelha-dizem-cientistas.shtml\">Folha de S.Paulo<\/a><\/em><\/p>\n<p>O post <a rel=\"nofollow\" href=\"https:\/\/olhardigital.com.br\/2021\/03\/16\/medicina-e-saude\/brasil-pode-ser-classificado-como-zona-vermelha-e-isolado-do-resto-do-mundo\/\">Brasil pode ser classificado como zona vermelha e isolado do resto do mundo<\/a> apareceu primeiro em <a rel=\"nofollow\" href=\"https:\/\/olhardigital.com.br\">Olhar Digital<\/a>.<\/p>\n<p><br \/>\n<br \/><a href=\"https:\/\/olhardigital.com.br\/2021\/03\/16\/medicina-e-saude\/brasil-pode-ser-classificado-como-zona-vermelha-e-isolado-do-resto-do-mundo\/\">Fonte do Artigo <\/a><br \/>\nTags:<\/p>\n<p><a href=\"https:\/\/wiy.com.br\/noticias\/categoria\/tecnologia\/\">#tecnologia<\/a> <a href=\"https:\/\/wiy.com.br\/noticias\/categoria\/tecnologia\/\">#tecnologias<\/a> <a href=\"https:\/\/wiy.com.br\/noticias\/categoria\/tecnologia\/\">#technology<\/a> <a href=\"https:\/\/wiy.com.br\/noticias\/categoria\/tecnologia\/\">#tecnolog<\/a> <a href=\"https:\/\/wiy.com.br\/noticias\/categoria\/tecnologia\/\">#iphone<\/a> <a href=\"https:\/\/wiy.com.br\/noticias\/categoria\/tecnologia\/\">#informatica<\/a> <a href=\"https:\/\/wiy.com.br\/noticias\/categoria\/tecnologia\/\">#tech<\/a> <a href=\"https:\/\/wiy.com.br\/noticias\/categoria\/tecnologia\/\">#design<\/a> <a href=\"https:\/\/wiy.com.br\/noticias\/categoria\/tecnologia\/\">#samsung<\/a> <a href=\"https:\/\/wiy.com.br\/noticias\/categoria\/tecnologia\/\">#internet<\/a> <a href=\"https:\/\/wiy.com.br\/noticias\/categoria\/tecnologia\/\">#apple<\/a> <a href=\"https:\/\/wiy.com.br\/noticias\/categoria\/tecnologia\/\">#smartphone<\/a> <a href=\"https:\/\/wiy.com.br\/noticias\/categoria\/tecnologia\/\">#seguranca<\/a> <a href=\"https:\/\/wiy.com.br\/noticias\/categoria\/tecnologia\/\">#venezuela<\/a> <a href=\"https:\/\/wiy.com.br\/noticias\/categoria\/tecnologia\/\">#celular<\/a> <a href=\"https:\/\/wiy.com.br\/noticias\/categoria\/tecnologia\/\">#celulares<\/a> <a href=\"https:\/\/wiy.com.br\/noticias\/categoria\/tecnologia\/\">#inovar<\/a> <a href=\"https:\/\/wiy.com.br\/noticias\/categoria\/tecnologia\/\">#qualidade<\/a> <a href=\"https:\/\/wiy.com.br\/noticias\/categoria\/tecnologia\/\">#software<\/a> <a href=\"https:\/\/wiy.com.br\/noticias\/categoria\/tecnologia\/\">#empresas<\/a> <a href=\"https:\/\/wiy.com.br\/noticias\/categoria\/tecnologia\/\">#cursos<\/a> <a href=\"https:\/\/wiy.com.br\/noticias\/categoria\/tecnologia\/\">#engenharia<\/a> <a href=\"https:\/\/wiy.com.br\/noticias\/categoria\/tecnologia\/\">#industria<\/a> <a href=\"https:\/\/wiy.com.br\/noticias\/categoria\/tecnologia\/\">#marketing<\/a> <a href=\"https:\/\/wiy.com.br\/noticias\/categoria\/tecnologia\/\">#ti<\/a> <a href=\"https:\/\/wiy.com.br\/noticias\/categoria\/tecnologia\/\">#tecnoblog<\/a> <a href=\"https:\/\/wiy.com.br\/noticias\/categoria\/tecnologia\/\">#veja<\/a> <a href=\"https:\/\/wiy.com.br\/noticias\/categoria\/tecnologia\/\">#olhardigital<\/a> <a href=\"https:\/\/wiy.com.br\/noticias\/categoria\/tecnologia\/\">#mundodigital<\/a> <a href=\"https:\/\/wiy.com.br\/noticias\/categoria\/tecnologia\/\">#inteligenciaartificial<\/a> <a href=\"https:\/\/wiy.com.br\/criacao-de-sites\/\">#criar site<\/a> <a href=\"https:\/\/wiy.com.br\/criacao-de-sites\/\">#criar site curitiba<\/a> <a href=\"https:\/\/wiy.com.br\/criacao-de-sites\/\">#wiysolutions<\/a><\/p>\n","protected":false},"excerpt":{"rendered":"<p>A pandemia do novo coronav\u00edrus mudou completamente a forma como vivemos. Dos contatos sociais \u00e0s formas de trabalho, tudo teve de se transformar. A necessidade de vacina\u00e7\u00e3o j\u00e1 est\u00e1 clara h\u00e1 muito tempo e as campanhas evoluem em todas as regi\u00f5es ao redor do mundo. Com o avan\u00e7o da imuniza\u00e7\u00e3o, pode ser que o mundo [&hellip;]<\/p>\n","protected":false},"author":1,"featured_media":67618,"comment_status":"open","ping_status":"open","sticky":false,"template":"","format":"standard","meta":{"footnotes":""},"categories":[5],"tags":[],"class_list":["post-67617","post","type-post","status-publish","format-standard","has-post-thumbnail","hentry","category-tecnologia"],"_links":{"self":[{"href":"https:\/\/wiy.com.br\/noticias\/wp-json\/wp\/v2\/posts\/67617","targetHints":{"allow":["GET"]}}],"collection":[{"href":"https:\/\/wiy.com.br\/noticias\/wp-json\/wp\/v2\/posts"}],"about":[{"href":"https:\/\/wiy.com.br\/noticias\/wp-json\/wp\/v2\/types\/post"}],"author":[{"embeddable":true,"href":"https:\/\/wiy.com.br\/noticias\/wp-json\/wp\/v2\/users\/1"}],"replies":[{"embeddable":true,"href":"https:\/\/wiy.com.br\/noticias\/wp-json\/wp\/v2\/comments?post=67617"}],"version-history":[{"count":0,"href":"https:\/\/wiy.com.br\/noticias\/wp-json\/wp\/v2\/posts\/67617\/revisions"}],"wp:featuredmedia":[{"embeddable":true,"href":"https:\/\/wiy.com.br\/noticias\/wp-json\/wp\/v2\/media\/67618"}],"wp:attachment":[{"href":"https:\/\/wiy.com.br\/noticias\/wp-json\/wp\/v2\/media?parent=67617"}],"wp:term":[{"taxonomy":"category","embeddable":true,"href":"https:\/\/wiy.com.br\/noticias\/wp-json\/wp\/v2\/categories?post=67617"},{"taxonomy":"post_tag","embeddable":true,"href":"https:\/\/wiy.com.br\/noticias\/wp-json\/wp\/v2\/tags?post=67617"}],"curies":[{"name":"wp","href":"https:\/\/api.w.org\/{rel}","templated":true}]}}