{"id":67510,"date":"2023-02-26T15:43:25","date_gmt":"2023-02-26T18:43:25","guid":{"rendered":"https:\/\/wiy.com.br\/noticias\/alexandre-de-moraes-concede-prisao-domiciliar-a-deputado-daniel-silveira\/"},"modified":"2021-03-14T11:57:37","modified_gmt":"2021-03-14T14:57:37","slug":"alexandre-de-moraes-concede-prisao-domiciliar-a-deputado-daniel-silveira","status":"publish","type":"post","link":"https:\/\/wiy.com.br\/noticias\/alexandre-de-moraes-concede-prisao-domiciliar-a-deputado-daniel-silveira\/","title":{"rendered":"Alexandre de Moraes concede pris\u00e3o domiciliar a deputado Daniel Silveira"},"content":{"rendered":"<p> <br \/>\n<\/p>\n<p>O ministro <strong>Alexandre de Moraes<\/strong>, do <strong>Supremo Tribunal Federal<\/strong>,\u00a0 concedeu pris\u00e3o domiciliar ao deputado federal <strong>Daniel Silveira<\/strong> (PSL-RJ). A decis\u00e3o, publicada neste domingo, determina pris\u00e3o domiciliar com monitoramento eletr\u00f4nico. No mesmo despacho o magistrado negou um pedido de liberdade provis\u00f3ria.<\/p>\n<p>&#8220;A autoridade competente do Batalh\u00e3o da Pol\u00edcia Militar do estado do Rio de Janeiro, onde o denunciado encontra-se preso, dever\u00e1 ser, imediatamente, comunicada para o cumprimento integral da presente decis\u00e3o&#8221;, disse Moraes, que deixou registrada a proibi\u00e7\u00e3o de o deputado receber visitas sem autoriza\u00e7\u00e3o judicial.<\/p>\n<p>Al\u00e9m disso, Silveira n\u00e3o poder\u00e1 fazer publica\u00e7\u00f5es em redes sociais, seja por meio pr\u00f3prio ou por sua assessoria. Caso ele descumpra as ordens, dever\u00e1 retornar \u00e0 pris\u00e3o.\u00a0 No despacho, Alexandre de Moraes afirmou ainda que &#8220;os fatos criminosos praticados por Daniel Silveira s\u00e3o grav\u00edssimos&#8221;, se referindo ao v\u00eddeo em que o deputado insulta ministros do Supremo.<\/p>\n<div id=\"relacionadas\" class=\"block related-posts three_columns\">\n<ul class=\"block-menu\">\n<li data-tab=\"tab-1\" class=\"active\">Relacionadas<\/li>\n<\/ul>\n<div id=\"tab-1\" class=\"block-content active\">\n<div class=\"row\">\n<li class=\"widget-news-item without-thumb with-border\">\n<div class=\"widget-news-info\"><a href=\"http:\/\/vejasp.abril.com.br\/saude\">Sa\u00fade<\/a><span class=\"widget-news-item-title\"><a href=\"https:\/\/vejasp.abril.com.br\/saude\/mari-palma-homenageia-pai-que-faleceu-neste-sabado-13\/\">Mari Palma homenageia pai, que faleceu neste s\u00e1bado (13)<\/a><\/span><span class=\"widget-news-item-date\">14 mar 2021 &#8211; 11h03<\/span><\/div>\n<\/li>\n<\/div>\n<\/div>\n<\/div>\n<p>&nbsp;<\/p>\n<div id=\"mais_lidas\" class=\"block related-posts mais-lidas\">\n<ul class=\"block-menu\">\n<li data-tab=\"tab-1\" class=\"active\">Mais lidas<\/li>\n<\/ul>\n<div id=\"tab-1\" class=\"block-content active\">\n<div class=\"row\">\n<div class=\"col-s-12 col-l-3\"><a href=\"https:\/\/vejasp.abril.com.br\/blog\/poder-sp\/covas-preve-interdicao-e-acao-criminal-contra-escola-que-abrir-as-portas\/\" class=\"card\"><span class=\"category hide-s\">Cidades<\/span><img title = \"[Tags]\"data-src=\"https:\/\/vejasp.abril.com.br\/wp-content\/uploads\/2020\/09\/BRUNOCOVAS_6.JPG-1.jpg?quality=70&amp;strip=info&amp;w=667&amp;h=453&amp;crop=1\"alt = \"BRUNOCOVAS_6.JPG-1 Alexandre de Moraes concede pris\u00e3o domiciliar a deputado Daniel Silveira\" class=\"lazyload media\"><span class=\"category hide-l\">Cidades<\/span><span class=\"title\">Covas prev\u00ea interdi\u00e7\u00e3o e a\u00e7\u00e3o criminal contra escola que abrir as portas<\/span><\/a><\/div>\n<div class=\"col-s-12 col-l-3\"><a href=\"https:\/\/vejasp.abril.com.br\/blog\/poder-sp\/policia-estoura-cassino-de-luxo-e-encontra-gabigol-embaixo-de-uma-mesa\/\" class=\"card\"><span class=\"category hide-s\">Cidades<\/span><img title = \"[Tags]\"data-src=\"https:\/\/vejasp.abril.com.br\/wp-content\/uploads\/2021\/03\/WhatsApp-Image-2021-03-14-at-04.15.45.jpeg?quality=70&amp;strip=info&amp;w=680&amp;h=453&amp;crop=1\"alt = \"BRUNOCOVAS_6.JPG-1 Alexandre de Moraes concede pris\u00e3o domiciliar a deputado Daniel Silveira\" class=\"lazyload media\"><span class=\"category hide-l\">Cidades<\/span><span class=\"title\">Pol\u00edcia estoura cassino de luxo e encontra Gabigol embaixo de uma mesa<\/span><\/a><\/div>\n<div class=\"col-s-12 col-l-3\"><a href=\"https:\/\/vejasp.abril.com.br\/cidades\/capa-butantan-vacina-coronavac\/\" class=\"card\"><span class=\"category hide-s\">Cidades<\/span><img title = \"[Tags]\"data-src=\"https:\/\/vejasp.abril.com.br\/wp-content\/uploads\/2021\/03\/BUTANTA_7.JPG.jpg?quality=70&amp;strip=info&amp;w=680&amp;h=453&amp;crop=1\"alt = \"BRUNOCOVAS_6.JPG-1 Alexandre de Moraes concede pris\u00e3o domiciliar a deputado Daniel Silveira\" class=\"lazyload media\"><span class=\"category hide-l\">Cidades<\/span><span class=\"title\">F\u00e1brica da esperan\u00e7a: a vacina contra a Covid muda rotina e o futuro do Butantan<\/span><\/a><\/div>\n<div class=\"col-s-12 col-l-3\"><a href=\"https:\/\/vejasp.abril.com.br\/blog\/arnaldo-lorencato\/jacquin-compra-bistro-que-foi-cenario-da-nova-temporada-de\/\" class=\"card\"><span class=\"category hide-s\">Comida &amp; Bebida<\/span><img title = \"[Tags]\"data-src=\"https:\/\/vejasp.abril.com.br\/wp-content\/uploads\/2020\/04\/erick-jacquin-2020-18-3-1.jpg-1.jpg?quality=70&amp;strip=info&amp;w=680&amp;h=453&amp;crop=1\"alt = \"BRUNOCOVAS_6.JPG-1 Alexandre de Moraes concede pris\u00e3o domiciliar a deputado Daniel Silveira\" class=\"lazyload media\"><span class=\"category hide-l\">Comida &amp; Bebida<\/span><span class=\"title\">Jacquin compra bistr\u00f4 que foi cen\u00e1rio da nova temporada de &#8220;Pesadelo na Cozinha&#8221;<\/span><\/a><\/div>\n<\/div>\n<\/div>\n<\/div>\n<div class=\"ads post-ads\"><span class=\"title\">Continua ap\u00f3s a publicidade<\/span><\/p>\n<div id=\"abrAD_rectangle3\" class=\"abrAD\" data-ad-><\/div>\n<\/div>\n<p><br \/>\n<br \/><a href=\"https:\/\/vejasp.abril.com.br\/cidades\/alexandre-de-moraes-concede-prisao-domiciliar-a-deputado-daniel-silveira\/\">Fonte do Artigo <\/a><br \/>\nTags:<br \/>\n#loterias #loteriascaixa #megasena #resultadoapostas#noticias #noticiario  #noticia #brasil #noticiascolombia #mundo #esporte #colombia #noticiadeld #ltimasnoticias  #noticiario #noticiasregionales #noticiasdepartamentales #noticiashoy #esportes #noticiaahora #elinformantenoticias #noticiasdeboyac  #esporteinterativo #esportivo #diariodosesportes  #noticiero  #jogodefutebol #jogos #loto #apostas<\/p>\n","protected":false},"excerpt":{"rendered":"<p>O ministro Alexandre de Moraes, do Supremo Tribunal Federal,\u00a0 concedeu pris\u00e3o domiciliar ao deputado federal Daniel Silveira (PSL-RJ). A decis\u00e3o, publicada neste domingo, determina pris\u00e3o domiciliar com monitoramento eletr\u00f4nico. No mesmo despacho o magistrado negou um pedido de liberdade provis\u00f3ria. &#8220;A autoridade competente do Batalh\u00e3o da Pol\u00edcia Militar do estado do Rio de Janeiro, onde [&hellip;]<\/p>\n","protected":false},"author":1,"featured_media":67511,"comment_status":"open","ping_status":"open","sticky":false,"template":"","format":"standard","meta":{"footnotes":""},"categories":[1],"tags":[],"class_list":["post-67510","post","type-post","status-publish","format-standard","has-post-thumbnail","hentry","category-curso-de-copy"],"_links":{"self":[{"href":"https:\/\/wiy.com.br\/noticias\/wp-json\/wp\/v2\/posts\/67510","targetHints":{"allow":["GET"]}}],"collection":[{"href":"https:\/\/wiy.com.br\/noticias\/wp-json\/wp\/v2\/posts"}],"about":[{"href":"https:\/\/wiy.com.br\/noticias\/wp-json\/wp\/v2\/types\/post"}],"author":[{"embeddable":true,"href":"https:\/\/wiy.com.br\/noticias\/wp-json\/wp\/v2\/users\/1"}],"replies":[{"embeddable":true,"href":"https:\/\/wiy.com.br\/noticias\/wp-json\/wp\/v2\/comments?post=67510"}],"version-history":[{"count":0,"href":"https:\/\/wiy.com.br\/noticias\/wp-json\/wp\/v2\/posts\/67510\/revisions"}],"wp:featuredmedia":[{"embeddable":true,"href":"https:\/\/wiy.com.br\/noticias\/wp-json\/wp\/v2\/media\/67511"}],"wp:attachment":[{"href":"https:\/\/wiy.com.br\/noticias\/wp-json\/wp\/v2\/media?parent=67510"}],"wp:term":[{"taxonomy":"category","embeddable":true,"href":"https:\/\/wiy.com.br\/noticias\/wp-json\/wp\/v2\/categories?post=67510"},{"taxonomy":"post_tag","embeddable":true,"href":"https:\/\/wiy.com.br\/noticias\/wp-json\/wp\/v2\/tags?post=67510"}],"curies":[{"name":"wp","href":"https:\/\/api.w.org\/{rel}","templated":true}]}}