{"id":67448,"date":"2023-02-26T15:09:25","date_gmt":"2023-02-26T18:09:25","guid":{"rendered":"https:\/\/wiy.com.br\/noticias\/vereadora-de-46-anos-morre-apos-complicacoes-da-covid-19\/"},"modified":"2021-03-12T21:13:59","modified_gmt":"2021-03-13T00:13:59","slug":"vereadora-de-46-anos-morre-apos-complicacoes-da-covid-19","status":"publish","type":"post","link":"https:\/\/wiy.com.br\/noticias\/vereadora-de-46-anos-morre-apos-complicacoes-da-covid-19\/","title":{"rendered":"Vereadora de 46 anos morre ap\u00f3s complica\u00e7\u00f5es da Covid-19"},"content":{"rendered":"<p> <br \/>\n<\/p>\n<p>Uma <strong>parlamentar<\/strong> da <strong>C\u00e2mara dos Vereadores de Santo Andr\u00e9<\/strong> faleceu na manh\u00e3 desta sexta-feira (12). <strong>Marilda Brand\u00e3o<\/strong> (PSD), tinha 46 anos e foi internada no dia 16 de fevereiro com <strong>Covid-19.<\/strong><\/p>\n<p>A vereadora estava em um leito do hospital de campanha do Complexo Pedro Dell&#8217;Antonia, em Santo Andr\u00e9, mas teve piora do quadro e precisou ser entubada e levada para o Centro Hospitalar Municipal, onde n\u00e3o resistiu.<\/p>\n<p>Ela deixa quadro filhos e o marido. A prefeitura lamentou a morte de Marilda. &#8220;Sempre foi uma grande guerreira e lutou com empenho e determina\u00e7\u00e3o pela regulariza\u00e7\u00e3o do Centreville, perde esta batalha contra o v\u00edrus e nos deixa de maneira precoce&#8221;, diz a nota.<\/p>\n<p>Marilda era l\u00edder comunit\u00e1ria e ex-presidente da Associa\u00e7\u00e3o Uni\u00e3o e Luta dos Moradores do <strong>Centreville<\/strong>, entidade que busca a regulariza\u00e7\u00e3o fundi\u00e1ria do bairro de Santo Andr\u00e9. Em 2020 a gest\u00e3o da cidade do ABC entregou 55 matr\u00edculas de im\u00f3veis no Centreville, quando Marilda fazia parte da organiza\u00e7\u00e3o.<\/p>\n<p>&nbsp;<\/p>\n<div id=\"mais_lidas\" class=\"block related-posts mais-lidas\">\n<ul class=\"block-menu\">\n<li data-tab=\"tab-1\" class=\"active\">Mais lidas<\/li>\n<\/ul>\n<div id=\"tab-1\" class=\"block-content active\">\n<div class=\"row\">\n<div class=\"col-s-12 col-l-3\"><a href=\"https:\/\/vejasp.abril.com.br\/cidades\/sao-paulo-fase-emergencial\/\" class=\"card\"><span class=\"category hide-s\">Cidades<\/span><img title = \"[Tags]\"data-src=\"https:\/\/vejasp.abril.com.br\/wp-content\/uploads\/2021\/02\/50970111896_90c08b0e08_c.jpg?quality=70&amp;strip=info&amp;w=680&amp;h=453&amp;crop=1\"alt = \"50970111896_90c08b0e08_c Vereadora de 46 anos morre ap\u00f3s complica\u00e7\u00f5es da Covid-19\" class=\"lazyload media\"><span class=\"category hide-l\">Cidades<\/span><span class=\"title\">Doria anuncia toque de recolher e pro\u00edbe cultos religiosos e futebol<\/span><\/a><\/div>\n<div class=\"col-s-12 col-l-3\"><a href=\"https:\/\/vejasp.abril.com.br\/saude\/sao-paulo-fase-roxa-coronavirus\/\" class=\"card\"><span class=\"category hide-s\">Sa\u00fade<\/span><img title = \"[Tags]\"data-src=\"https:\/\/vejasp.abril.com.br\/wp-content\/uploads\/2020\/05\/joao-doria-lockdown-04.jpg?quality=70&amp;strip=info&amp;w=600&amp;h=350&amp;crop=1\"alt = \"50970111896_90c08b0e08_c Vereadora de 46 anos morre ap\u00f3s complica\u00e7\u00f5es da Covid-19\" class=\"lazyload media\"><span class=\"category hide-l\">Sa\u00fade<\/span><span class=\"title\">SP avalia implementar fase roxa nesta semana, com mais restri\u00e7\u00f5es<\/span><\/a><\/div>\n<div class=\"col-s-12 col-l-3\"><a href=\"https:\/\/vejasp.abril.com.br\/saude\/sao-paulo-tem-primeira-confirmacao-de-pet-com-covid-19\/\" class=\"card\"><span class=\"category hide-s\">Sa\u00fade<\/span><img title = \"[Tags]\"data-src=\"https:\/\/vejasp.abril.com.br\/wp-content\/uploads\/2020\/03\/royal_canin_abre.png?w=680&amp;h=453&amp;crop=1\"alt = \"50970111896_90c08b0e08_c Vereadora de 46 anos morre ap\u00f3s complica\u00e7\u00f5es da Covid-19\" class=\"lazyload media\"><span class=\"category hide-l\">Sa\u00fade<\/span><span class=\"title\">S\u00e3o Paulo tem primeira confirma\u00e7\u00e3o de pet com Covid-19<\/span><\/a><\/div>\n<div class=\"col-s-12 col-l-3\"><a href=\"https:\/\/vejasp.abril.com.br\/blog\/arnaldo-lorencato\/mundo-pao-do-olivier-fecha-as-portas\/\" class=\"card\"><span class=\"category hide-s\">Comida &amp; Bebida<\/span><img title = \"[Tags]\"data-src=\"https:\/\/vejasp.abril.com.br\/wp-content\/uploads\/2021\/03\/mundo-pao-do-olivier.jpg?quality=70&amp;strip=info&amp;w=680&amp;h=453&amp;crop=1\"alt = \"50970111896_90c08b0e08_c Vereadora de 46 anos morre ap\u00f3s complica\u00e7\u00f5es da Covid-19\" class=\"lazyload media\"><span class=\"category hide-l\">Comida &amp; Bebida<\/span><span class=\"title\">Olivier Anquier fecha padaria na Pra\u00e7a da Rep\u00fablica<\/span><\/a><\/div>\n<\/div>\n<\/div>\n<\/div>\n<div class=\"ads post-ads\"><span class=\"title\">Continua ap\u00f3s a publicidade<\/span><\/p>\n<div id=\"abrAD_rectangle3\" class=\"abrAD\" data-ad-><\/div>\n<\/div>\n<p><br \/>\n<br \/><a href=\"https:\/\/vejasp.abril.com.br\/cidades\/vereadora-46-anos-santo-andre-morre-coronavirus\/\">Fonte do Artigo <\/a><br \/>\nTags:<br \/>\n#loterias #loteriascaixa #megasena #resultadoapostas#noticias #noticiario  #noticia #brasil #noticiascolombia #mundo #esporte #colombia #noticiadeld #ltimasnoticias  #noticiario #noticiasregionales #noticiasdepartamentales #noticiashoy #esportes #noticiaahora #elinformantenoticias #noticiasdeboyac  #esporteinterativo #esportivo #diariodosesportes  #noticiero  #jogodefutebol #jogos #loto #apostas<\/p>\n","protected":false},"excerpt":{"rendered":"<p>Uma parlamentar da C\u00e2mara dos Vereadores de Santo Andr\u00e9 faleceu na manh\u00e3 desta sexta-feira (12). Marilda Brand\u00e3o (PSD), tinha 46 anos e foi internada no dia 16 de fevereiro com Covid-19. A vereadora estava em um leito do hospital de campanha do Complexo Pedro Dell&#8217;Antonia, em Santo Andr\u00e9, mas teve piora do quadro e precisou [&hellip;]<\/p>\n","protected":false},"author":1,"featured_media":67449,"comment_status":"open","ping_status":"open","sticky":false,"template":"","format":"standard","meta":{"footnotes":""},"categories":[1],"tags":[],"class_list":["post-67448","post","type-post","status-publish","format-standard","has-post-thumbnail","hentry","category-curso-de-copy"],"_links":{"self":[{"href":"https:\/\/wiy.com.br\/noticias\/wp-json\/wp\/v2\/posts\/67448","targetHints":{"allow":["GET"]}}],"collection":[{"href":"https:\/\/wiy.com.br\/noticias\/wp-json\/wp\/v2\/posts"}],"about":[{"href":"https:\/\/wiy.com.br\/noticias\/wp-json\/wp\/v2\/types\/post"}],"author":[{"embeddable":true,"href":"https:\/\/wiy.com.br\/noticias\/wp-json\/wp\/v2\/users\/1"}],"replies":[{"embeddable":true,"href":"https:\/\/wiy.com.br\/noticias\/wp-json\/wp\/v2\/comments?post=67448"}],"version-history":[{"count":0,"href":"https:\/\/wiy.com.br\/noticias\/wp-json\/wp\/v2\/posts\/67448\/revisions"}],"wp:featuredmedia":[{"embeddable":true,"href":"https:\/\/wiy.com.br\/noticias\/wp-json\/wp\/v2\/media\/67449"}],"wp:attachment":[{"href":"https:\/\/wiy.com.br\/noticias\/wp-json\/wp\/v2\/media?parent=67448"}],"wp:term":[{"taxonomy":"category","embeddable":true,"href":"https:\/\/wiy.com.br\/noticias\/wp-json\/wp\/v2\/categories?post=67448"},{"taxonomy":"post_tag","embeddable":true,"href":"https:\/\/wiy.com.br\/noticias\/wp-json\/wp\/v2\/tags?post=67448"}],"curies":[{"name":"wp","href":"https:\/\/api.w.org\/{rel}","templated":true}]}}