{"id":6738,"date":"2023-02-26T14:55:32","date_gmt":"2023-02-26T17:55:32","guid":{"rendered":"https:\/\/wiy.com.br\/noticias\/o-mar-nao-esta-para-plastico-na-corona\/"},"modified":"2019-02-24T08:25:08","modified_gmt":"2019-02-24T11:25:08","slug":"o-mar-nao-esta-para-plastico-na-corona","status":"publish","type":"post","link":"https:\/\/wiy.com.br\/noticias\/o-mar-nao-esta-para-plastico-na-corona\/","title":{"rendered":"O mar n\u00e3o est\u00e1 para pl\u00e1stico na Corona"},"content":{"rendered":"<p> <br \/>\n<\/p>\n<p>S\u00e3o Paulo &#8211; O lixo<strong> <a href=\"https:\/\/exame.abril.com.br\/noticias-sobre\/plasticos\/\" target=\"_blank\" rel=\"noopener noreferrer\">pl\u00e1stico<\/a><\/strong> n\u00e3o encontra fronteiras. A Organiza\u00e7\u00e3o das Na\u00e7\u00f5es Unidas (ONU) estima que at\u00e9 2050 haver\u00e1 mais res\u00edduos do material derivado de petr\u00f3leo nos oceanos do que peixes. \u00c9 um alerta que convida todo mundo\u00a0<span>\u2014<\/span> governos, consumidores e empresas <span>\u2014 <\/span>a fazer sua parte. E a marca de cerveja <strong><a href=\"https:\/\/exame.abril.com.br\/noticias-sobre\/corona\/\" target=\"_blank\" rel=\"noopener noreferrer\">Corona<\/a><\/strong>, da <strong><a href=\"https:\/\/exame.abril.com.br\/noticias-sobre\/ab-inbev\/\">Anheuser-Busch InBev SA<\/a>, <\/strong><span>est\u00e1 surfando essa onda como ningu\u00e9m.<\/span><\/p>\n<p>Em 2017, a Corona anunciou a meta de limpar e proteger 100 praias ao redor do mundo at\u00e9 2020, em parceria com a organiza\u00e7\u00e3o Parley For The Oceans, rede de combate \u00e0 <span>polui\u00e7\u00e3o marinha por lixo pl\u00e1stico.\u00a0\u00a0\u00a0<\/span><\/p>\n<p>O projeto, que se alinha com o posicionamento da marca (de uma bebida que vai bem em dias quentes ou em viagens \u00e0 praia), come\u00e7ou em seis pa\u00edses <span>\u2014<\/span> M\u00e9xico, Chile, Rep\u00fablica Dominicana, Maldivas, It\u00e1lia e Austr\u00e1lia. Agora, chegou ao Brasil.<\/p>\n<p>No \u00faltimo domingo (17), a marca realizou seu primeiro mutir\u00e3o para limpar algumas praias na ilha de Fernando de Noronha. Sin\u00f4nimo mundial de turismo ecol\u00f3gico, o arquip\u00e9lago \u00e9 a primeira regi\u00e3o do Brasil a proibir o uso e comercializa\u00e7\u00e3o de pl\u00e1sticos descart\u00e1veis, como copos, talheres, pratos e, claro, canudinhos. Em a<span>penas um final de semana, 119 quilos de lixo deixaram de chegar ao mar.<\/span><\/p>\n<div class=\"widget-news widget-box no-margin no-border\"><span class=\"widget-news-title content-box-title\">Veja tamb\u00e9m<\/span><\/p>\n<ul class=\"widget-news-list\">\n<li class=\"widget-news-item without-thumb with-border\">\n<div class=\"widget-news-info\"><a href=\"http:\/\/exame.abril.com.br\/brasil\">BRASIL<\/a><span class=\"widget-news-item-title\"><a href=\"https:\/\/exame.abril.com.br\/brasil\/fernando-de-noronha-declara-guerra-aos-plasticos-descartaveis\/\">Fernando de Noronha declara guerra aos pl\u00e1sticos descart\u00e1veis<\/a><\/span><span class=\"widget-news-item-date\">14 dez 2018 &#8211; 11h12<\/span><\/div>\n<\/li>\n<\/ul>\n<\/div>\n<p>A marca tamb\u00e9m realizou palestras de conscientiza\u00e7\u00e3o para mais de 100 pessoas, al\u00e9m de promover uma a\u00e7\u00e3o voltada a acelerar o fim do uso de pl\u00e1stico entre os comerciantes, moradores e visitantes de Noronha. Para mobilizar mais pessoas para a causa, o surfista Gabriel Medina \u2013 que \u00e9 embaixador de <span>Corona<\/span><span> e agora do projeto \u2013 postou imagens da iniciativa <em>CoronaxParley <\/em>em suas redes sociais.<\/span><\/p>\n<blockquote class=\"instagram-media\">\n<div> <a href=\"https:\/\/www.instagram.com\/p\/Bt_43raAJr0\/?utm_source=ig_embed&amp;utm_medium=loading\" target=\"_blank\"> <\/p>\n<div>\n<div><\/div>\n<div>\n<div><\/div>\n<div><\/div>\n<\/div>\n<\/div>\n<div><\/div>\n<div><\/div>\n<div>\n<div> View this post on Instagram<\/div>\n<\/div>\n<div><\/div>\n<div>\n<div>\n<div><\/div>\n<div><\/div>\n<div><\/div>\n<\/div>\n<div>\n<div><\/div>\n<div><\/div>\n<\/div>\n<div>\n<div><\/div>\n<div><\/div>\n<div><\/div>\n<\/div>\n<\/div>\n<p><\/a> <\/p>\n<p> <a href=\"https:\/\/www.instagram.com\/p\/Bt_43raAJr0\/?utm_source=ig_embed&amp;utm_medium=loading\" target=\"_blank\">Let&#039;s all do our part and keep the ocean and planet clean.  ll Vamos todos fazer nossa parte e deixar as praias e oceanos limpos. @corona @parley.tv #corona #coronaxparley<\/a><\/p>\n<p>A post shared by <a href=\"https:\/\/www.instagram.com\/gabrielmedina\/?utm_source=ig_embed&amp;utm_medium=loading\" target=\"_blank\"> G. Medina<\/a> (@gabrielmedina) on Feb 17, 2019 at 1:38pm PST<\/p>\n<\/div>\n<\/blockquote>\n<p>&#8220;Quem acompanha a cerveja sabe que, como uma marca que nasceu na praia e que te convida a aproveitar a vida do lado de fora, Corona se importa com a natureza e quer ter certeza de que ela est\u00e1 protegida<b>. <\/b>Esse \u00e9 um primeiro passo para atrair aten\u00e7\u00e3o para o problema, a fim de garantir uma mudan\u00e7a de longo prazo na atitude de cada um de n\u00f3s em rela\u00e7\u00e3o ao lixo e, claro, quanto ao uso de materiais pl\u00e1stico&#8221;, diz ao site <strong>EXAME<\/strong>, Bruna Bu\u00e1s, diretora de marketing de Corona.<\/p>\n<p><span>No Brasil, ao longo de 2019,\u00a0<\/span><span class=\"il\">Corona<\/span><span> e Parley realizar\u00e3o mais de 20 limpezas de praias e diversas campanhas e iniciativas de conscientiza\u00e7\u00e3o e de mobiliza\u00e7\u00e3o para combater o lixo nos oceanos. <\/span><span>O projeto global <\/span><span>j\u00e1 recolheu mais de 1.500 toneladas de lixo pl\u00e1stico de praias de 15 pa\u00edses, engajando 7 mil volunt\u00e1rios.<\/span><\/p>\n<p>&#8220;Primeiro, a Parley analisa o pl\u00e1stico retirado para definir a melhor solu\u00e7\u00e3o para o material. O pl\u00e1stico, ent\u00e3o, pode ser enviado para reciclagem, ou armazenado e utilizado para criar outros materiais, como fizemos globalmente, com a cria\u00e7\u00e3o de ecobags e de uma linha de camisetas, por exemplo&#8221;, explica Bruna. Em Fernando de Noronha, o pl\u00e1stico coletado foi enviado para empresas parceiras do projeto para que sejam reciclados.<\/p>\n<p><span>A Corona \u00e9 a marca l\u00edder no M\u00e9xico e importada para mais de 120 pa\u00edses atrav\u00e9s da gigante de cerveja Anheuser-Busch InBev.\u00a0<\/span><span>A vers\u00e3o Corona Extra foi introduzida no mercado americano em 1981 e tornou-se a cerveja importada que mais cresce na hist\u00f3ria dos EUA. Corona aparece na posi\u00e7\u00e3o 74 da lista de marcas mais valiosas do mundo da Forbes, com US$ 8,8 bilh\u00f5es em valor.<\/span><\/p>\n<p><script async defer src=\"http:\/\/platform.instagram.com\/en_US\/embeds.js\"><\/script><br \/>\n<br \/><br \/>\n<br \/><a href=\"https:\/\/exame.abril.com.br\/marketing\/o-mar-nao-esta-para-plastico-na-corona\/\">Source link <\/a><\/p>\n","protected":false},"excerpt":{"rendered":"<p>S\u00e3o Paulo &#8211; O lixo pl\u00e1stico n\u00e3o encontra fronteiras. A Organiza\u00e7\u00e3o das Na\u00e7\u00f5es Unidas (ONU) estima que at\u00e9 2050 haver\u00e1 mais res\u00edduos do material derivado de petr\u00f3leo nos oceanos do que peixes. \u00c9 um alerta que convida todo mundo\u00a0\u2014 governos, consumidores e empresas \u2014 a fazer sua parte. E a marca de cerveja Corona, da [&hellip;]<\/p>\n","protected":false},"author":1,"featured_media":6739,"comment_status":"open","ping_status":"open","sticky":false,"template":"","format":"standard","meta":{"footnotes":""},"categories":[337],"tags":[],"class_list":["post-6738","post","type-post","status-publish","format-standard","has-post-thumbnail","hentry","category-noticias"],"_links":{"self":[{"href":"https:\/\/wiy.com.br\/noticias\/wp-json\/wp\/v2\/posts\/6738","targetHints":{"allow":["GET"]}}],"collection":[{"href":"https:\/\/wiy.com.br\/noticias\/wp-json\/wp\/v2\/posts"}],"about":[{"href":"https:\/\/wiy.com.br\/noticias\/wp-json\/wp\/v2\/types\/post"}],"author":[{"embeddable":true,"href":"https:\/\/wiy.com.br\/noticias\/wp-json\/wp\/v2\/users\/1"}],"replies":[{"embeddable":true,"href":"https:\/\/wiy.com.br\/noticias\/wp-json\/wp\/v2\/comments?post=6738"}],"version-history":[{"count":0,"href":"https:\/\/wiy.com.br\/noticias\/wp-json\/wp\/v2\/posts\/6738\/revisions"}],"wp:featuredmedia":[{"embeddable":true,"href":"https:\/\/wiy.com.br\/noticias\/wp-json\/wp\/v2\/media\/6739"}],"wp:attachment":[{"href":"https:\/\/wiy.com.br\/noticias\/wp-json\/wp\/v2\/media?parent=6738"}],"wp:term":[{"taxonomy":"category","embeddable":true,"href":"https:\/\/wiy.com.br\/noticias\/wp-json\/wp\/v2\/categories?post=6738"},{"taxonomy":"post_tag","embeddable":true,"href":"https:\/\/wiy.com.br\/noticias\/wp-json\/wp\/v2\/tags?post=6738"}],"curies":[{"name":"wp","href":"https:\/\/api.w.org\/{rel}","templated":true}]}}