{"id":67371,"date":"2023-02-26T15:20:08","date_gmt":"2023-02-26T18:20:08","guid":{"rendered":"https:\/\/wiy.com.br\/noticias\/morre-lauro-braga-irmao-de-roberto-carlos\/"},"modified":"2021-03-11T18:18:17","modified_gmt":"2021-03-11T21:18:17","slug":"morre-lauro-braga-irmao-de-roberto-carlos","status":"publish","type":"post","link":"https:\/\/wiy.com.br\/noticias\/morre-lauro-braga-irmao-de-roberto-carlos\/","title":{"rendered":"Morre Lauro Braga, irm\u00e3o de Roberto Carlos"},"content":{"rendered":"<p> <br \/>\n<\/p>\n<p><strong>Lauro Braga<\/strong>, 89, morreu no in\u00edcio da tarde desta quinta-feira (11). O irm\u00e3o mais velho de <strong>Roberto Carlos<\/strong> estava internado em um hospital da Zona Sul do<strong> Rio de Janeiro<\/strong> h\u00e1 cerca de quatro meses, depois de ter <strong>meningite<\/strong> e sofrer um <strong>AVC<\/strong>.<\/p>\n<p>Ele era o irm\u00e3o mais velho entre quatro: al\u00e9m de Lauro, o cantor tem tamb\u00e9m Norma Moreira Braga e Carlos Alberto Braga como irm\u00e3os, sendo Roberto Carlos o ca\u00e7ula, com 79 anos de idade.<\/p>\n<p><strong>Dudu Braga<\/strong>, filho do artista, publicou nas redes sociais uma foto do pai e seu tio Lauro, al\u00e9m de Carlos. &#8220;Meu tio sempre foi um exemplo de vitalidade e estamos muito tristes com a sua partida. Que Deus o tenha e o aben\u00e7oe sempre!&#8221;, escreveu.<\/p>\n<blockquote class=\"instagram-media\" data-instgrm-captioned data-instgrm-permalink=\"https:\/\/www.instagram.com\/p\/CMSn_UPlTlF\/?utm_source=ig_embed&amp;utm_campaign=loading\" data-instgrm-version=\"13\">\n<div> <a href=\"https:\/\/www.instagram.com\/p\/CMSn_UPlTlF\/?utm_source=ig_embed&amp;utm_campaign=loading\" target=\"_blank\" rel=\"noopener noreferrer\"> <\/p>\n<div>\n<div><\/div>\n<div>\n<div><\/div>\n<div><\/div>\n<\/div>\n<\/div>\n<div><\/div>\n<div><\/div>\n<div>\n<div> View this post on Instagram<\/div>\n<\/div>\n<div><\/div>\n<div>\n<div>\n<div><\/div>\n<div><\/div>\n<div><\/div>\n<\/div>\n<div>\n<div><\/div>\n<div><\/div>\n<\/div>\n<div>\n<div><\/div>\n<div><\/div>\n<div><\/div>\n<\/div>\n<\/div>\n<div>\n<div><\/div>\n<div><\/div>\n<\/div>\n<p><\/a><\/p>\n<p><a href=\"https:\/\/www.instagram.com\/p\/CMSn_UPlTlF\/?utm_source=ig_embed&amp;utm_campaign=loading\" target=\"_blank\" rel=\"noopener noreferrer\">A post shared by Dudu Braga (@dudubraga2)<\/a><\/p>\n<div class=\"ads post-ads\"><span class=\"title\">Continua ap\u00f3s a publicidade<\/span><\/p>\n<div id=\"abrAD_rectangle2\" class=\"abrAD\" data-ad-><\/div>\n<\/div>\n<\/div>\n<\/blockquote>\n<p>&nbsp;<\/p>\n<p>&nbsp;<\/p>\n<p>&nbsp;<\/p>\n<p>&nbsp;<\/p>\n<p>&nbsp;<\/p>\n<div id=\"mais_lidas\" class=\"block related-posts mais-lidas\">\n<ul class=\"block-menu\">\n<li data-tab=\"tab-1\" class=\"active\">Mais lidas<\/li>\n<\/ul>\n<div id=\"tab-1\" class=\"block-content active\">\n<div class=\"row\">\n<div class=\"col-s-12 col-l-3\"><a href=\"https:\/\/vejasp.abril.com.br\/saude\/sao-paulo-fase-roxa-coronavirus\/\" class=\"card\"><span class=\"category hide-s\">Sa\u00fade<\/span><img title = \"[Tags]\"data-src=\"https:\/\/vejasp.abril.com.br\/wp-content\/uploads\/2020\/05\/joao-doria-lockdown-04.jpg?quality=70&amp;strip=info&amp;w=600&amp;h=350&amp;crop=1\"alt = \"joao-doria-lockdown-04 Morre Lauro Braga, irm\u00e3o de Roberto Carlos\" class=\"lazyload media\"><span class=\"category hide-l\">Sa\u00fade<\/span><span class=\"title\">SP avalia implementar fase roxa nesta semana, com mais restri\u00e7\u00f5es<\/span><\/a><\/div>\n<div class=\"col-s-12 col-l-3\"><a href=\"https:\/\/vejasp.abril.com.br\/cidades\/sao-paulo-fase-emergencial\/\" class=\"card\"><span class=\"category hide-s\">Cidades<\/span><img title = \"[Tags]\"data-src=\"https:\/\/vejasp.abril.com.br\/wp-content\/uploads\/2021\/02\/50970111896_90c08b0e08_c.jpg?quality=70&amp;strip=info&amp;w=680&amp;h=453&amp;crop=1\"alt = \"joao-doria-lockdown-04 Morre Lauro Braga, irm\u00e3o de Roberto Carlos\" class=\"lazyload media\"><span class=\"category hide-l\">Cidades<\/span><span class=\"title\">Doria anuncia toque de recolher e pro\u00edbe cultos religiosos e futebol<\/span><\/a><\/div>\n<div class=\"col-s-12 col-l-3\"><a href=\"https:\/\/vejasp.abril.com.br\/blog\/arnaldo-lorencato\/mundo-pao-do-olivier-fecha-as-portas\/\" class=\"card\"><span class=\"category hide-s\">Comida &amp; Bebida<\/span><img title = \"[Tags]\"data-src=\"https:\/\/vejasp.abril.com.br\/wp-content\/uploads\/2021\/03\/mundo-pao-do-olivier.jpg?quality=70&amp;strip=info&amp;w=680&amp;h=453&amp;crop=1\"alt = \"joao-doria-lockdown-04 Morre Lauro Braga, irm\u00e3o de Roberto Carlos\" class=\"lazyload media\"><span class=\"category hide-l\">Comida &amp; Bebida<\/span><span class=\"title\">Olivier Anquier fecha padaria na Pra\u00e7a da Rep\u00fablica<\/span><\/a><\/div>\n<div class=\"col-s-12 col-l-3\"><a href=\"https:\/\/vejasp.abril.com.br\/cultura-lazer\/morre-leo-rosa-37-anos\/\" class=\"card\"><span class=\"category hide-s\">Cultura &amp; Lazer<\/span><img title = \"[Tags]\"data-src=\"https:\/\/vejasp.abril.com.br\/wp-content\/uploads\/2021\/03\/leorosa09-03-2021_12.jpg?quality=70&amp;strip=info&amp;w=680&amp;h=453&amp;crop=1\"alt = \"joao-doria-lockdown-04 Morre Lauro Braga, irm\u00e3o de Roberto Carlos\" class=\"lazyload media\"><span class=\"category hide-l\">Cultura &amp; Lazer<\/span><span class=\"title\">Morre o ator L\u00e9o Rosa, aos 37 anos, ap\u00f3s luta contra c\u00e2ncer<\/span><\/a><\/div>\n<\/div>\n<\/div>\n<\/div>\n<div class=\"ads post-ads\"><span class=\"title\">Continua ap\u00f3s a publicidade<\/span><\/p>\n<div id=\"abrAD_rectangle3\" class=\"abrAD\" data-ad-><\/div>\n<\/div>\n<p><script async defer src=\"http:\/\/platform.instagram.com\/en_US\/embeds.js\"><\/script><br \/>\n<br \/><br \/>\n<br \/><a href=\"https:\/\/vejasp.abril.com.br\/cidades\/morre-lauro-braga-irmao-roberto-carlos\/\">Fonte do Artigo <\/a><br \/>\nTags:<br \/>\n#loterias #loteriascaixa #megasena #resultadoapostas#noticias #noticiario  #noticia #brasil #noticiascolombia #mundo #esporte #colombia #noticiadeld #ltimasnoticias  #noticiario #noticiasregionales #noticiasdepartamentales #noticiashoy #esportes #noticiaahora #elinformantenoticias #noticiasdeboyac  #esporteinterativo #esportivo #diariodosesportes  #noticiero  #jogodefutebol #jogos #loto #apostas<\/p>\n","protected":false},"excerpt":{"rendered":"<p>Lauro Braga, 89, morreu no in\u00edcio da tarde desta quinta-feira (11). O irm\u00e3o mais velho de Roberto Carlos estava internado em um hospital da Zona Sul do Rio de Janeiro h\u00e1 cerca de quatro meses, depois de ter meningite e sofrer um AVC. Ele era o irm\u00e3o mais velho entre quatro: al\u00e9m de Lauro, o [&hellip;]<\/p>\n","protected":false},"author":1,"featured_media":67372,"comment_status":"open","ping_status":"open","sticky":false,"template":"","format":"standard","meta":{"footnotes":""},"categories":[1],"tags":[],"class_list":["post-67371","post","type-post","status-publish","format-standard","has-post-thumbnail","hentry","category-curso-de-copy"],"_links":{"self":[{"href":"https:\/\/wiy.com.br\/noticias\/wp-json\/wp\/v2\/posts\/67371","targetHints":{"allow":["GET"]}}],"collection":[{"href":"https:\/\/wiy.com.br\/noticias\/wp-json\/wp\/v2\/posts"}],"about":[{"href":"https:\/\/wiy.com.br\/noticias\/wp-json\/wp\/v2\/types\/post"}],"author":[{"embeddable":true,"href":"https:\/\/wiy.com.br\/noticias\/wp-json\/wp\/v2\/users\/1"}],"replies":[{"embeddable":true,"href":"https:\/\/wiy.com.br\/noticias\/wp-json\/wp\/v2\/comments?post=67371"}],"version-history":[{"count":0,"href":"https:\/\/wiy.com.br\/noticias\/wp-json\/wp\/v2\/posts\/67371\/revisions"}],"wp:featuredmedia":[{"embeddable":true,"href":"https:\/\/wiy.com.br\/noticias\/wp-json\/wp\/v2\/media\/67372"}],"wp:attachment":[{"href":"https:\/\/wiy.com.br\/noticias\/wp-json\/wp\/v2\/media?parent=67371"}],"wp:term":[{"taxonomy":"category","embeddable":true,"href":"https:\/\/wiy.com.br\/noticias\/wp-json\/wp\/v2\/categories?post=67371"},{"taxonomy":"post_tag","embeddable":true,"href":"https:\/\/wiy.com.br\/noticias\/wp-json\/wp\/v2\/tags?post=67371"}],"curies":[{"name":"wp","href":"https:\/\/api.w.org\/{rel}","templated":true}]}}