{"id":67272,"date":"2023-02-26T15:14:30","date_gmt":"2023-02-26T18:14:30","guid":{"rendered":"https:\/\/wiy.com.br\/noticias\/governadores-estudam-medidas-contra-pandemia-do-novo-coronavirus\/"},"modified":"2021-03-09T21:35:17","modified_gmt":"2021-03-10T00:35:17","slug":"governadores-estudam-medidas-contra-pandemia-do-novo-coronavirus","status":"publish","type":"post","link":"https:\/\/wiy.com.br\/noticias\/governadores-estudam-medidas-contra-pandemia-do-novo-coronavirus\/","title":{"rendered":"Governadores estudam medidas contra pandemia do novo coronav\u00edrus"},"content":{"rendered":"<p> <br \/>\n<\/p>\n<p>Na segunda-feira (8), os governadores de 23 Estados brasileiros anunciaram a cria\u00e7\u00e3o de um <a rel=\"noreferrer noopener\" href=\"https:\/\/olhardigital.com.br\/2021\/03\/08\/medicina-e-saude\/governadores-se-unem-para-conter-pandemia-sem-apoio-federal\/\" target=\"_blank\">pacto nacional<\/a> para frear a propaga\u00e7\u00e3o do novo coronav\u00edrus. Al\u00e9m disso, come\u00e7aram a compartilhar as propostas de medidas contra a pandemia, levantadas a partir de di\u00e1logos com prefeitos de diferentes cidades.<\/p>\n<p>Isso significa que o debate sobre as restri\u00e7\u00f5es conjuntas pode iniciar j\u00e1 nesta ter\u00e7a-feira (9). As primeiras sugest\u00f5es foram enviadas em um grupo de WhatsApp que re\u00fane os representantes estaduais e cont\u00eam oito pontos iniciais.<\/p>\n<p>A uni\u00e3o dos governadores, que inclui at\u00e9 antigos apoiadores do presidente Jair Bolsonaro, ocorre em um momento cr\u00edtico. Nas \u00faltimas 24 horas, o Brasil teve um recorde de <a rel=\"noreferrer noopener\" href=\"https:\/\/olhardigital.com.br\/2021\/03\/09\/coronavirus\/covid-19-brasil-tem-novo-recorde-com-1-972-mortes-nas-ultimas-24h-total-ultrapassa-268-mil\/\" target=\"_blank\">1.972 mortes<\/a> por Covid-19, que leva o total de \u00f3bitos a 268.370. <\/p>\n<p>Na semana passada, representantes de 14 Estados j\u00e1 haviam assinado uma carta pedindo a ado\u00e7\u00e3o de medidas contra a pandemia e o refor\u00e7o nos esfor\u00e7os para a compra de mais vacinas. <\/p>\n<figure class=\"wp-block-image size-large\"><img title = \"[Tags]\"decoding=\"async\" loading=\"lazy\" width=\"680\" height=\"453\" src=\"https:\/\/img.olhardigital.com.br\/wp-content\/uploads\/2021\/03\/Encontro-Uniao-Quimica.jpeg\"alt = \"Encontro-Uniao-Quimica Governadores estudam medidas contra pandemia do novo coronav\u00edrus\" class=\"wp-image-140680\" \/><figcaption>Governadores debatem medidas contra pandemia. Cr\u00e9ditos: Governo do Piau\u00ed\/Reprodu\u00e7\u00e3o<\/figcaption><\/figure>\n<h2 id=\"h-medidas-contra-a-pandemia\">Medidas contra a pandemia<\/h2>\n<p>O primeiro ponto de debate entre os governadores \u00e9 tornar obrigat\u00f3rio o uso de m\u00e1scaras em todos os Estados, com a aplica\u00e7\u00e3o de multas em caso de descumprimento. Em seguida, devem vir poss\u00edveis restri\u00e7\u00f5es de atividades e de circula\u00e7\u00e3o das 21h \u00e0s 6h. <\/p>\n<p>Outra medida que est\u00e1 na lista dos governadores \u00e9 o afastamento de profissionais que estiverem em grupos de risco. Eles estudam, ainda, a possibilidade de colocar funcion\u00e1rios dos setores p\u00fablico e privado em trabalho remoto. <\/p>\n<p>Os mandat\u00e1rios estaduais devem analisar a suspens\u00e3o de campeonatos esportivos e aulas presenciais por 14 dias. Em S\u00e3o Paulo, a <a rel=\"noreferrer noopener\" href=\"https:\/\/olhardigital.com.br\/2021\/01\/13\/noticias\/sao-paulo-investimento-tecnologia-volta-aulas\/\" target=\"_blank\">retomada das aulas<\/a> da rede estadual ocorreu em fevereiro e as prefeituras que n\u00e3o reabriram as escolas tiveram de apresentar justificativas epidemiol\u00f3gicas. Por fim, devem entrar em debate a cria\u00e7\u00e3o de uma campanha publicit\u00e1ria e a imposi\u00e7\u00e3o de barreiras sanit\u00e1rias em rodovi\u00e1rias e aeroportos. <\/p>\n<p>Al\u00e9m da articula\u00e7\u00e3o conjunta de restri\u00e7\u00f5es contra a pandemia, o pacto firmado pelos governadores inclui a forma\u00e7\u00e3o de um cons\u00f3rcio para a libera\u00e7\u00e3o e a compra da&nbsp;<a href=\"https:\/\/olhardigital.com.br\/2021\/03\/03\/coronavirus\/estados-buscam-agilizar-liberacao-da-producao-da-sputnik-v-no-brasil\/\">Sputnik V<\/a>. Atualmente, os brasileiros s\u00e3o vacinados com a Coronavac e a Covishield (ambas com libera\u00e7\u00e3o para uso emergencial), e a Pfizer \u00e9 a \u00fanica farmac\u00eautica cujo imunizante tem registro definitivo para uso no pa\u00eds.<\/p>\n<p>Via:<strong> <\/strong><em><a rel=\"noreferrer noopener\" href=\"https:\/\/veja.abril.com.br\/blog\/radar\/veja-quais-medidas-de-restricao-sao-estudadas-pelos-governadores\/\" target=\"_blank\">Veja<\/a><\/em><\/p>\n<\/p>\n<p>O post <a rel=\"nofollow\" href=\"https:\/\/olhardigital.com.br\/2021\/03\/09\/medicina-e-saude\/governadores-estudam-medidas-contra-pandemia-do-novo-coronavirus\/\">Governadores estudam medidas contra pandemia do novo coronav\u00edrus<\/a> apareceu primeiro em <a rel=\"nofollow\" href=\"https:\/\/olhardigital.com.br\">Olhar Digital<\/a>.<\/p>\n<p><br \/>\n<br \/><a href=\"https:\/\/olhardigital.com.br\/2021\/03\/09\/medicina-e-saude\/governadores-estudam-medidas-contra-pandemia-do-novo-coronavirus\/\">Fonte do Artigo <\/a><br \/>\nTags:<\/p>\n<p><a href=\"https:\/\/wiy.com.br\/noticias\/categoria\/tecnologia\/\">#tecnologia<\/a> <a href=\"https:\/\/wiy.com.br\/noticias\/categoria\/tecnologia\/\">#tecnologias<\/a> <a href=\"https:\/\/wiy.com.br\/noticias\/categoria\/tecnologia\/\">#technology<\/a> <a href=\"https:\/\/wiy.com.br\/noticias\/categoria\/tecnologia\/\">#tecnolog<\/a> <a href=\"https:\/\/wiy.com.br\/noticias\/categoria\/tecnologia\/\">#iphone<\/a> <a href=\"https:\/\/wiy.com.br\/noticias\/categoria\/tecnologia\/\">#informatica<\/a> <a href=\"https:\/\/wiy.com.br\/noticias\/categoria\/tecnologia\/\">#tech<\/a> <a href=\"https:\/\/wiy.com.br\/noticias\/categoria\/tecnologia\/\">#design<\/a> <a href=\"https:\/\/wiy.com.br\/noticias\/categoria\/tecnologia\/\">#samsung<\/a> <a href=\"https:\/\/wiy.com.br\/noticias\/categoria\/tecnologia\/\">#internet<\/a> <a href=\"https:\/\/wiy.com.br\/noticias\/categoria\/tecnologia\/\">#apple<\/a> <a href=\"https:\/\/wiy.com.br\/noticias\/categoria\/tecnologia\/\">#smartphone<\/a> <a href=\"https:\/\/wiy.com.br\/noticias\/categoria\/tecnologia\/\">#seguranca<\/a> <a href=\"https:\/\/wiy.com.br\/noticias\/categoria\/tecnologia\/\">#venezuela<\/a> <a href=\"https:\/\/wiy.com.br\/noticias\/categoria\/tecnologia\/\">#celular<\/a> <a href=\"https:\/\/wiy.com.br\/noticias\/categoria\/tecnologia\/\">#celulares<\/a> <a href=\"https:\/\/wiy.com.br\/noticias\/categoria\/tecnologia\/\">#inovar<\/a> <a href=\"https:\/\/wiy.com.br\/noticias\/categoria\/tecnologia\/\">#qualidade<\/a> <a href=\"https:\/\/wiy.com.br\/noticias\/categoria\/tecnologia\/\">#software<\/a> <a href=\"https:\/\/wiy.com.br\/noticias\/categoria\/tecnologia\/\">#empresas<\/a> <a href=\"https:\/\/wiy.com.br\/noticias\/categoria\/tecnologia\/\">#cursos<\/a> <a href=\"https:\/\/wiy.com.br\/noticias\/categoria\/tecnologia\/\">#engenharia<\/a> <a href=\"https:\/\/wiy.com.br\/noticias\/categoria\/tecnologia\/\">#industria<\/a> <a href=\"https:\/\/wiy.com.br\/noticias\/categoria\/tecnologia\/\">#marketing<\/a> <a href=\"https:\/\/wiy.com.br\/noticias\/categoria\/tecnologia\/\">#ti<\/a> <a href=\"https:\/\/wiy.com.br\/noticias\/categoria\/tecnologia\/\">#tecnoblog<\/a> <a href=\"https:\/\/wiy.com.br\/noticias\/categoria\/tecnologia\/\">#veja<\/a> <a href=\"https:\/\/wiy.com.br\/noticias\/categoria\/tecnologia\/\">#olhardigital<\/a> <a href=\"https:\/\/wiy.com.br\/noticias\/categoria\/tecnologia\/\">#mundodigital<\/a> <a href=\"https:\/\/wiy.com.br\/noticias\/categoria\/tecnologia\/\">#inteligenciaartificial<\/a> <a href=\"https:\/\/wiy.com.br\/criacao-de-sites\/\">#criar site<\/a> <a href=\"https:\/\/wiy.com.br\/criacao-de-sites\/\">#criar site curitiba<\/a> <a href=\"https:\/\/wiy.com.br\/criacao-de-sites\/\">#wiysolutions<\/a><\/p>\n","protected":false},"excerpt":{"rendered":"<p>Na segunda-feira (8), os governadores de 23 Estados brasileiros anunciaram a cria\u00e7\u00e3o de um pacto nacional para frear a propaga\u00e7\u00e3o do novo coronav\u00edrus. Al\u00e9m disso, come\u00e7aram a compartilhar as propostas de medidas contra a pandemia, levantadas a partir de di\u00e1logos com prefeitos de diferentes cidades. Isso significa que o debate sobre as restri\u00e7\u00f5es conjuntas pode [&hellip;]<\/p>\n","protected":false},"author":1,"featured_media":67273,"comment_status":"open","ping_status":"open","sticky":false,"template":"","format":"standard","meta":{"footnotes":""},"categories":[5],"tags":[],"class_list":["post-67272","post","type-post","status-publish","format-standard","has-post-thumbnail","hentry","category-tecnologia"],"_links":{"self":[{"href":"https:\/\/wiy.com.br\/noticias\/wp-json\/wp\/v2\/posts\/67272","targetHints":{"allow":["GET"]}}],"collection":[{"href":"https:\/\/wiy.com.br\/noticias\/wp-json\/wp\/v2\/posts"}],"about":[{"href":"https:\/\/wiy.com.br\/noticias\/wp-json\/wp\/v2\/types\/post"}],"author":[{"embeddable":true,"href":"https:\/\/wiy.com.br\/noticias\/wp-json\/wp\/v2\/users\/1"}],"replies":[{"embeddable":true,"href":"https:\/\/wiy.com.br\/noticias\/wp-json\/wp\/v2\/comments?post=67272"}],"version-history":[{"count":0,"href":"https:\/\/wiy.com.br\/noticias\/wp-json\/wp\/v2\/posts\/67272\/revisions"}],"wp:featuredmedia":[{"embeddable":true,"href":"https:\/\/wiy.com.br\/noticias\/wp-json\/wp\/v2\/media\/67273"}],"wp:attachment":[{"href":"https:\/\/wiy.com.br\/noticias\/wp-json\/wp\/v2\/media?parent=67272"}],"wp:term":[{"taxonomy":"category","embeddable":true,"href":"https:\/\/wiy.com.br\/noticias\/wp-json\/wp\/v2\/categories?post=67272"},{"taxonomy":"post_tag","embeddable":true,"href":"https:\/\/wiy.com.br\/noticias\/wp-json\/wp\/v2\/tags?post=67272"}],"curies":[{"name":"wp","href":"https:\/\/api.w.org\/{rel}","templated":true}]}}