{"id":67074,"date":"2023-02-26T15:10:30","date_gmt":"2023-02-26T18:10:30","guid":{"rendered":"https:\/\/wiy.com.br\/noticias\/estamos-em-guerra-pela-vida-diz-governo-sobre-protesto-contra-fase-vermelha\/"},"modified":"2021-03-05T10:32:21","modified_gmt":"2021-03-05T13:32:21","slug":"estamos-em-guerra-pela-vida-diz-governo-sobre-protesto-contra-fase-vermelha","status":"publish","type":"post","link":"https:\/\/wiy.com.br\/noticias\/estamos-em-guerra-pela-vida-diz-governo-sobre-protesto-contra-fase-vermelha\/","title":{"rendered":"\u2018Estamos em guerra pela vida\u2019, diz governo sobre protesto contra fase vermelha"},"content":{"rendered":"<p> <br \/>\n<\/p>\n<div class=\"mc-column content-text active-extra-styles \" data-block-type=\"unstyled\" data-block-weight=\"59\" data-block-id=\"2\">\n<p data-track-category=\"Link no Texto\" data-track-links=\"\">Na manh\u00e3 desta sexta-feira (5), um <a href=\"https:\/\/vejasp.abril.com.br\/blog\/poder-sp\/caminhoneiros-protestam-e-causam-no-no-transito-das-marginais\/\">grupo de caminhoneiros fez um <strong>protesto<\/strong> na <strong>Marginal Tiet\u00ea<\/strong><\/a> contra as medidas de <a href=\"https:\/\/vejasp.abril.com.br\/cidades\/fase-vermelha-sao-paulo-lockdown\/\">endurecimento da quarentena em S\u00e3o Paulo por causa da Covid-19<\/a>. \u00c0 meia-noite, todo o estado entra na <strong>fase vermelha<\/strong>.\u00a0Os manifestantes chegaram a bloquear as pistas expressa, central e local.<\/p>\n<p data-track-category=\"Link no Texto\" data-track-links=\"\">O protesto teve in\u00edcio \u00e0s 5h30 da manh\u00e3 na<strong> Rodovia Castello Branco<\/strong>. \u00c0s 6h, o congestionamento nas marginais e na Castello j\u00e1 chegava a 10 quil\u00f4metros. A Pol\u00edcia Militar e a Companhia de Engenharia de Tr\u00e1fego (CET) estavam no local.<\/p>\n<p data-track-category=\"Link no Texto\" data-track-links=\"\">Em entrevista \u00e0 TV Globo, a secret\u00e1ria estadual de Desenvolvimento Econ\u00f4mico, <strong>Patr\u00edcia Ellen<\/strong>, disse que n\u00e3o h\u00e1 como S\u00e3o Paulo n\u00e3o regredir para a fase vermelha no momento mais cr\u00edtico da pandemia.<\/p>\n<div class=\"mc-column content-text active-extra-styles \" data-block-type=\"unstyled\" data-block-weight=\"66\" data-block-id=\"3\">\n<p data-track-category=\"Link no Texto\" data-track-links=\"\"><span class=\"highlight highlighted\">\u201cN\u00e3o h\u00e1 hip\u00f3tese de n\u00e3o ter fase vermelha.<\/span><span>\u00a0<\/span>(&#8230;) N\u00f3s tivemos o maior aumento de interna\u00e7\u00f5es em leitos de UTI Covid desde o in\u00edcio da pandemia e n\u00e3o \u00e9 somente de idosos, \u00e9 de jovens, de adultos. Todos est\u00e3o adoecendo e n\u00f3s n\u00e3o teremos leitos para a popula\u00e7\u00e3o se n\u00f3s n\u00e3o fizermos a nossa parte\u201d, afirmou a secret\u00e1ria.<\/p>\n<div class=\"mc-column content-text active-extra-styles \" data-block-type=\"unstyled\" data-block-weight=\"35\" data-block-id=\"6\">\n<p data-track-category=\"Link no Texto\" data-track-links=\"\"><span class=\"highlight highlighted\">&#8220;N\u00e3o \u00e9 uma discuss\u00e3o de flexibiliza\u00e7\u00e3o neste momento.<span>\u00a0<\/span><\/span>Estamos em uma opera\u00e7\u00e3o de guerra, uma guerra pela vida. A discuss\u00e3o \u00e9: s\u00f3 podemos operar com o m\u00ednimo necess\u00e1rio para manter as cidades funcionando&#8221;, disse.<\/p>\n<div id=\"relacionadas\" class=\"block related-posts three_columns\">\n<ul class=\"block-menu\">\n<li data-tab=\"tab-1\" class=\"active\">Relacionadas<\/li>\n<\/ul>\n<div id=\"tab-1\" class=\"block-content active\">\n<div class=\"row\">\n<li class=\"widget-news-item without-thumb with-border\">\n<div class=\"widget-news-info\"><a href=\"http:\/\/vejasp.abril.com.br\/cidades\">Cidades<\/a><span class=\"widget-news-item-title\"><a href=\"https:\/\/vejasp.abril.com.br\/cidades\/capa-parque-augusta\/\">Prometido para julho, Parque Augusta agora tem disc\u00f3rdia por arquibancada<\/a><\/span><span class=\"widget-news-item-date\">5 mar 2021 &#8211; 04h03<\/span><\/div>\n<\/li>\n<li class=\"widget-news-item without-thumb with-border\">\n<div class=\"widget-news-info\"><a href=\"http:\/\/vejasp.abril.com.br\/consumo\">Consumo<\/a><span class=\"widget-news-item-title\"><a href=\"https:\/\/vejasp.abril.com.br\/consumo\/mes-das-mulheres-produtos\/\">M\u00eas das mulheres: produtos para exaltar o poder feminino<\/a><\/span><span class=\"widget-news-item-date\">5 mar 2021 &#8211; 02h03<\/span><\/div>\n<\/li>\n<li class=\"widget-news-item without-thumb with-border\">\n<div class=\"widget-news-info\"><a href=\"http:\/\/vejasp.abril.com.br\/saude\">Sa\u00fade<\/a><span class=\"widget-news-item-title\"><a href=\"https:\/\/vejasp.abril.com.br\/saude\/coronavirus-fase-vermelha-restricoes-praia\/\">Covid-19: com Fase Vermelha, praias paulistas ter\u00e3o restri\u00e7\u00f5es<\/a><\/span><span class=\"widget-news-item-date\">4 mar 2021 &#8211; 19h03<\/span><\/div>\n<\/li>\n<\/div>\n<\/div>\n<\/div>\n<\/div>\n<div class=\"content-ads content-ads--reveal\" data-block-type=\"ads\" data-block-id=\"7\"><\/div>\n<div class=\"mc-column content-text active-extra-styles \" data-block-type=\"unstyled\" data-block-weight=\"25\" data-block-id=\"8\"><\/div>\n<\/div>\n<div class=\"mc-column content-text active-extra-styles \" data-block-type=\"unstyled\" data-block-weight=\"45\" data-block-id=\"4\"><\/div>\n<div class=\"wall protected-content\">\n<div class=\"mc-column content-text active-extra-styles \" data-block-type=\"unstyled\" data-block-weight=\"66\" data-block-id=\"3\"><\/div>\n<\/div>\n<\/div>\n<div id=\"mais_lidas\" class=\"block related-posts mais-lidas\">\n<ul class=\"block-menu\">\n<li data-tab=\"tab-1\" class=\"active\">Mais lidas<\/li>\n<\/ul>\n<div id=\"tab-1\" class=\"block-content active\">\n<div class=\"row\">\n<div class=\"col-s-12 col-l-3\"><a href=\"https:\/\/vejasp.abril.com.br\/blog\/arnaldo-lorencato\/la-da-venda-fecha-as-portas\/\" class=\"card\"><span class=\"category hide-s\">Comida &amp; Bebida<\/span><img title = \"[Tags]\"data-src=\"https:\/\/vejasp.abril.com.br\/wp-content\/uploads\/2021\/03\/heloisa-bacellar.jpg?quality=70&amp;strip=info&amp;w=680&amp;h=453&amp;crop=1\"alt = \"heloisa-bacellar \u2018Estamos em guerra pela vida\u2019, diz governo sobre protesto contra fase vermelha\" class=\"lazyload media\"><span class=\"category hide-l\">Comida &amp; Bebida<\/span><span class=\"title\">A despedida do L\u00e1 da Venda<\/span><\/a><\/div>\n<div class=\"col-s-12 col-l-3\"><a href=\"https:\/\/vejasp.abril.com.br\/blog\/poder-sp\/justica-nega-progressao-de-pena-para-lindemberg-alves-fernandes\/\" class=\"card\"><span class=\"category hide-s\">Cidades<\/span><img title = \"[Tags]\"data-src=\"https:\/\/vejasp.abril.com.br\/wp-content\/uploads\/2021\/03\/WhatsApp-Image-2020-09-14-at-18.04.35.jpeg?quality=70&amp;strip=info&amp;w=680&amp;h=453&amp;crop=1\"alt = \"heloisa-bacellar \u2018Estamos em guerra pela vida\u2019, diz governo sobre protesto contra fase vermelha\" class=\"lazyload media\"><span class=\"category hide-l\">Cidades<\/span><span class=\"title\">Justi\u00e7a nega progress\u00e3o de pena para Lindemberg Alves Fernandes<\/span><\/a><\/div>\n<div class=\"col-s-12 col-l-3\"><a href=\"https:\/\/vejasp.abril.com.br\/cidades\/auge-pandemia-sao-paulo-lockdown\/\" class=\"card\"><span class=\"category hide-s\">Cidades<\/span><img title = \"[Tags]\"data-src=\"https:\/\/vejasp.abril.com.br\/wp-content\/uploads\/2020\/04\/sao_paulo_quarentena_covid_-_19_coronavirus2403209978.jpg?quality=70&amp;strip=info&amp;w=680&amp;h=453&amp;crop=1\"alt = \"heloisa-bacellar \u2018Estamos em guerra pela vida\u2019, diz governo sobre protesto contra fase vermelha\" class=\"lazyload media\"><span class=\"category hide-l\">Cidades<\/span><span class=\"title\">Na pior fase da pandemia, Doria avalia fechar todo o estado nesta semana<\/span><\/a><\/div>\n<div class=\"col-s-12 col-l-3\"><a href=\"https:\/\/vejasp.abril.com.br\/cultura-lazer\/geraldo-luis-internado-covid-19\/\" class=\"card\"><span class=\"category hide-s\">Cultura &amp; Lazer<\/span><img title = \"[Tags]\"data-src=\"https:\/\/vejasp.abril.com.br\/wp-content\/uploads\/2021\/03\/geraldo-luis-418x235-1.jpg?quality=70&amp;strip=info&amp;w=418&amp;h=235&amp;crop=1\"alt = \"heloisa-bacellar \u2018Estamos em guerra pela vida\u2019, diz governo sobre protesto contra fase vermelha\" class=\"lazyload media\"><span class=\"category hide-l\">Cultura &amp; Lazer<\/span><span class=\"title\">Geraldo Lu\u00eds \u00e9 internado com pneumonia por Covid-19<\/span><\/a><\/div>\n<\/div>\n<\/div>\n<\/div>\n<div class=\"ads post-ads\"><span class=\"title\">Continua ap\u00f3s a publicidade<\/span><\/p>\n<div id=\"abrAD_rectangle3\" class=\"abrAD\" data-ad-><\/div>\n<\/div>\n<p><br \/>\n<br \/><a href=\"https:\/\/vejasp.abril.com.br\/cidades\/manifestacao-fase-vermelha-sp\/\">Fonte do Artigo <\/a><br \/>\nTags:<br \/>\n#loterias #loteriascaixa #megasena #resultadoapostas#noticias #noticiario  #noticia #brasil #noticiascolombia #mundo #esporte #colombia #noticiadeld #ltimasnoticias  #noticiario #noticiasregionales #noticiasdepartamentales #noticiashoy #esportes #noticiaahora #elinformantenoticias #noticiasdeboyac  #esporteinterativo #esportivo #diariodosesportes  #noticiero  #jogodefutebol #jogos #loto #apostas<\/p>\n","protected":false},"excerpt":{"rendered":"<p>Na manh\u00e3 desta sexta-feira (5), um grupo de caminhoneiros fez um protesto na Marginal Tiet\u00ea contra as medidas de endurecimento da quarentena em S\u00e3o Paulo por causa da Covid-19. \u00c0 meia-noite, todo o estado entra na fase vermelha.\u00a0Os manifestantes chegaram a bloquear as pistas expressa, central e local. O protesto teve in\u00edcio \u00e0s 5h30 da [&hellip;]<\/p>\n","protected":false},"author":1,"featured_media":67075,"comment_status":"open","ping_status":"open","sticky":false,"template":"","format":"standard","meta":{"footnotes":""},"categories":[1],"tags":[],"class_list":["post-67074","post","type-post","status-publish","format-standard","has-post-thumbnail","hentry","category-curso-de-copy"],"_links":{"self":[{"href":"https:\/\/wiy.com.br\/noticias\/wp-json\/wp\/v2\/posts\/67074","targetHints":{"allow":["GET"]}}],"collection":[{"href":"https:\/\/wiy.com.br\/noticias\/wp-json\/wp\/v2\/posts"}],"about":[{"href":"https:\/\/wiy.com.br\/noticias\/wp-json\/wp\/v2\/types\/post"}],"author":[{"embeddable":true,"href":"https:\/\/wiy.com.br\/noticias\/wp-json\/wp\/v2\/users\/1"}],"replies":[{"embeddable":true,"href":"https:\/\/wiy.com.br\/noticias\/wp-json\/wp\/v2\/comments?post=67074"}],"version-history":[{"count":0,"href":"https:\/\/wiy.com.br\/noticias\/wp-json\/wp\/v2\/posts\/67074\/revisions"}],"wp:featuredmedia":[{"embeddable":true,"href":"https:\/\/wiy.com.br\/noticias\/wp-json\/wp\/v2\/media\/67075"}],"wp:attachment":[{"href":"https:\/\/wiy.com.br\/noticias\/wp-json\/wp\/v2\/media?parent=67074"}],"wp:term":[{"taxonomy":"category","embeddable":true,"href":"https:\/\/wiy.com.br\/noticias\/wp-json\/wp\/v2\/categories?post=67074"},{"taxonomy":"post_tag","embeddable":true,"href":"https:\/\/wiy.com.br\/noticias\/wp-json\/wp\/v2\/tags?post=67074"}],"curies":[{"name":"wp","href":"https:\/\/api.w.org\/{rel}","templated":true}]}}