{"id":67018,"date":"2023-02-26T15:32:07","date_gmt":"2023-02-26T18:32:07","guid":{"rendered":"https:\/\/wiy.com.br\/noticias\/pib-paulista-cresceu-04-em-2020-anuncia-governo-estadual\/"},"modified":"2021-03-04T13:12:47","modified_gmt":"2021-03-04T16:12:47","slug":"pib-paulista-cresceu-04-em-2020-anuncia-governo-estadual","status":"publish","type":"post","link":"https:\/\/wiy.com.br\/noticias\/pib-paulista-cresceu-04-em-2020-anuncia-governo-estadual\/","title":{"rendered":"PIB paulista cresceu 0,4% em 2020, anuncia governo estadual"},"content":{"rendered":"<p> <br \/>\n<\/p>\n<p>De acordo com c\u00e1lculos da Funda\u00e7\u00e3o Seade, o<strong> PIB do Estado de S\u00e3o Paulo<\/strong> registrou crescimento de 0,4% em 2020. Apesar de modesto, o resultado \u00e9 melhor do que o PIB nacional, que<span>\u00a0recuou 4,1%. Os dados foram apresentados pelo<\/span><span> governador Jo\u00e3o Doria (PSDB) em coletiva na manh\u00e3 desta quinta-feira (4).\u00a0<\/span><\/p>\n<p><span>O PIB paulista referente a 2020 \u00e9 o pior resultado desde 2016, quando o recuou chegou a 3,3%. O governo considerou o resultado bom, tendo em vista a crise provocada pela pandemia do coronav\u00edrus. O crescimento<\/span> foi puxado pelo setor de servi\u00e7os e tecnologia, que representa 77% da economia paulista e cresceu 1,8% ao ano. O setor\u00a0de agropecu\u00e1ria teve queda de 1,7% no ano passado e a ind\u00fastria recuou 2,9%.<\/p>\n<p>\u201cEnquanto o PIB do Brasil recuou 4,1%, o PIB do Estado de S\u00e3o Paulo avan\u00e7ou positivamente 0,4%. O crescimento econ\u00f4mico, em meio \u00e0 pandemia que devasta o pa\u00eds, \u00e9 um sinal de for\u00e7a da economia do Estado de S\u00e3o Paulo\u201d, disse Jo\u00e3o Doria.<\/p>\n<p>Henrique Meirelles, <span>secret\u00e1rio estadual da Fazenda e Planejamento, lembrou as restri\u00e7\u00f5es impostas pela Covid-19. <\/span>&#8220;Enfrentamos a pandemia, S\u00e3o Paulo caiu menos do que a m\u00e9dia brasileira e do que a m\u00e9dia mundial. Subiu mais r\u00e1pido e terminou o ano com crescimento positivo. Evidentemente que \u00e9 importante para a economia a vacina\u00e7\u00e3o\u201d, afirmou.<\/p>\n<div id=\"relacionadas\" class=\"block related-posts three_columns\">\n<ul class=\"block-menu\">\n<li data-tab=\"tab-1\" class=\"active\">Relacionadas<\/li>\n<\/ul>\n<div id=\"tab-1\" class=\"block-content active\">\n<div class=\"row\">\n<li class=\"widget-news-item without-thumb with-border\">\n<div class=\"widget-news-info\"><a href=\"http:\/\/vejasp.abril.com.br\/cultura-lazer\">Cultura &amp; Lazer<\/a><span class=\"widget-news-item-title\"><a href=\"https:\/\/vejasp.abril.com.br\/cultura-lazer\/principe-philip-cirurgia-coracao\/\">Pr\u00edncipe Philip passa por cirurgia no cora\u00e7\u00e3o aos 99 anos<\/a><\/span><span class=\"widget-news-item-date\">4 mar 2021 &#8211; 11h03<\/span><\/div>\n<\/li>\n<li class=\"widget-news-item without-thumb with-border\">\n<div class=\"widget-news-info\"><a href=\"http:\/\/vejasp.abril.com.br\/cidades\">Cidades<\/a><span class=\"widget-news-item-title\"><a href=\"https:\/\/vejasp.abril.com.br\/cidades\/rio-toque-de-recolher-covid\/\">Rio adota toque de recolher e pro\u00edbe quiosques e ambulantes nas praias<\/a><\/span><span class=\"widget-news-item-date\">4 mar 2021 &#8211; 11h03<\/span><\/div>\n<\/li>\n<li class=\"widget-news-item without-thumb with-border\">\n<div class=\"widget-news-info\"><a href=\"http:\/\/vejasp.abril.com.br\/saude\">Sa\u00fade<\/a><span class=\"widget-news-item-title\"><a href=\"https:\/\/vejasp.abril.com.br\/saude\/insumos-coronavac-sao-paulo\/\">Maior remessa de insumos para produ\u00e7\u00e3o da CoronaVac chega a S\u00e3o Paulo<\/a><\/span><span class=\"widget-news-item-date\">4 mar 2021 &#8211; 09h03<\/span><\/div>\n<\/li>\n<\/div>\n<\/div>\n<\/div>\n<div class=\"mc-column content-text active-extra-styles \" data-block-type=\"unstyled\" data-block-weight=\"30\" data-block-id=\"5\"><\/div>\n<div class=\"mc-column content-text active-extra-styles \" data-block-type=\"unstyled\" data-block-weight=\"17\" data-block-id=\"4\"><\/div>\n<div id=\"mais_lidas\" class=\"block related-posts mais-lidas\">\n<ul class=\"block-menu\">\n<li data-tab=\"tab-1\" class=\"active\">Mais lidas<\/li>\n<\/ul>\n<div id=\"tab-1\" class=\"block-content active\">\n<div class=\"row\">\n<div class=\"col-s-12 col-l-3\"><a href=\"https:\/\/vejasp.abril.com.br\/cidades\/auge-pandemia-sao-paulo-lockdown\/\" class=\"card\"><span class=\"category hide-s\">Cidades<\/span><img title = \"[Tags]\"data-src=\"https:\/\/vejasp.abril.com.br\/wp-content\/uploads\/2020\/04\/sao_paulo_quarentena_covid_-_19_coronavirus2403209978.jpg?quality=70&amp;strip=info&amp;w=680&amp;h=453&amp;crop=1\"alt = \"sao_paulo_quarentena_covid_-_19_coronavirus2403209978 PIB paulista cresceu 0,4% em 2020, anuncia governo estadual\" class=\"lazyload media\"><span class=\"category hide-l\">Cidades<\/span><span class=\"title\">Na pior fase da pandemia, Doria avalia fechar todo o estado nesta semana<\/span><\/a><\/div>\n<div class=\"col-s-12 col-l-3\"><a href=\"https:\/\/vejasp.abril.com.br\/cidades\/fase-vermelha-sao-paulo-lockdown\/\" class=\"card\"><span class=\"category hide-s\">Cidades<\/span><img title = \"[Tags]\"data-src=\"https:\/\/vejasp.abril.com.br\/wp-content\/uploads\/2021\/01\/25MARCO_25.JPG.jpg?quality=70&amp;strip=info&amp;w=680&amp;h=453&amp;crop=1\"alt = \"sao_paulo_quarentena_covid_-_19_coronavirus2403209978 PIB paulista cresceu 0,4% em 2020, anuncia governo estadual\" class=\"lazyload media\"><span class=\"category hide-l\">Cidades<\/span><span class=\"title\">Em momento dram\u00e1tico da Covid-19, S\u00e3o Paulo volta a fechar com\u00e9rcio<\/span><\/a><\/div>\n<div class=\"col-s-12 col-l-3\"><a href=\"https:\/\/vejasp.abril.com.br\/saude\/hospital-santa-catarina-colapso\/\" class=\"card\"><span class=\"category hide-s\">Sa\u00fade<\/span><img title = \"[Tags]\"data-src=\"https:\/\/vejasp.abril.com.br\/wp-content\/uploads\/2021\/03\/fachada.jpg?quality=70&amp;strip=info&amp;w=680&amp;h=453&amp;crop=1\"alt = \"sao_paulo_quarentena_covid_-_19_coronavirus2403209978 PIB paulista cresceu 0,4% em 2020, anuncia governo estadual\" class=\"lazyload media\"><span class=\"category hide-l\">Sa\u00fade<\/span><span class=\"title\">&#8216;N\u00e3o iremos viver uma cat\u00e1strofe, j\u00e1 estamos nela&#8217;, diz hospital em colapso<\/span><\/a><\/div>\n<div class=\"col-s-12 col-l-3\"><a href=\"https:\/\/vejasp.abril.com.br\/blog\/arnaldo-lorencato\/dono-do-ponto-chic-morre-covid-19\/\" class=\"card\"><span class=\"category hide-s\">Comida &amp; Bebida<\/span><img title = \"[Tags]\"data-src=\"https:\/\/vejasp.abril.com.br\/wp-content\/uploads\/2021\/03\/WhatsApp-Image-2021-03-03-at-13.26.31.jpeg?quality=70&amp;strip=info&amp;w=680&amp;h=453&amp;crop=1\"alt = \"sao_paulo_quarentena_covid_-_19_coronavirus2403209978 PIB paulista cresceu 0,4% em 2020, anuncia governo estadual\" class=\"lazyload media\"><span class=\"category hide-l\">Comida &amp; Bebida<\/span><span class=\"title\">Mem\u00f3ria: dono do cl\u00e1ssico Ponto Chic morre de complica\u00e7\u00f5es da Covid-19<\/span><\/a><\/div>\n<\/div>\n<\/div>\n<\/div>\n<div class=\"ads post-ads\"><span class=\"title\">Continua ap\u00f3s a publicidade<\/span><\/p>\n<div id=\"abrAD_rectangle3\" class=\"abrAD\" data-ad-><\/div>\n<\/div>\n<p><br \/>\n<br \/><a href=\"https:\/\/vejasp.abril.com.br\/cidades\/pib-paulista-crescimento-2020\/\">Fonte do Artigo <\/a><br \/>\nTags:<br \/>\n#loterias #loteriascaixa #megasena #resultadoapostas#noticias #noticiario  #noticia #brasil #noticiascolombia #mundo #esporte #colombia #noticiadeld #ltimasnoticias  #noticiario #noticiasregionales #noticiasdepartamentales #noticiashoy #esportes #noticiaahora #elinformantenoticias #noticiasdeboyac  #esporteinterativo #esportivo #diariodosesportes  #noticiero  #jogodefutebol #jogos #loto #apostas<\/p>\n","protected":false},"excerpt":{"rendered":"<p>De acordo com c\u00e1lculos da Funda\u00e7\u00e3o Seade, o PIB do Estado de S\u00e3o Paulo registrou crescimento de 0,4% em 2020. Apesar de modesto, o resultado \u00e9 melhor do que o PIB nacional, que\u00a0recuou 4,1%. Os dados foram apresentados pelo governador Jo\u00e3o Doria (PSDB) em coletiva na manh\u00e3 desta quinta-feira (4).\u00a0 O PIB paulista referente a [&hellip;]<\/p>\n","protected":false},"author":1,"featured_media":67019,"comment_status":"open","ping_status":"open","sticky":false,"template":"","format":"standard","meta":{"footnotes":""},"categories":[1],"tags":[],"class_list":["post-67018","post","type-post","status-publish","format-standard","has-post-thumbnail","hentry","category-curso-de-copy"],"_links":{"self":[{"href":"https:\/\/wiy.com.br\/noticias\/wp-json\/wp\/v2\/posts\/67018","targetHints":{"allow":["GET"]}}],"collection":[{"href":"https:\/\/wiy.com.br\/noticias\/wp-json\/wp\/v2\/posts"}],"about":[{"href":"https:\/\/wiy.com.br\/noticias\/wp-json\/wp\/v2\/types\/post"}],"author":[{"embeddable":true,"href":"https:\/\/wiy.com.br\/noticias\/wp-json\/wp\/v2\/users\/1"}],"replies":[{"embeddable":true,"href":"https:\/\/wiy.com.br\/noticias\/wp-json\/wp\/v2\/comments?post=67018"}],"version-history":[{"count":0,"href":"https:\/\/wiy.com.br\/noticias\/wp-json\/wp\/v2\/posts\/67018\/revisions"}],"wp:featuredmedia":[{"embeddable":true,"href":"https:\/\/wiy.com.br\/noticias\/wp-json\/wp\/v2\/media\/67019"}],"wp:attachment":[{"href":"https:\/\/wiy.com.br\/noticias\/wp-json\/wp\/v2\/media?parent=67018"}],"wp:term":[{"taxonomy":"category","embeddable":true,"href":"https:\/\/wiy.com.br\/noticias\/wp-json\/wp\/v2\/categories?post=67018"},{"taxonomy":"post_tag","embeddable":true,"href":"https:\/\/wiy.com.br\/noticias\/wp-json\/wp\/v2\/tags?post=67018"}],"curies":[{"name":"wp","href":"https:\/\/api.w.org\/{rel}","templated":true}]}}