{"id":66854,"date":"2023-02-26T15:31:39","date_gmt":"2023-02-26T18:31:39","guid":{"rendered":"https:\/\/wiy.com.br\/noticias\/doria-assina-decreto-que-considera-igreja-como-atividade-essencial\/"},"modified":"2021-03-01T13:55:22","modified_gmt":"2021-03-01T16:55:22","slug":"doria-assina-decreto-que-considera-igreja-como-atividade-essencial","status":"publish","type":"post","link":"https:\/\/wiy.com.br\/noticias\/doria-assina-decreto-que-considera-igreja-como-atividade-essencial\/","title":{"rendered":"Doria assina decreto que considera igreja como atividade essencial"},"content":{"rendered":"<p> <br \/>\n<\/p>\n<p>O governador de S\u00e3o Paulo, <strong>Jo\u00e3o Doria,<\/strong> afirmou nesta segunda-feira (1), em suas redes sociais, que assinou um decreto que passa a considerar como essenciais as atividades religiosas de qualquer natureza.<\/p>\n<p>&#8220;Este \u00e9 o decreto que o governo do estado de S\u00e3o Paulo publicar\u00e1 amanh\u00e3, dia dois de mar\u00e7o, que reconhece a essencialidade de todas as igrejas no estado de S\u00e3o Paulo e o seu funcionamento, com a regularidade, obedecidos os crit\u00e9rios sanit\u00e1rios de prote\u00e7\u00e3o aos que dela participam. Esperan\u00e7a, f\u00e9, e ora\u00e7\u00e3o. Com vacinas vamos vencer a Covid&#8221;, disse o governador no v\u00eddeo postado.<\/p>\n<blockquote class=\"twitter-tweet\" data-width=\"500\" data-dnt=\"true\">\n<p lang=\"pt\" dir=\"ltr\">Assinei decreto que passa a considerar como essenciais as atividades religiosas de qualquer natureza, obedecidas as determina\u00e7\u00f5es sanit\u00e1rias e protocolos de sa\u00fade. <a href=\"https:\/\/t.co\/R7vTXIQQkS\">pic.twitter.com\/R7vTXIQQkS<\/a><\/p>\n<p>&mdash; Jo\u00e3o Doria (@jdoriajr) <a href=\"https:\/\/twitter.com\/jdoriajr\/status\/1366392219565973504?ref_src=twsrc%5Etfw\">March 1, 2021<\/a><\/p>\n<\/blockquote>\n<p><span>De acordo com o projeto de lei 299\/2020, enviado pela Assembleia Legislativa de S\u00e3o Paulo, as atividades religiosas realizadas tanto em templos quanto fora deles devem ser reconhecidas como essenciais e ser\u00e3o mantidas em momentos de crise. &#8220;A f\u00e9 exerce papel fundamental como fator de equil\u00edbrio psicoemocional \u00e0 popula\u00e7\u00e3o&#8221;, afirma o texto.\u00a0<\/span><\/p>\n<p>Mat\u00e9ria publicada na <em>Folha de S. Paulo<\/em> mostra que Jo\u00e3o Doria vem perdendo apoio das igrejas. O respaldo de l\u00edderes evang\u00e9licos \u00e9 importante para as elei\u00e7\u00f5es presidenciais de 2022, nas quais o tucano deve se lan\u00e7ar candidato.<\/p>\n<p><b>+<\/b><a href=\"https:\/\/abr.ai\/assine-vejasp\"><b>Assine a Vejinha a partir de 6,90<\/b><\/a><b>.<\/b><\/p>\n<div id=\"relacionadas\" class=\"block related-posts three_columns\">\n<ul class=\"block-menu\">\n<li data-tab=\"tab-1\" class=\"active\">Relacionadas<\/li>\n<\/ul>\n<div id=\"tab-1\" class=\"block-content active\">\n<div class=\"row\">\n<li class=\"widget-news-item without-thumb with-border\">\n<div class=\"widget-news-info\"><a href=\"http:\/\/vejasp.abril.com.br\/saude\">Sa\u00fade<\/a><span class=\"widget-news-item-title\"><a href=\"https:\/\/vejasp.abril.com.br\/saude\/estado-sao-paulo-taxa-ocupacao-uti\/\">Estado tem 71,1% dos leitos de UTI ocupados e capital bate 77%<\/a><\/span><span class=\"widget-news-item-date\">28 fev 2021 &#8211; 12h02<\/span><\/div>\n<\/li>\n<li class=\"widget-news-item without-thumb with-border\">\n<div class=\"widget-news-info\"><a href=\"http:\/\/vejasp.abril.com.br\/saude\">Sa\u00fade<\/a><span class=\"widget-news-item-title\"><a href=\"https:\/\/vejasp.abril.com.br\/saude\/novo-drive-thru-vacinacao-hebraica\/\">Prefeitura instala novo drive-thru de vacina\u00e7\u00e3o na Zona Oeste<\/a><\/span><span class=\"widget-news-item-date\">28 fev 2021 &#8211; 10h02<\/span><\/div>\n<\/li>\n<li class=\"widget-news-item without-thumb with-border\">\n<div class=\"widget-news-info\"><a href=\"http:\/\/vejasp.abril.com.br\/saude\">Sa\u00fade<\/a><span class=\"widget-news-item-title\"><a href=\"https:\/\/vejasp.abril.com.br\/saude\/primeiro-dia-de-vacinacao-e-idosos-de-80-a-84-anos-e-marcado\/\">Primeiro dia de vacina\u00e7\u00e3o em idosos de 80 a 84 anos \u00e9 marcado por filas e hor\u00e1rio \u00e9 ampliado<\/a><\/span><span class=\"widget-news-item-date\">27 fev 2021 &#8211; 16h02<\/span><\/div>\n<\/li>\n<\/div>\n<\/div>\n<\/div>\n<div id=\"mais_lidas\" class=\"block related-posts mais-lidas\">\n<ul class=\"block-menu\">\n<li data-tab=\"tab-1\" class=\"active\">Mais lidas<\/li>\n<\/ul>\n<div id=\"tab-1\" class=\"block-content active\">\n<div class=\"row\">\n<div class=\"col-s-12 col-l-3\"><a href=\"https:\/\/vejasp.abril.com.br\/saude\/sao-paulo-mais-restritivo-fase-vermelha\/\" class=\"card\"><span class=\"category hide-s\">Sa\u00fade<\/span><img title = \"[Tags]\"data-src=\"https:\/\/vejasp.abril.com.br\/wp-content\/uploads\/2020\/07\/50065872341_b888056935_o.jpg?quality=70&amp;strip=info&amp;w=680&amp;h=453&amp;crop=1\"alt = \"50065872341_b888056935_o Doria assina decreto que considera igreja como atividade essencial\" class=\"lazyload media\"><span class=\"category hide-l\">Sa\u00fade<\/span><span class=\"title\">S\u00e3o Paulo estuda est\u00e1gio ainda mais restritivo do que a fase vermelha<\/span><\/a><\/div>\n<div class=\"col-s-12 col-l-3\"><a href=\"https:\/\/vejasp.abril.com.br\/blog\/astrologia\/previsoes-para-todos-os-signos-de-1-a-7-de-marco\/\" class=\"card\"><span class=\"category hide-s\">Cultura &amp; Lazer<\/span><img title = \"[Tags]\"data-src=\"https:\/\/vejasp.abril.com.br\/wp-content\/uploads\/2021\/02\/craig.jpg?quality=70&amp;strip=info&amp;w=680&amp;h=453&amp;crop=1\"alt = \"50065872341_b888056935_o Doria assina decreto que considera igreja como atividade essencial\" class=\"lazyload media\"><span class=\"category hide-l\">Cultura &amp; Lazer<\/span><span class=\"title\">Previs\u00f5es para todos os signos: de 1 a 7 de mar\u00e7o<\/span><\/a><\/div>\n<div class=\"col-s-12 col-l-3\"><a href=\"https:\/\/vejasp.abril.com.br\/cidades\/bolsocaro-avenida-paulista-bolsonaro\/\" class=\"card\"><span class=\"category hide-s\">Cidades<\/span><img title = \"[Tags]\"data-src=\"https:\/\/vejasp.abril.com.br\/wp-content\/uploads\/2021\/02\/bolsocaro-paulista.jpg?quality=70&amp;strip=info&amp;w=680&amp;h=453&amp;crop=1\"alt = \"50065872341_b888056935_o Doria assina decreto que considera igreja como atividade essencial\" class=\"lazyload media\"><span class=\"category hide-l\">Cidades<\/span><span class=\"title\">&#8220;Bolsocaro&#8221;: lambe-lambes de cr\u00edtica ao governo s\u00e3o espalhados pela cidade<\/span><\/a><\/div>\n<div class=\"col-s-12 col-l-3\"><a href=\"https:\/\/vejasp.abril.com.br\/blog\/criancas-sao-paulo\/action-park-indoor\/\" class=\"card\"><span class=\"category hide-s\">Cultura &amp; Lazer<\/span><img title = \"[Tags]\"data-src=\"https:\/\/vejasp.abril.com.br\/wp-content\/uploads\/2021\/02\/WhatsApp-Image-2021-02-19-at-18.29.43.jpeg?quality=70&amp;strip=info&amp;w=680&amp;h=453&amp;crop=1\"alt = \"50065872341_b888056935_o Doria assina decreto que considera igreja como atividade essencial\" class=\"lazyload media\"><span class=\"category hide-l\">Cultura &amp; Lazer<\/span><span class=\"title\">Action Park \u00e9 op\u00e7\u00e3o para a crian\u00e7ada gastar energia e largar o celular<\/span><\/a><\/div>\n<\/div>\n<\/div>\n<\/div>\n<div class=\"ads post-ads\"><span class=\"title\">Continua ap\u00f3s a publicidade<\/span><\/p>\n<div id=\"abrAD_rectangle3\" class=\"abrAD\" data-ad-><\/div>\n<\/div>\n<p><script async src=\"http:\/\/platform.twitter.com\/widgets.js\" charset=\"utf-8\"><\/script><br \/>\n<br \/><br \/>\n<br \/><a href=\"https:\/\/vejasp.abril.com.br\/cidades\/doria-decreto-essenciais-atividades-religiosas\/\">Fonte do Artigo <\/a><br \/>\nTags:<br \/>\n#loterias #loteriascaixa #megasena #resultadoapostas#noticias #noticiario  #noticia #brasil #noticiascolombia #mundo #esporte #colombia #noticiadeld #ltimasnoticias  #noticiario #noticiasregionales #noticiasdepartamentales #noticiashoy #esportes #noticiaahora #elinformantenoticias #noticiasdeboyac  #esporteinterativo #esportivo #diariodosesportes  #noticiero  #jogodefutebol #jogos #loto #apostas<\/p>\n","protected":false},"excerpt":{"rendered":"<p>O governador de S\u00e3o Paulo, Jo\u00e3o Doria, afirmou nesta segunda-feira (1), em suas redes sociais, que assinou um decreto que passa a considerar como essenciais as atividades religiosas de qualquer natureza. &#8220;Este \u00e9 o decreto que o governo do estado de S\u00e3o Paulo publicar\u00e1 amanh\u00e3, dia dois de mar\u00e7o, que reconhece a essencialidade de todas [&hellip;]<\/p>\n","protected":false},"author":1,"featured_media":66855,"comment_status":"open","ping_status":"open","sticky":false,"template":"","format":"standard","meta":{"footnotes":""},"categories":[1],"tags":[],"class_list":["post-66854","post","type-post","status-publish","format-standard","has-post-thumbnail","hentry","category-curso-de-copy"],"_links":{"self":[{"href":"https:\/\/wiy.com.br\/noticias\/wp-json\/wp\/v2\/posts\/66854","targetHints":{"allow":["GET"]}}],"collection":[{"href":"https:\/\/wiy.com.br\/noticias\/wp-json\/wp\/v2\/posts"}],"about":[{"href":"https:\/\/wiy.com.br\/noticias\/wp-json\/wp\/v2\/types\/post"}],"author":[{"embeddable":true,"href":"https:\/\/wiy.com.br\/noticias\/wp-json\/wp\/v2\/users\/1"}],"replies":[{"embeddable":true,"href":"https:\/\/wiy.com.br\/noticias\/wp-json\/wp\/v2\/comments?post=66854"}],"version-history":[{"count":0,"href":"https:\/\/wiy.com.br\/noticias\/wp-json\/wp\/v2\/posts\/66854\/revisions"}],"wp:featuredmedia":[{"embeddable":true,"href":"https:\/\/wiy.com.br\/noticias\/wp-json\/wp\/v2\/media\/66855"}],"wp:attachment":[{"href":"https:\/\/wiy.com.br\/noticias\/wp-json\/wp\/v2\/media?parent=66854"}],"wp:term":[{"taxonomy":"category","embeddable":true,"href":"https:\/\/wiy.com.br\/noticias\/wp-json\/wp\/v2\/categories?post=66854"},{"taxonomy":"post_tag","embeddable":true,"href":"https:\/\/wiy.com.br\/noticias\/wp-json\/wp\/v2\/tags?post=66854"}],"curies":[{"name":"wp","href":"https:\/\/api.w.org\/{rel}","templated":true}]}}