{"id":6677,"date":"2023-02-26T15:08:15","date_gmt":"2023-02-26T18:08:15","guid":{"rendered":"https:\/\/wiy.com.br\/noticias\/maduro-rompe-relacoes-com-a-colombia-e-ameaca-guaido\/"},"modified":"2019-02-23T17:06:21","modified_gmt":"2019-02-23T20:06:21","slug":"maduro-rompe-relacoes-com-a-colombia-e-ameaca-guaido","status":"publish","type":"post","link":"https:\/\/wiy.com.br\/noticias\/maduro-rompe-relacoes-com-a-colombia-e-ameaca-guaido\/","title":{"rendered":"Maduro rompe rela\u00e7\u00f5es com a Col\u00f4mbia e amea\u00e7a Guaid\u00f3"},"content":{"rendered":"<p> <br \/>\n<\/p>\n<p>O presidente da <strong><a href=\"https:\/\/exame.abril.com.br\/noticias-sobre\/venezuela\/\">Venezuela<\/a><\/strong>, Nicol\u00e1s Maduro, anunciou neste s\u00e1bado o rompimento das rela\u00e7\u00f5es diplom\u00e1ticas com a Col\u00f4mbia, dado o apoio dado pelo governo de Ivan Duque ao l\u00edder da oposi\u00e7\u00e3o venezuelana Juan Guaid\u00f3 em sua tentativa de entregar ajuda humanit\u00e1ria.<\/p>\n<p>&#8220;Eu decidi romper todas as rela\u00e7\u00f5es pol\u00edticas e diplom\u00e1ticas com o governo fascista da Col\u00f4mbia e todos os seus embaixadores e c\u00f4nsules devem partir em 24 horas da Venezuela. Fora daqui, oligarquia!&#8221;, afirmou Maduro ante uma grande manifesta\u00e7\u00e3o em Caracas.<\/p>\n<div class=\"widget-news widget-box no-margin no-border\"><span class=\"widget-news-title content-box-title\">Veja tamb\u00e9m<\/span><\/p>\n<ul class=\"widget-news-list\">\n<li class=\"widget-news-item without-thumb with-border\">\n<div class=\"widget-news-info\"><a href=\"http:\/\/exame.abril.com.br\/mundo\">MUNDO<\/a><span class=\"widget-news-item-title\"><a href=\"https:\/\/exame.abril.com.br\/mundo\/desercoes-de-forcas-de-seguranca-na-venezuela-chegam-a-18\/\">Chegam a 18 as deser\u00e7\u00f5es de for\u00e7as de seguran\u00e7a na Venezuela<\/a><\/span><span class=\"widget-news-item-date\">23 fev 2019 &#8211; 16h02<\/span><\/div>\n<\/li>\n<li class=\"widget-news-item without-thumb with-border\">\n<div class=\"widget-news-info\"><a href=\"http:\/\/exame.abril.com.br\/mundo\">MUNDO<\/a><span class=\"widget-news-item-title\"><a href=\"https:\/\/exame.abril.com.br\/mundo\/caminhao-chega-a-fronteira-mas-nao-consegue-ultrapassar-barreira-militar\/\">Caminh\u00e3o chega \u00e0 fronteira mas n\u00e3o consegue ultrapassar barreira militar<\/a><\/span><span class=\"widget-news-item-date\">23 fev 2019 &#8211; 15h02<\/span><\/div>\n<\/li>\n<\/ul>\n<\/div>\n<p>O presidente socialista disse que &#8220;nunca um governo colombiano caiu t\u00e3o baixo&#8221;.<\/p>\n<p>&#8220;Voc\u00ea \u00e9 o diabo, Iv\u00e1n Duque. Voc\u00ea \u00e9 o diabo, e voc\u00ea secar\u00e1 por se meter com a Venezuela. Vade retro satan\u00e1s, fora daqui, diabo!&#8221;, proclamou ainda.<\/p>\n<p>&#8220;Estamos esperando pelo senhor fantoche palha\u00e7o, fantoche do imperialismo americano e mendigo&#8221;, disse Maduro, referindo-se a Guaid\u00f3, que est\u00e1 na cidade colombiana de C\u00facuta, na fronteira com a Venezuela.<\/p>\n<p>Neste s\u00e1bado, grandes tumultos irromperam em duas pontes ao longo da fronteira da Venezuela com a Col\u00f4mbia, depois que quatro caminh\u00f5es e manifestantes tentaram romper o bloqueio militar para obter ajuda humanit\u00e1ria, disseram jornalistas da AFP.<\/p>\n<p>Militares e policiais venezuelanos usaram bombas de g\u00e1s lacrimog\u00eaneo contra os manifestantes, deixando pelo menos uma d\u00fazia de feridos nas pontes Sim\u00f3n Bol\u00edvar e Santander, que ligam as cidades de San Antonio e Ure\u00f1a (Venezuela) e C\u00facuta (Col\u00f4mbia).<\/p>\n<p><br \/>\n<br \/><a href=\"https:\/\/exame.abril.com.br\/mundo\/maduro-rompe-relacoes-com-a-colombia-e-ameaca-guaido\/\">Source link <\/a><\/p>\n","protected":false},"excerpt":{"rendered":"<p>O presidente da Venezuela, Nicol\u00e1s Maduro, anunciou neste s\u00e1bado o rompimento das rela\u00e7\u00f5es diplom\u00e1ticas com a Col\u00f4mbia, dado o apoio dado pelo governo de Ivan Duque ao l\u00edder da oposi\u00e7\u00e3o venezuelana Juan Guaid\u00f3 em sua tentativa de entregar ajuda humanit\u00e1ria. &#8220;Eu decidi romper todas as rela\u00e7\u00f5es pol\u00edticas e diplom\u00e1ticas com o governo fascista da Col\u00f4mbia [&hellip;]<\/p>\n","protected":false},"author":1,"featured_media":3008,"comment_status":"open","ping_status":"open","sticky":false,"template":"","format":"standard","meta":{"footnotes":""},"categories":[337],"tags":[],"class_list":["post-6677","post","type-post","status-publish","format-standard","has-post-thumbnail","hentry","category-noticias"],"_links":{"self":[{"href":"https:\/\/wiy.com.br\/noticias\/wp-json\/wp\/v2\/posts\/6677","targetHints":{"allow":["GET"]}}],"collection":[{"href":"https:\/\/wiy.com.br\/noticias\/wp-json\/wp\/v2\/posts"}],"about":[{"href":"https:\/\/wiy.com.br\/noticias\/wp-json\/wp\/v2\/types\/post"}],"author":[{"embeddable":true,"href":"https:\/\/wiy.com.br\/noticias\/wp-json\/wp\/v2\/users\/1"}],"replies":[{"embeddable":true,"href":"https:\/\/wiy.com.br\/noticias\/wp-json\/wp\/v2\/comments?post=6677"}],"version-history":[{"count":0,"href":"https:\/\/wiy.com.br\/noticias\/wp-json\/wp\/v2\/posts\/6677\/revisions"}],"wp:featuredmedia":[{"embeddable":true,"href":"https:\/\/wiy.com.br\/noticias\/wp-json\/wp\/v2\/media\/3008"}],"wp:attachment":[{"href":"https:\/\/wiy.com.br\/noticias\/wp-json\/wp\/v2\/media?parent=6677"}],"wp:term":[{"taxonomy":"category","embeddable":true,"href":"https:\/\/wiy.com.br\/noticias\/wp-json\/wp\/v2\/categories?post=6677"},{"taxonomy":"post_tag","embeddable":true,"href":"https:\/\/wiy.com.br\/noticias\/wp-json\/wp\/v2\/tags?post=6677"}],"curies":[{"name":"wp","href":"https:\/\/api.w.org\/{rel}","templated":true}]}}