{"id":66631,"date":"2023-02-26T14:56:54","date_gmt":"2023-02-26T17:56:54","guid":{"rendered":"https:\/\/wiy.com.br\/noticias\/como-vai-funcionar-na-pratica-o-toque-de-restricao-em-sao-paulo\/"},"modified":"2021-02-24T16:52:20","modified_gmt":"2021-02-24T19:52:20","slug":"como-vai-funcionar-na-pratica-o-toque-de-restricao-em-sao-paulo","status":"publish","type":"post","link":"https:\/\/wiy.com.br\/noticias\/como-vai-funcionar-na-pratica-o-toque-de-restricao-em-sao-paulo\/","title":{"rendered":"Como vai funcionar, na pr\u00e1tica, o \u2018toque de restri\u00e7\u00e3o\u2019 em S\u00e3o Paulo?"},"content":{"rendered":"<p> <br \/>\n<\/p>\n<p><strong>Jo\u00e3o Doria<\/strong> (PSDB) <a href=\"https:\/\/vejasp.abril.com.br\/cidades\/toque-de-recolher-sao-paulo\/\">anunciou que o estado de S\u00e3o Paulo ter\u00e1 um &#8220;<strong>toque de restri\u00e7\u00e3o<\/strong>&#8220;<\/a>, que come\u00e7a na sexta-feira (26). De acordo com o governador, a medida ocorre ap\u00f3s a <strong>alta<\/strong> de <strong>interna\u00e7\u00f5es<\/strong> decorrentes da <strong>Covid-19<\/strong>, com regi\u00f5es do estado registrando ocupa\u00e7\u00e3o de leitos de UTI em 90% ou at\u00e9 100%, como ocorreu na cidade de <strong>Araraquara<\/strong>. A medida \u00e9 v\u00e1lida das 23h \u00e0s 5h, e ser\u00e1 adotada ao menos at\u00e9 14 de mar\u00e7o.<\/p>\n<p>Mas o que muda, na pr\u00e1tica, j\u00e1 que na Fase Amarela, a fase de reabertura econ\u00f4mica adotada na Grande S\u00e3o Paulo, estabelecimentos considerados n\u00e3o essenciais devem fechar \u00e0s 22h? <strong>Pouco, tirando a promessa de fiscaliza\u00e7\u00e3o do governo<\/strong>.<\/p>\n<p>De acordo com a gest\u00e3o tucana, uma esp\u00e9cie de for\u00e7a-tarefa ser\u00e1 montada em todo o estado, com a\u00e7\u00f5es conjuntas da Pol\u00edcia Militar, Vigil\u00e2ncia Sanit\u00e1ria e Procon. Durante a coletiva, o diretor do Procon, Fernando Capez, afirmou que &#8220;o c\u00f3digo penal prev\u00ea infra\u00e7\u00e3o de menor potencial ofensivo consistente na conduta de quem infringe determina\u00e7\u00e3o do poder p\u00fablico destinada a evitar a propaga\u00e7\u00e3o de epidemia&#8221;. Capez disse tamb\u00e9m que &#8220;provavelmente ser\u00e3o realizados termos circunstanciados&#8221; para quem infringir a determina\u00e7\u00e3o.<\/p>\n<p>O governo promete, ent\u00e3o, endurecer a fiscaliza\u00e7\u00e3o contra aglomera\u00e7\u00f5es e eventos ilegais ou proibidos. A circula\u00e7\u00e3o de trabalhadores durante o hor\u00e1rio restrito ser\u00e1 permitida. Para eventos ilegais, Capez afirmou que os organizadores ser\u00e3o multados, assim como propriet\u00e1rios de estabelecimentos comerciais n\u00e3o essenciais abertos durante o hor\u00e1rio de restri\u00e7\u00e3o.<\/p>\n<p>Doria afirmou, no entanto, que quem estiver participando de festas n\u00e3o ser\u00e1 autuado. A Pol\u00edcia Militar e os fiscais do Procon e da Vigil\u00e2ncia devem realizar abordagens durante a madrugada e, de acordo com o governo, existe a possibilidade de autua\u00e7\u00e3o para quem estiver circulando sem justificativa nas ruas.<\/p>\n<p>Em janeiro <a href=\"https:\/\/vejasp.abril.com.br\/cidades\/governo-de-sp-revoga-fase-vermelha\/\">o governo Doria estabeleceu a Fase Vermelha<\/a>, a medida mais restritiva do Plano S\u00e3o Paulo, que permite apenas o funcionamento de estabelecimentos essenciais, das 20h \u00e0s 6h durante a semana e durante todo o final de semana. Ap\u00f3s press\u00e3o, o governo recuou da medida. <a href=\"https:\/\/vejasp.abril.com.br\/cidades\/capa-fase-vermelha-fiscalizacao-sp\/\">Reportagem da <strong><em>Vejinha<\/em> <\/strong>mostrou que no final de semana do an\u00fancio das medidas<\/a> foram registradas festas clandestinas e bailes funk na regi\u00e3o central e na periferia da capital paulista.<\/p>\n<div id=\"relacionadas\" class=\"block related-posts three_columns\">\n<ul class=\"block-menu\">\n<li data-tab=\"tab-1\" class=\"active\">Relacionadas<\/li>\n<\/ul>\n<div id=\"tab-1\" class=\"block-content active\">\n<div class=\"row\">\n<li class=\"widget-news-item without-thumb with-border\">\n<div class=\"widget-news-info\"><a href=\"http:\/\/vejasp.abril.com.br\/cidades\">Cidades<\/a><span class=\"widget-news-item-title\"><a href=\"https:\/\/vejasp.abril.com.br\/cidades\/metade-paulistanos-bicos-complementar-renda-2020\/\">Metade dos paulistanos fez bicos para complementar a renda em 2020<\/a><\/span><span class=\"widget-news-item-date\">24 fev 2021 &#8211; 14h02<\/span><\/div>\n<\/li>\n<li class=\"widget-news-item without-thumb with-border\">\n<div class=\"widget-news-info\"><a href=\"http:\/\/vejasp.abril.com.br\/cidades\">Cidades<\/a><span class=\"widget-news-item-title\"><a href=\"https:\/\/vejasp.abril.com.br\/cidades\/rosa-marcos-pontes-morre\/\">Rosa Pontes, irm\u00e3 do ministro Marcos Pontes, morre aos 67 anos em Bauru<\/a><\/span><span class=\"widget-news-item-date\">24 fev 2021 &#8211; 11h02<\/span><\/div>\n<\/li>\n<li class=\"widget-news-item without-thumb with-border\">\n<div class=\"widget-news-info\"><a href=\"http:\/\/vejasp.abril.com.br\/cidades\">Cidades<\/a><span class=\"widget-news-item-title\"><a href=\"https:\/\/vejasp.abril.com.br\/cidades\/toque-de-recolher-sao-paulo\/\">S\u00e3o Paulo restringe circula\u00e7\u00e3o de pessoas no estado entre 23h e 5h<\/a><\/span><span class=\"widget-news-item-date\">24 fev 2021 &#8211; 12h02<\/span><\/div>\n<\/li>\n<\/div>\n<\/div>\n<\/div>\n<p>&nbsp;<\/p>\n<div id=\"mais_lidas\" class=\"block related-posts mais-lidas\">\n<ul class=\"block-menu\">\n<li data-tab=\"tab-1\" class=\"active\">Mais lidas<\/li>\n<\/ul>\n<div id=\"tab-1\" class=\"block-content active\">\n<div class=\"row\">\n<div class=\"col-s-12 col-l-3\"><a href=\"https:\/\/vejasp.abril.com.br\/blog\/pop\/karol-conka-ana-maria-braga-entrevista\/\" class=\"card\"><span class=\"category hide-s\">Cultura &amp; Lazer<\/span><img title = \"[Tags]\"data-src=\"https:\/\/vejasp.abril.com.br\/wp-content\/uploads\/2021\/02\/Karol-Mais-Voce.jpeg?quality=70&amp;strip=info&amp;w=680&amp;h=453&amp;crop=1\"alt = \"Karol-Mais-Voce Como vai funcionar, na pr\u00e1tica, o \u2018toque de restri\u00e7\u00e3o\u2019 em S\u00e3o Paulo?\" class=\"lazyload media\"><span class=\"category hide-l\">Cultura &amp; Lazer<\/span><span class=\"title\">Karol Conk\u00e1: &#8220;\u00c9 \u00f3bvio que eu estou em desequil\u00edbrio, preciso me tratar&#8221;<\/span><\/a><\/div>\n<div class=\"col-s-12 col-l-3\"><a href=\"https:\/\/vejasp.abril.com.br\/saude\/sao-bernardo-do-campo-toque-de-recolher-covid\/\" class=\"card\"><span class=\"category hide-s\">Sa\u00fade<\/span><img title = \"[Tags]\"data-src=\"https:\/\/vejasp.abril.com.br\/wp-content\/uploads\/2020\/08\/teste-covid-rovena-rosa.jpg?quality=70&amp;strip=info&amp;w=680&amp;h=453&amp;crop=1\"alt = \"Karol-Mais-Voce Como vai funcionar, na pr\u00e1tica, o \u2018toque de restri\u00e7\u00e3o\u2019 em S\u00e3o Paulo?\" class=\"lazyload media\"><span class=\"category hide-l\">Sa\u00fade<\/span><span class=\"title\">Covid: S\u00e3o Bernardo anuncia toque de recolher e suspende volta \u00e0s aulas<\/span><\/a><\/div>\n<div class=\"col-s-12 col-l-3\"><a href=\"https:\/\/vejasp.abril.com.br\/cidades\/toque-de-recolher-sao-paulo\/\" class=\"card\"><span class=\"category hide-s\">Cidades<\/span><img title = \"[Tags]\"data-src=\"https:\/\/vejasp.abril.com.br\/wp-content\/uploads\/2021\/02\/50970111896_90c08b0e08_c.jpg?quality=70&amp;strip=info&amp;w=680&amp;h=453&amp;crop=1\"alt = \"Karol-Mais-Voce Como vai funcionar, na pr\u00e1tica, o \u2018toque de restri\u00e7\u00e3o\u2019 em S\u00e3o Paulo?\" class=\"lazyload media\"><span class=\"category hide-l\">Cidades<\/span><span class=\"title\">S\u00e3o Paulo restringe circula\u00e7\u00e3o de pessoas no estado entre 23h e 5h<\/span><\/a><\/div>\n<div class=\"col-s-12 col-l-3\"><a href=\"https:\/\/vejasp.abril.com.br\/cultura-lazer\/romance-pugliesi-erasmo-marcos-pitombo\/\" class=\"card\"><span class=\"category hide-s\">Cultura &amp; Lazer<\/span><img title = \"[Tags]\"data-src=\"https:\/\/vejasp.abril.com.br\/wp-content\/uploads\/2021\/02\/Sem-T\u00edtulo-1.jpg?quality=70&amp;strip=info&amp;w=600&amp;h=400&amp;crop=1\"alt = \"Karol-Mais-Voce Como vai funcionar, na pr\u00e1tica, o \u2018toque de restri\u00e7\u00e3o\u2019 em S\u00e3o Paulo?\" class=\"lazyload media\"><span class=\"category hide-l\">Cultura &amp; Lazer<\/span><span class=\"title\">Ap\u00f3s boatos de romance com ex de Pugliesi, Marcos Pitombo diz que ir\u00e1 \u00e0 Justi\u00e7a<\/span><\/a><\/div>\n<\/div>\n<\/div>\n<\/div>\n<div class=\"ads post-ads\"><span class=\"title\">Continua ap\u00f3s a publicidade<\/span><\/p>\n<div id=\"abrAD_rectangle3\" class=\"abrAD\" data-ad-><\/div>\n<\/div>\n<p><br \/>\n<br \/><a href=\"https:\/\/vejasp.abril.com.br\/cidades\/toque-de-recolher-sao-paulo-pratica\/\">Fonte do Artigo <\/a><br \/>\nTags:<br \/>\n#loterias #loteriascaixa #megasena #resultadoapostas#noticias #noticiario  #noticia #brasil #noticiascolombia #mundo #esporte #colombia #noticiadeld #ltimasnoticias  #noticiario #noticiasregionales #noticiasdepartamentales #noticiashoy #esportes #noticiaahora #elinformantenoticias #noticiasdeboyac  #esporteinterativo #esportivo #diariodosesportes  #noticiero  #jogodefutebol #jogos #loto #apostas<\/p>\n","protected":false},"excerpt":{"rendered":"<p>Jo\u00e3o Doria (PSDB) anunciou que o estado de S\u00e3o Paulo ter\u00e1 um &#8220;toque de restri\u00e7\u00e3o&#8220;, que come\u00e7a na sexta-feira (26). De acordo com o governador, a medida ocorre ap\u00f3s a alta de interna\u00e7\u00f5es decorrentes da Covid-19, com regi\u00f5es do estado registrando ocupa\u00e7\u00e3o de leitos de UTI em 90% ou at\u00e9 100%, como ocorreu na cidade [&hellip;]<\/p>\n","protected":false},"author":1,"featured_media":66632,"comment_status":"open","ping_status":"open","sticky":false,"template":"","format":"standard","meta":{"footnotes":""},"categories":[1],"tags":[],"class_list":["post-66631","post","type-post","status-publish","format-standard","has-post-thumbnail","hentry","category-curso-de-copy"],"_links":{"self":[{"href":"https:\/\/wiy.com.br\/noticias\/wp-json\/wp\/v2\/posts\/66631","targetHints":{"allow":["GET"]}}],"collection":[{"href":"https:\/\/wiy.com.br\/noticias\/wp-json\/wp\/v2\/posts"}],"about":[{"href":"https:\/\/wiy.com.br\/noticias\/wp-json\/wp\/v2\/types\/post"}],"author":[{"embeddable":true,"href":"https:\/\/wiy.com.br\/noticias\/wp-json\/wp\/v2\/users\/1"}],"replies":[{"embeddable":true,"href":"https:\/\/wiy.com.br\/noticias\/wp-json\/wp\/v2\/comments?post=66631"}],"version-history":[{"count":0,"href":"https:\/\/wiy.com.br\/noticias\/wp-json\/wp\/v2\/posts\/66631\/revisions"}],"wp:featuredmedia":[{"embeddable":true,"href":"https:\/\/wiy.com.br\/noticias\/wp-json\/wp\/v2\/media\/66632"}],"wp:attachment":[{"href":"https:\/\/wiy.com.br\/noticias\/wp-json\/wp\/v2\/media?parent=66631"}],"wp:term":[{"taxonomy":"category","embeddable":true,"href":"https:\/\/wiy.com.br\/noticias\/wp-json\/wp\/v2\/categories?post=66631"},{"taxonomy":"post_tag","embeddable":true,"href":"https:\/\/wiy.com.br\/noticias\/wp-json\/wp\/v2\/tags?post=66631"}],"curies":[{"name":"wp","href":"https:\/\/api.w.org\/{rel}","templated":true}]}}