{"id":66496,"date":"2023-02-26T15:04:42","date_gmt":"2023-02-26T18:04:42","guid":{"rendered":"https:\/\/wiy.com.br\/noticias\/a-espera-de-leito-mulher-de-30-anos-morre-de-covid-19-no-interior\/"},"modified":"2021-02-22T11:51:27","modified_gmt":"2021-02-22T14:51:27","slug":"a-espera-de-leito-mulher-de-30-anos-morre-de-covid-19-no-interior","status":"publish","type":"post","link":"https:\/\/wiy.com.br\/noticias\/a-espera-de-leito-mulher-de-30-anos-morre-de-covid-19-no-interior\/","title":{"rendered":"\u00c0 espera de leito, mulher de 30 anos morre de Covid-19 no interior"},"content":{"rendered":"<p> <br \/>\n<\/p>\n<p><span>Uma servidora de 30 anos da prefeitura de <strong>Dracena, Jeneffer Gil\u00f3 Pena,<\/strong> morreu por <strong>Covid-19<\/strong> na madrugada deste domingo (21) enquanto esperava por um leito hospitalar no CEMAC (Centro de Atendimento Municipal \u00e0 Covid-19). Ela deixa uma filha de quatro anos.<\/span><\/p>\n<p><span>&#8220;\u00c9 com pesar que informamos o falecimento de Jeneffer Gil\u00f3 Pena, 30 anos, colaboradora da Secretaria Municipal de Educa\u00e7\u00e3o do munic\u00edpio. Jeneffer atuava na Emei Arco-\u00cdris, no distrito de Jamaica e faleceu nesta madrugada no Cemac aguardando por vaga em hospital, para tratamento da Covid-19. Ela deixa uma filha de quatro anos e os pais Nilton e Dora&#8221;, diz em nota a prefeitura de <strong>Dracena.<\/strong>\u00a0<\/span><\/p>\n<p><span>A cidade do interior de S\u00e3o Paulo enfrenta um colapso no sistema p\u00fablico de sa\u00fade e est\u00e1 sob toque de recolher desde a \u00faltima quinta-feira (18). Desde o dia 5 de fevereiro, segundo promotores do Minist\u00e9rio P\u00fablico do estado de S\u00e3o Paulo, o sistema de sa\u00fade tem uma ocupa\u00e7\u00e3o di\u00e1ria de 100%. Foi recomendado pelas autoridades que a regi\u00e3o regredisse para a fase vermelha por, no m\u00ednimo, 15 dias.\u00a0<\/span><\/p>\n<p><span><strong>Dracena<\/strong> faz parte do Departamento Regional de Sa\u00fade de Presidente Prudente, que tem taxa de ocupa\u00e7\u00e3o de 80,6% de leitos de UTI e est\u00e1 na fase vermelha do Plano S\u00e3o Paulo.\u00a0<\/span><\/p>\n<p><span>A gest\u00e3o municipal de <strong>Dracena<\/strong> adotou o toque de recolher e, somado a isso, <em>lockdown<\/em> durante os s\u00e1bados e domingos. No entanto, n\u00e3o foi aderido o confinamento total por 10 dias,<a href=\"https:\/\/vejasp.abril.com.br\/cidades\/supermercados-e-postos-fechados-como-esta-araraquara\/\">\u00a0como aconteceu em <strong>Araraquara.<\/strong>\u00a0<\/a><\/span><\/p>\n<p><b>+<\/b><a href=\"https:\/\/abr.ai\/assine-vejasp\"><b>Assine a Vejinha a partir de 6,90<\/b><\/a><b>.<\/b><\/p>\n<div id=\"relacionadas\" class=\"block related-posts three_columns\">\n<ul class=\"block-menu\">\n<li data-tab=\"tab-1\" class=\"active\">Relacionadas<\/li>\n<\/ul>\n<div id=\"tab-1\" class=\"block-content active\">\n<div class=\"row\">\n<li class=\"widget-news-item without-thumb with-border\">\n<div class=\"widget-news-info\"><a href=\"http:\/\/vejasp.abril.com.br\/saude\">Sa\u00fade<\/a><span class=\"widget-news-item-title\"><a href=\"https:\/\/vejasp.abril.com.br\/saude\/postos-fazem-lista-de-espera-para-aplicar-vacinas-que-sobraram\/\">Postos fazem lista de espera para aplicar vacinas que sobraram<\/a><\/span><span class=\"widget-news-item-date\">21 fev 2021 &#8211; 12h02<\/span><\/div>\n<\/li>\n<li class=\"widget-news-item without-thumb with-border\">\n<div class=\"widget-news-info\"><a href=\"http:\/\/vejasp.abril.com.br\/saude\">Sa\u00fade<\/a><span class=\"widget-news-item-title\"><a href=\"https:\/\/vejasp.abril.com.br\/saude\/cantor-morre-de-covid-19-dois-dias-de-perder-a-mulher-gravida-de-7-meses\/\">Cantor morre de Covid dias depois de perder a mulher gr\u00e1vida de 7 meses<\/a><\/span><span class=\"widget-news-item-date\">20 fev 2021 &#8211; 14h02<\/span><\/div>\n<\/li>\n<li class=\"widget-news-item without-thumb with-border\">\n<div class=\"widget-news-info\"><a href=\"http:\/\/vejasp.abril.com.br\/saude\">Sa\u00fade<\/a><span class=\"widget-news-item-title\"><a href=\"https:\/\/vejasp.abril.com.br\/saude\/vacina-doses-governo-federal-coronavirus\/\">Vacina: Governo federal promete 230,7 milh\u00f5es de doses at\u00e9 julho<\/a><\/span><span class=\"widget-news-item-date\">17 fev 2021 &#8211; 19h02<\/span><\/div>\n<\/li>\n<\/div>\n<\/div>\n<\/div>\n<div id=\"mais_lidas\" class=\"block related-posts mais-lidas\">\n<ul class=\"block-menu\">\n<li data-tab=\"tab-1\" class=\"active\">Mais lidas<\/li>\n<\/ul>\n<div id=\"tab-1\" class=\"block-content active\">\n<div class=\"row\">\n<div class=\"col-s-12 col-l-3\"><a href=\"https:\/\/vejasp.abril.com.br\/blog\/arnaldo-lorencato\/memoria-antonio-carlos-marino-1944-2021-dono-do-carlino-aberto-em-1881\/\" class=\"card\"><span class=\"category hide-s\">Comida &amp; Bebida<\/span><img title = \"[Tags]\"data-src=\"https:\/\/vejasp.abril.com.br\/wp-content\/uploads\/2021\/02\/Antonio_Carlos_Marino_.jpeg?quality=70&amp;strip=info&amp;w=529&amp;h=453&amp;crop=1\"alt = \"Antonio_Carlos_Marino_ \u00c0 espera de leito, mulher de 30 anos morre de Covid-19 no interior\" class=\"lazyload media\"><span class=\"category hide-l\">Comida &amp; Bebida<\/span><span class=\"title\">Mem\u00f3ria: Antonio Carlos Marino (1944-2021), dono do Carlino, aberto em 1881<\/span><\/a><\/div>\n<div class=\"col-s-12 col-l-3\"><a href=\"https:\/\/vejasp.abril.com.br\/saude\/cantor-morre-de-covid-19-dois-dias-de-perder-a-mulher-gravida-de-7-meses\/\" class=\"card\"><span class=\"category hide-s\">Sa\u00fade<\/span><img title = \"[Tags]\"data-src=\"https:\/\/vejasp.abril.com.br\/wp-content\/uploads\/2021\/02\/Juninho.jpg?quality=70&amp;strip=info&amp;w=570&amp;h=406&amp;crop=1\"alt = \"Antonio_Carlos_Marino_ \u00c0 espera de leito, mulher de 30 anos morre de Covid-19 no interior\" class=\"lazyload media\"><span class=\"category hide-l\">Sa\u00fade<\/span><span class=\"title\">Cantor morre de Covid dias depois de perder a mulher gr\u00e1vida de 7 meses<\/span><\/a><\/div>\n<div class=\"col-s-12 col-l-3\"><a href=\"https:\/\/vejasp.abril.com.br\/saude\/postos-fazem-lista-de-espera-para-aplicar-vacinas-que-sobraram\/\" class=\"card\"><span class=\"category hide-s\">Sa\u00fade<\/span><img title = \"[Tags]\"data-src=\"https:\/\/vejasp.abril.com.br\/wp-content\/uploads\/2020\/10\/vacina\u00e7\u00e3o.jpg?quality=70&amp;strip=info&amp;w=680&amp;h=453&amp;crop=1\"alt = \"Antonio_Carlos_Marino_ \u00c0 espera de leito, mulher de 30 anos morre de Covid-19 no interior\" class=\"lazyload media\"><span class=\"category hide-l\">Sa\u00fade<\/span><span class=\"title\">Postos fazem lista de espera para aplicar vacinas que sobraram<\/span><\/a><\/div>\n<div class=\"col-s-12 col-l-3\"><a href=\"https:\/\/vejasp.abril.com.br\/blog\/pop\/desabafo-nego-di-desculpa-arlindo-cruz\/\" class=\"card\"><span class=\"category hide-s\">Cultura &amp; Lazer<\/span><img title = \"[Tags]\"data-src=\"https:\/\/vejasp.abril.com.br\/wp-content\/uploads\/2021\/02\/nego-di-desculpa-arlindo-cruz-desabafo.jpg?quality=70&amp;strip=info&amp;w=680&amp;h=453&amp;crop=1\"alt = \"Antonio_Carlos_Marino_ \u00c0 espera de leito, mulher de 30 anos morre de Covid-19 no interior\" class=\"lazyload media\"><span class=\"category hide-l\">Cultura &amp; Lazer<\/span><span class=\"title\">Ap\u00f3s piada com doen\u00e7a, Nego Di se desculpa com Arlindo Cruz<\/span><\/a><\/div>\n<\/div>\n<\/div>\n<\/div>\n<div class=\"ads post-ads\"><span class=\"title\">Continua ap\u00f3s a publicidade<\/span><\/p>\n<div id=\"abrAD_rectangle3\" class=\"abrAD\" data-ad-><\/div>\n<\/div>\n<p><br \/>\n<br \/><a href=\"https:\/\/vejasp.abril.com.br\/cidades\/mulher-30-anos-morre-covid-19\/\">Fonte do Artigo <\/a><br \/>\nTags:<br \/>\n#loterias #loteriascaixa #megasena #resultadoapostas#noticias #noticiario  #noticia #brasil #noticiascolombia #mundo #esporte #colombia #noticiadeld #ltimasnoticias  #noticiario #noticiasregionales #noticiasdepartamentales #noticiashoy #esportes #noticiaahora #elinformantenoticias #noticiasdeboyac  #esporteinterativo #esportivo #diariodosesportes  #noticiero  #jogodefutebol #jogos #loto #apostas<\/p>\n","protected":false},"excerpt":{"rendered":"<p>Uma servidora de 30 anos da prefeitura de Dracena, Jeneffer Gil\u00f3 Pena, morreu por Covid-19 na madrugada deste domingo (21) enquanto esperava por um leito hospitalar no CEMAC (Centro de Atendimento Municipal \u00e0 Covid-19). Ela deixa uma filha de quatro anos. &#8220;\u00c9 com pesar que informamos o falecimento de Jeneffer Gil\u00f3 Pena, 30 anos, colaboradora [&hellip;]<\/p>\n","protected":false},"author":1,"featured_media":66497,"comment_status":"open","ping_status":"open","sticky":false,"template":"","format":"standard","meta":{"footnotes":""},"categories":[1],"tags":[],"class_list":["post-66496","post","type-post","status-publish","format-standard","has-post-thumbnail","hentry","category-curso-de-copy"],"_links":{"self":[{"href":"https:\/\/wiy.com.br\/noticias\/wp-json\/wp\/v2\/posts\/66496","targetHints":{"allow":["GET"]}}],"collection":[{"href":"https:\/\/wiy.com.br\/noticias\/wp-json\/wp\/v2\/posts"}],"about":[{"href":"https:\/\/wiy.com.br\/noticias\/wp-json\/wp\/v2\/types\/post"}],"author":[{"embeddable":true,"href":"https:\/\/wiy.com.br\/noticias\/wp-json\/wp\/v2\/users\/1"}],"replies":[{"embeddable":true,"href":"https:\/\/wiy.com.br\/noticias\/wp-json\/wp\/v2\/comments?post=66496"}],"version-history":[{"count":0,"href":"https:\/\/wiy.com.br\/noticias\/wp-json\/wp\/v2\/posts\/66496\/revisions"}],"wp:featuredmedia":[{"embeddable":true,"href":"https:\/\/wiy.com.br\/noticias\/wp-json\/wp\/v2\/media\/66497"}],"wp:attachment":[{"href":"https:\/\/wiy.com.br\/noticias\/wp-json\/wp\/v2\/media?parent=66496"}],"wp:term":[{"taxonomy":"category","embeddable":true,"href":"https:\/\/wiy.com.br\/noticias\/wp-json\/wp\/v2\/categories?post=66496"},{"taxonomy":"post_tag","embeddable":true,"href":"https:\/\/wiy.com.br\/noticias\/wp-json\/wp\/v2\/tags?post=66496"}],"curies":[{"name":"wp","href":"https:\/\/api.w.org\/{rel}","templated":true}]}}