{"id":66422,"date":"2023-02-26T15:16:35","date_gmt":"2023-02-26T18:16:35","guid":{"rendered":"https:\/\/wiy.com.br\/noticias\/inss-ira-organizar-mutirao-para-reduzir-fila-de-beneficio-assistencial\/"},"modified":"2021-02-19T19:38:46","modified_gmt":"2021-02-19T21:38:46","slug":"inss-ira-organizar-mutirao-para-reduzir-fila-de-beneficio-assistencial","status":"publish","type":"post","link":"https:\/\/wiy.com.br\/noticias\/inss-ira-organizar-mutirao-para-reduzir-fila-de-beneficio-assistencial\/","title":{"rendered":"INSS ir\u00e1 organizar mutir\u00e3o para reduzir fila de benef\u00edcio assistencial"},"content":{"rendered":"<p> <br \/>\n<\/p>\n<p><span>O <strong>INSS<\/strong> realizar\u00e1 um mutir\u00e3o de an\u00e1lise, ainda sem data de in\u00edcio, com objetivo de reduzir a fila do Benef\u00edcio de Presta\u00e7\u00e3o Continuada <strong>(BPC)<\/strong> para <strong>pessoas com defici\u00eancia.<\/strong> Este benef\u00edcio assistencial comp\u00f5e a maior parte dos pedidos que ainda esperam retorno.<\/span><\/p>\n<p><span>De acordo com o Instituto, o mutir\u00e3o deve focar em avalia\u00e7\u00f5es sociais e oferecer agendamento di\u00e1rio fora do hor\u00e1rio oficial de atendimento dos assistentes sociais, incluindo s\u00e1bados.\u00a0<\/span><\/p>\n<p><span>Ao todo, o <strong>INSS<\/strong> conta com uma fila de 1,2 milh\u00e3o de pedidos e vem adotando outras medidas para reduzir o montante. No caso do <strong>BPC,<\/strong> grande parte das exig\u00eancias est\u00e3o ligadas ao Cad\u00danico (cadastro \u00fanico), obrigat\u00f3rio para que o benef\u00edcio seja concedido e precisa estar atualizado pelo requisitante.\u00a0<\/span><\/p>\n<p><span>Em m\u00e9dia, a avalia\u00e7\u00e3o e concess\u00e3o do <strong>BPC<\/strong> demora 98 dias, incluindo tamb\u00e9m o tempo de espera pelo cumprimento de exig\u00eancias do segurado. O objetivo do INSS \u00e9 reduzir a espera em at\u00e9 90 dias em junho.\u00a0<\/span><span><\/span><\/p>\n<p>Para saber mais sobre o BPC para pessoas com defici\u00eancia, e como solicit\u00e1-lo, <a href=\"https:\/\/www.gov.br\/inss\/pt-br\/saiba-mais\/beneficios-assistenciais\/beneficio-assistencial-a-pessoa-com-deficiencia-bpc#:~:text=O%20Benef%C3%ADcio%20de%20Presta%C3%A7%C3%A3o%20Continuada,la%20provida%20por%20sua%20fam%C3%ADlia.\">clique aqui<\/a>.<\/p>\n<p><b>+<\/b><a href=\"https:\/\/abr.ai\/assine-vejasp\"><b>Assine a Vejinha a partir de 6,90<\/b><\/a><b>.<\/b><\/p>\n<div id=\"relacionadas\" class=\"block related-posts three_columns\">\n<ul class=\"block-menu\">\n<li data-tab=\"tab-1\" class=\"active\">Relacionadas<\/li>\n<\/ul>\n<div id=\"tab-1\" class=\"block-content active\">\n<div class=\"row\">\n<li class=\"widget-news-item without-thumb with-border\">\n<div class=\"widget-news-info\"><a href=\"http:\/\/vejasp.abril.com.br\/cidades\">Cidades<\/a><span class=\"widget-news-item-title\"><a href=\"https:\/\/vejasp.abril.com.br\/cidades\/regioes-fase-vermelha-sao-paulo\/\">Duas regi\u00f5es regridem para fase vermelha no estado de S\u00e3o Paulo<\/a><\/span><span class=\"widget-news-item-date\">19 fev 2021 &#8211; 14h02<\/span><\/div>\n<\/li>\n<li class=\"widget-news-item without-thumb with-border\">\n<div class=\"widget-news-info\"><a href=\"http:\/\/vejasp.abril.com.br\/cidades\">Cidades<\/a><span class=\"widget-news-item-title\"><a href=\"https:\/\/vejasp.abril.com.br\/cidades\/manifestantes-protesto-auxilio-emergencial\/\">Manifestantes fecham pista da Regis Bittencourt por aux\u00edlio emergencial<\/a><\/span><span class=\"widget-news-item-date\">19 fev 2021 &#8211; 09h02<\/span><\/div>\n<\/li>\n<li class=\"widget-news-item without-thumb with-border\">\n<div class=\"widget-news-info\"><a href=\"http:\/\/vejasp.abril.com.br\/cidades\">Cidades<\/a><span class=\"widget-news-item-title\"><a href=\"https:\/\/vejasp.abril.com.br\/cidades\/falta-chuvas-sistema-cantareira-represa-agua\/\">Falta de chuvas pressiona Sistema Cantareira em S\u00e3o Paulo<\/a><\/span><span class=\"widget-news-item-date\">18 fev 2021 &#8211; 21h02<\/span><\/div>\n<\/li>\n<\/div>\n<\/div>\n<\/div>\n<div id=\"mais_lidas\" class=\"block related-posts mais-lidas\">\n<ul class=\"block-menu\">\n<li data-tab=\"tab-1\" class=\"active\">Mais lidas<\/li>\n<\/ul>\n<div id=\"tab-1\" class=\"block-content active\">\n<div class=\"row\">\n<div class=\"col-s-12 col-l-3\"><a href=\"https:\/\/vejasp.abril.com.br\/blog\/pop\/rodrigo-bocardi-nego-di-ameaca\/\" class=\"card\"><span class=\"category hide-s\">Cultura &amp; Lazer<\/span><img title = \"[Tags]\"data-src=\"https:\/\/vejasp.abril.com.br\/wp-content\/uploads\/2021\/02\/Design-sem-nome-44.png?w=680&amp;h=453&amp;crop=1\"alt = \"Design-sem-nome-44 INSS ir\u00e1 organizar mutir\u00e3o para reduzir fila de benef\u00edcio assistencial\" class=\"lazyload media\"><span class=\"category hide-l\">Cultura &amp; Lazer<\/span><span class=\"title\">Rodrigo Bocardi revela que foi amea\u00e7ado por Nego Di: &#8216;valent\u00e3o&#8217;<\/span><\/a><\/div>\n<div class=\"col-s-12 col-l-3\"><a href=\"https:\/\/vejasp.abril.com.br\/blog\/arnaldo-lorencato\/memoria-antonio-carlos-marino-1944-2021-dono-do-carlino-aberto-em-1881\/\" class=\"card\"><span class=\"category hide-s\">Comida &amp; Bebida<\/span><img title = \"[Tags]\"data-src=\"https:\/\/vejasp.abril.com.br\/wp-content\/uploads\/2021\/02\/Antonio_Carlos_Marino_.jpeg?quality=70&amp;strip=info&amp;w=529&amp;h=453&amp;crop=1\"alt = \"Design-sem-nome-44 INSS ir\u00e1 organizar mutir\u00e3o para reduzir fila de benef\u00edcio assistencial\" class=\"lazyload media\"><span class=\"category hide-l\">Comida &amp; Bebida<\/span><span class=\"title\">Mem\u00f3ria: Antonio Carlos Marino (1944-2021), dono do Carlino, aberto em 1881<\/span><\/a><\/div>\n<div class=\"col-s-12 col-l-3\"><a href=\"https:\/\/vejasp.abril.com.br\/cidades\/vazamento-gas-incendio-brooklyn\/\" class=\"card\"><span class=\"category hide-s\">Cidades<\/span><img title = \"[Tags]\"data-src=\"https:\/\/vejasp.abril.com.br\/wp-content\/uploads\/2021\/02\/WhatsApp-Image-2021-02-18-at-12.36.43.jpeg?quality=70&amp;strip=info&amp;w=680&amp;h=453&amp;crop=1\"alt = \"Design-sem-nome-44 INSS ir\u00e1 organizar mutir\u00e3o para reduzir fila de benef\u00edcio assistencial\" class=\"lazyload media\"><span class=\"category hide-l\">Cidades<\/span><span class=\"title\">Vazamento de g\u00e1s provoca inc\u00eandio e explos\u00f5es no Brooklin<\/span><\/a><\/div>\n<div class=\"col-s-12 col-l-3\"><a href=\"https:\/\/vejasp.abril.com.br\/cidades\/assalto-morte-motorista-app\/\" class=\"card\"><span class=\"category hide-s\">Cidades<\/span><img title = \"[Tags]\"data-src=\"https:\/\/vejasp.abril.com.br\/wp-content\/uploads\/2021\/02\/whatsapp-image-2020-12-14-at-08.50.55.jpg?quality=70&amp;strip=info&amp;w=680&amp;h=453&amp;crop=1\"alt = \"Design-sem-nome-44 INSS ir\u00e1 organizar mutir\u00e3o para reduzir fila de benef\u00edcio assistencial\" class=\"lazyload media\"><span class=\"category hide-l\">Cidades<\/span><span class=\"title\">Motorista de aplicativo \u00e9 morta com 71 facadas durante assalto<\/span><\/a><\/div>\n<\/div>\n<\/div>\n<\/div>\n<div class=\"ads post-ads\"><span class=\"title\">Continua ap\u00f3s a publicidade<\/span><\/p>\n<div id=\"abrAD_rectangle3\" class=\"abrAD\" data-ad-><\/div>\n<\/div>\n<p><br \/>\n<br \/><a href=\"https:\/\/vejasp.abril.com.br\/cidades\/inss-mutirao-fila-beneficio-assistencial\/\">Fonte do Artigo <\/a><br \/>\nTags:<br \/>\n#loterias #loteriascaixa #megasena #resultadoapostas#noticias #noticiario  #noticia #brasil #noticiascolombia #mundo #esporte #colombia #noticiadeld #ltimasnoticias  #noticiario #noticiasregionales #noticiasdepartamentales #noticiashoy #esportes #noticiaahora #elinformantenoticias #noticiasdeboyac  #esporteinterativo #esportivo #diariodosesportes  #noticiero  #jogodefutebol #jogos #loto #apostas<\/p>\n","protected":false},"excerpt":{"rendered":"<p>O INSS realizar\u00e1 um mutir\u00e3o de an\u00e1lise, ainda sem data de in\u00edcio, com objetivo de reduzir a fila do Benef\u00edcio de Presta\u00e7\u00e3o Continuada (BPC) para pessoas com defici\u00eancia. Este benef\u00edcio assistencial comp\u00f5e a maior parte dos pedidos que ainda esperam retorno. De acordo com o Instituto, o mutir\u00e3o deve focar em avalia\u00e7\u00f5es sociais e oferecer [&hellip;]<\/p>\n","protected":false},"author":1,"featured_media":50633,"comment_status":"open","ping_status":"open","sticky":false,"template":"","format":"standard","meta":{"footnotes":""},"categories":[1],"tags":[],"class_list":["post-66422","post","type-post","status-publish","format-standard","has-post-thumbnail","hentry","category-curso-de-copy"],"_links":{"self":[{"href":"https:\/\/wiy.com.br\/noticias\/wp-json\/wp\/v2\/posts\/66422","targetHints":{"allow":["GET"]}}],"collection":[{"href":"https:\/\/wiy.com.br\/noticias\/wp-json\/wp\/v2\/posts"}],"about":[{"href":"https:\/\/wiy.com.br\/noticias\/wp-json\/wp\/v2\/types\/post"}],"author":[{"embeddable":true,"href":"https:\/\/wiy.com.br\/noticias\/wp-json\/wp\/v2\/users\/1"}],"replies":[{"embeddable":true,"href":"https:\/\/wiy.com.br\/noticias\/wp-json\/wp\/v2\/comments?post=66422"}],"version-history":[{"count":0,"href":"https:\/\/wiy.com.br\/noticias\/wp-json\/wp\/v2\/posts\/66422\/revisions"}],"wp:featuredmedia":[{"embeddable":true,"href":"https:\/\/wiy.com.br\/noticias\/wp-json\/wp\/v2\/media\/50633"}],"wp:attachment":[{"href":"https:\/\/wiy.com.br\/noticias\/wp-json\/wp\/v2\/media?parent=66422"}],"wp:term":[{"taxonomy":"category","embeddable":true,"href":"https:\/\/wiy.com.br\/noticias\/wp-json\/wp\/v2\/categories?post=66422"},{"taxonomy":"post_tag","embeddable":true,"href":"https:\/\/wiy.com.br\/noticias\/wp-json\/wp\/v2\/tags?post=66422"}],"curies":[{"name":"wp","href":"https:\/\/api.w.org\/{rel}","templated":true}]}}