{"id":66402,"date":"2023-02-26T15:29:09","date_gmt":"2023-02-26T18:29:09","guid":{"rendered":"https:\/\/wiy.com.br\/noticias\/manifestantes-fecham-pista-da-regis-bittencourt-por-auxilio-emergencial\/"},"modified":"2021-02-19T11:29:19","modified_gmt":"2021-02-19T13:29:19","slug":"manifestantes-fecham-pista-da-regis-bittencourt-por-auxilio-emergencial","status":"publish","type":"post","link":"https:\/\/wiy.com.br\/noticias\/manifestantes-fecham-pista-da-regis-bittencourt-por-auxilio-emergencial\/","title":{"rendered":"Manifestantes fecham pista da Regis Bittencourt por aux\u00edlio emergencial"},"content":{"rendered":"<p> <br \/>\n<\/p>\n<div class=\"mc-column content-text active-extra-styles \" data-block-type=\"unstyled\" data-block-weight=\"34\" data-block-id=\"2\">\n<p data-track-category=\"Link no Texto\" data-track-links=\"\">Manifestantes bloquearam parte da pista da Rodovia Regis Bittencourt, na altura da regi\u00e3o de Itapecerica da Serra, em protesto pela volta do aux\u00edlio emergencial nesta sexta-feira (19). Os participantes chegaram a escrever &#8220;Aux\u00edlio emergencial j\u00e1&#8221; na pista e atearam fogo em pneus para fechar a via.<\/p>\n<\/div>\n<p data-track-category=\"Link no Texto\" data-track-links=\"\">A estimativa \u00e9 de que o fim do aux\u00edlio emergencial por parte do governo federal tenha levado 2 milh\u00f5es de pessoas \u00e0 pobreza em janeiro. Nas \u00faltimas semanas, o governo admitiu a possibilidade de retomar o benef\u00edcio, mas ainda n\u00e3o h\u00e1 informa\u00e7\u00f5es oficiais sobre o assunto.<\/p>\n<div id=\"relacionadas\" class=\"block related-posts three_columns\">\n<ul class=\"block-menu\">\n<li data-tab=\"tab-1\" class=\"active\">Relacionadas<\/li>\n<\/ul>\n<div id=\"tab-1\" class=\"block-content active\">\n<div class=\"row\">\n<li class=\"widget-news-item without-thumb with-border\">\n<div class=\"widget-news-info\"><a href=\"http:\/\/vejasp.abril.com.br\/cidades\">Cidades<\/a><span class=\"widget-news-item-title\"><a href=\"https:\/\/vejasp.abril.com.br\/cidades\/bruno-covas-cancer-quimioterapia-figado\/\">Bruno Covas seguir\u00e1 trabalhando durante a quimioterapia<\/a><\/span><span class=\"widget-news-item-date\">18 fev 2021 &#8211; 16h02<\/span><\/div>\n<\/li>\n<li class=\"widget-news-item without-thumb with-border\">\n<div class=\"widget-news-info\"><a href=\"http:\/\/vejasp.abril.com.br\/cidades\">Cidades<\/a><span class=\"widget-news-item-title\"><a href=\"https:\/\/vejasp.abril.com.br\/cidades\/2021-cultura-ano-dificil-2020-sergio-sa-leitao\/\">\u201c2021 vai ser para a cultura um ano t\u00e3o dif\u00edcil quanto 2020\u201d, diz S\u00e9rgio S\u00e1 Leit\u00e3o<\/a><\/span><span class=\"widget-news-item-date\">19 fev 2021 &#8211; 02h02<\/span><\/div>\n<\/li>\n<li class=\"widget-news-item without-thumb with-border\">\n<div class=\"widget-news-info\"><a href=\"http:\/\/vejasp.abril.com.br\/cidades\">Cidades<\/a><span class=\"widget-news-item-title\"><a href=\"https:\/\/vejasp.abril.com.br\/cidades\/assalto-morte-motorista-app\/\">Motorista de aplicativo \u00e9 morta com 71 facadas durante assalto<\/a><\/span><span class=\"widget-news-item-date\">18 fev 2021 &#8211; 09h02<\/span><\/div>\n<\/li>\n<\/div>\n<\/div>\n<\/div>\n<div class=\"mc-column content-text active-extra-styles \" data-block-type=\"unstyled\" data-block-weight=\"43\" data-block-id=\"6\">\n<p data-track-category=\"Link no Texto\" data-track-links=\"\">\n<\/div>\n<div class=\"mc-column content-text active-extra-styles \" data-block-type=\"unstyled\" data-block-weight=\"40\" data-block-id=\"7\">\n<p data-track-category=\"Link no Texto\" data-track-links=\"\">\n<\/div>\n<div class=\"wall protected-content\">\n<div class=\"mc-column content-text active-extra-styles \" data-block-type=\"unstyled\" data-block-weight=\"24\" data-block-id=\"4\">\n<p data-track-category=\"Link no Texto\" data-track-links=\"\">\n<\/div>\n<\/div>\n<div id=\"mais_lidas\" class=\"block related-posts mais-lidas\">\n<ul class=\"block-menu\">\n<li data-tab=\"tab-1\" class=\"active\">Mais lidas<\/li>\n<\/ul>\n<div id=\"tab-1\" class=\"block-content active\">\n<div class=\"row\">\n<div class=\"col-s-12 col-l-3\"><a href=\"https:\/\/vejasp.abril.com.br\/blog\/pop\/rodrigo-bocardi-nego-di-ameaca\/\" class=\"card\"><span class=\"category hide-s\">Cultura &amp; Lazer<\/span><img title = \"[Tags]\"data-src=\"https:\/\/vejasp.abril.com.br\/wp-content\/uploads\/2021\/02\/Design-sem-nome-44.png?w=680&amp;h=453&amp;crop=1\"alt = \"Design-sem-nome-44 Manifestantes fecham pista da Regis Bittencourt por aux\u00edlio emergencial\" class=\"lazyload media\"><span class=\"category hide-l\">Cultura &amp; Lazer<\/span><span class=\"title\">Rodrigo Bocardi revela que foi amea\u00e7ado por Nego Di: &#8216;valent\u00e3o&#8217;<\/span><\/a><\/div>\n<div class=\"col-s-12 col-l-3\"><a href=\"https:\/\/vejasp.abril.com.br\/cidades\/vazamento-gas-incendio-brooklyn\/\" class=\"card\"><span class=\"category hide-s\">Cidades<\/span><img title = \"[Tags]\"data-src=\"https:\/\/vejasp.abril.com.br\/wp-content\/uploads\/2021\/02\/WhatsApp-Image-2021-02-18-at-12.36.43.jpeg?quality=70&amp;strip=info&amp;w=680&amp;h=453&amp;crop=1\"alt = \"Design-sem-nome-44 Manifestantes fecham pista da Regis Bittencourt por aux\u00edlio emergencial\" class=\"lazyload media\"><span class=\"category hide-l\">Cidades<\/span><span class=\"title\">Vazamento de g\u00e1s provoca inc\u00eandio e explos\u00f5es no Brooklin<\/span><\/a><\/div>\n<div class=\"col-s-12 col-l-3\"><a href=\"https:\/\/vejasp.abril.com.br\/blog\/arnaldo-lorencato\/memoria-antonio-carlos-marino-1944-2021-dono-do-carlino-aberto-em-1881\/\" class=\"card\"><span class=\"category hide-s\">Comida &amp; Bebida<\/span><img title = \"[Tags]\"data-src=\"https:\/\/vejasp.abril.com.br\/wp-content\/uploads\/2021\/02\/Antonio_Carlos_Marino_.jpeg?quality=70&amp;strip=info&amp;w=529&amp;h=453&amp;crop=1\"alt = \"Design-sem-nome-44 Manifestantes fecham pista da Regis Bittencourt por aux\u00edlio emergencial\" class=\"lazyload media\"><span class=\"category hide-l\">Comida &amp; Bebida<\/span><span class=\"title\">Mem\u00f3ria: Antonio Carlos Marino (1944-2021), dono do Carlino, aberto em 1881<\/span><\/a><\/div>\n<div class=\"col-s-12 col-l-3\"><a href=\"https:\/\/vejasp.abril.com.br\/cidades\/assalto-morte-motorista-app\/\" class=\"card\"><span class=\"category hide-s\">Cidades<\/span><img title = \"[Tags]\"data-src=\"https:\/\/vejasp.abril.com.br\/wp-content\/uploads\/2021\/02\/whatsapp-image-2020-12-14-at-08.50.55.jpg?quality=70&amp;strip=info&amp;w=680&amp;h=453&amp;crop=1\"alt = \"Design-sem-nome-44 Manifestantes fecham pista da Regis Bittencourt por aux\u00edlio emergencial\" class=\"lazyload media\"><span class=\"category hide-l\">Cidades<\/span><span class=\"title\">Motorista de aplicativo \u00e9 morta com 71 facadas durante assalto<\/span><\/a><\/div>\n<\/div>\n<\/div>\n<\/div>\n<p><br \/>\n<br \/><a href=\"https:\/\/vejasp.abril.com.br\/cidades\/manifestantes-protesto-auxilio-emergencial\/\">Fonte do Artigo <\/a><br \/>\nTags:<br \/>\n#loterias #loteriascaixa #megasena #resultadoapostas#noticias #noticiario  #noticia #brasil #noticiascolombia #mundo #esporte #colombia #noticiadeld #ltimasnoticias  #noticiario #noticiasregionales #noticiasdepartamentales #noticiashoy #esportes #noticiaahora #elinformantenoticias #noticiasdeboyac  #esporteinterativo #esportivo #diariodosesportes  #noticiero  #jogodefutebol #jogos #loto #apostas<\/p>\n","protected":false},"excerpt":{"rendered":"<p>Manifestantes bloquearam parte da pista da Rodovia Regis Bittencourt, na altura da regi\u00e3o de Itapecerica da Serra, em protesto pela volta do aux\u00edlio emergencial nesta sexta-feira (19). Os participantes chegaram a escrever &#8220;Aux\u00edlio emergencial j\u00e1&#8221; na pista e atearam fogo em pneus para fechar a via. A estimativa \u00e9 de que o fim do aux\u00edlio [&hellip;]<\/p>\n","protected":false},"author":1,"featured_media":66403,"comment_status":"open","ping_status":"open","sticky":false,"template":"","format":"standard","meta":{"footnotes":""},"categories":[1],"tags":[],"class_list":["post-66402","post","type-post","status-publish","format-standard","has-post-thumbnail","hentry","category-curso-de-copy"],"_links":{"self":[{"href":"https:\/\/wiy.com.br\/noticias\/wp-json\/wp\/v2\/posts\/66402","targetHints":{"allow":["GET"]}}],"collection":[{"href":"https:\/\/wiy.com.br\/noticias\/wp-json\/wp\/v2\/posts"}],"about":[{"href":"https:\/\/wiy.com.br\/noticias\/wp-json\/wp\/v2\/types\/post"}],"author":[{"embeddable":true,"href":"https:\/\/wiy.com.br\/noticias\/wp-json\/wp\/v2\/users\/1"}],"replies":[{"embeddable":true,"href":"https:\/\/wiy.com.br\/noticias\/wp-json\/wp\/v2\/comments?post=66402"}],"version-history":[{"count":0,"href":"https:\/\/wiy.com.br\/noticias\/wp-json\/wp\/v2\/posts\/66402\/revisions"}],"wp:featuredmedia":[{"embeddable":true,"href":"https:\/\/wiy.com.br\/noticias\/wp-json\/wp\/v2\/media\/66403"}],"wp:attachment":[{"href":"https:\/\/wiy.com.br\/noticias\/wp-json\/wp\/v2\/media?parent=66402"}],"wp:term":[{"taxonomy":"category","embeddable":true,"href":"https:\/\/wiy.com.br\/noticias\/wp-json\/wp\/v2\/categories?post=66402"},{"taxonomy":"post_tag","embeddable":true,"href":"https:\/\/wiy.com.br\/noticias\/wp-json\/wp\/v2\/tags?post=66402"}],"curies":[{"name":"wp","href":"https:\/\/api.w.org\/{rel}","templated":true}]}}