{"id":66347,"date":"2023-02-26T14:58:56","date_gmt":"2023-02-26T17:58:56","guid":{"rendered":"https:\/\/wiy.com.br\/noticias\/vazamento-de-gas-provoca-incendio-e-explosoes-no-itaim-bibi\/"},"modified":"2021-02-18T14:06:20","modified_gmt":"2021-02-18T16:06:20","slug":"vazamento-de-gas-provoca-incendio-e-explosoes-no-itaim-bibi","status":"publish","type":"post","link":"https:\/\/wiy.com.br\/noticias\/vazamento-de-gas-provoca-incendio-e-explosoes-no-itaim-bibi\/","title":{"rendered":"Vazamento de g\u00e1s provoca inc\u00eandio e explos\u00f5es no Itaim Bibi"},"content":{"rendered":"<p> <br \/>\n<\/p>\n<p>Um forte <strong>inc\u00eandio<\/strong> atinge um terreno no cruzamento da Avenida Santo Amaro com a Rua Joaquim Nabuco, no Itaim Bibi, Zona Sul da capital, nesta quinta-feira (18). No local funcionava um posto de gasolina.<\/p>\n<p>Segundo informa\u00e7\u00f5es preliminares, uma escavadeira que fazia obras acabou atingindo uma tubula\u00e7\u00e3o de g\u00e1s, o que teria provocado o inc\u00eandio. O fogo j\u00e1 atingiu um im\u00f3vel ao lado, onde funciona um pequeno restaurante. Tamb\u00e9m houve explos\u00e3o de um tanque de combust\u00edvel. Um caminh\u00e3o, fia\u00e7\u00e3o el\u00e9trica e \u00e1rvores foram atingidos pelas chamas.<\/p>\n<p>Toda a \u00e1rea foi evacuada e o tr\u00e2nsito foi bloqueado na regi\u00e3o. Equipes dos bombeiros e da Comg\u00e1s j\u00e1 est\u00e3o no local. At\u00e9 o momento, n\u00e3o h\u00e1 informa\u00e7\u00f5es sobre v\u00edtimas.<\/p>\n<figure><img title = \"[Tags]\"alt = \"WhatsApp-Image-2021-02-18-at-12.51.52 Vazamento de g\u00e1s provoca inc\u00eandio e explos\u00f5es no Itaim Bibi\"decoding=\"async\" src=\"https:\/\/vejasp.abril.com.br\/wp-content\/uploads\/2021\/02\/WhatsApp-Image-2021-02-18-at-12.51.52.jpeg\" \/><figcaption>Inc\u00eandio no Brooklyn<span class=\"copyright\">Jafet Carvalho\/Veja SP<\/span><\/figcaption><\/figure>\n<blockquote class=\"twitter-tweet\" data-width=\"500\" data-dnt=\"true\">\n<p lang=\"pt\" dir=\"ltr\">Atualizando oco das 12h03 Vazamento de g\u00e1s, Av. Sto Amaro, 4527 \u2013 Itaim Bibi. O vazamento evolui para explos\u00f5es resultando em um caminh\u00e3o pegando fogo, tamb\u00e9m h\u00e1 fogo em \u00e1rvores e fia\u00e7\u00e3o. Aguardamos mais informa\u00e7\u00f5es do local.<\/p>\n<p>&mdash; Corpo de Bombeiros PMESP (@BombeirosPMESP) <a href=\"https:\/\/twitter.com\/BombeirosPMESP\/status\/1362430799929311233?ref_src=twsrc%5Etfw\">February 18, 2021<\/a><\/p>\n<\/blockquote>\n<div id=\"relacionadas\" class=\"block related-posts three_columns\">\n<ul class=\"block-menu\">\n<li data-tab=\"tab-1\" class=\"active\">Relacionadas<\/li>\n<\/ul>\n<div id=\"tab-1\" class=\"block-content active\">\n<div class=\"row\">\n<li class=\"widget-news-item without-thumb with-border\">\n<div class=\"widget-news-info\"><a href=\"http:\/\/vejasp.abril.com.br\/cidades\">Cidades<\/a><span class=\"widget-news-item-title\"><a href=\"https:\/\/vejasp.abril.com.br\/cidades\/ibge-vagas-temporarias-censo-2021\/\">IBGE abre mais de 204 000 vagas tempor\u00e1rias para o Censo 2021<\/a><\/span><span class=\"widget-news-item-date\">18 fev 2021 &#8211; 11h02<\/span><\/div>\n<\/li>\n<li class=\"widget-news-item without-thumb with-border\">\n<div class=\"widget-news-info\"><a href=\"http:\/\/vejasp.abril.com.br\/saude\">Sa\u00fade<\/a><span class=\"widget-news-item-title\"><a href=\"https:\/\/vejasp.abril.com.br\/saude\/imunidade-pos-vacina-eficacia\/\">Imunidade p\u00f3s-vacina pode demorar semanas, dizem especialistas<\/a><\/span><span class=\"widget-news-item-date\">18 fev 2021 &#8211; 11h02<\/span><\/div>\n<\/li>\n<li class=\"widget-news-item without-thumb with-border\">\n<div class=\"widget-news-info\"><a href=\"http:\/\/vejasp.abril.com.br\/cidades\">Cidades<\/a><span class=\"widget-news-item-title\"><a href=\"https:\/\/vejasp.abril.com.br\/cidades\/assalto-morte-motorista-app\/\">Motorista de aplicativo \u00e9 morta com 71 facadas durante assalto<\/a><\/span><span class=\"widget-news-item-date\">18 fev 2021 &#8211; 09h02<\/span><\/div>\n<\/li>\n<\/div>\n<\/div>\n<\/div>\n<p>&nbsp;<\/p>\n<div id=\"mais_lidas\" class=\"block related-posts mais-lidas\">\n<ul class=\"block-menu\">\n<li data-tab=\"tab-1\" class=\"active\">Mais lidas<\/li>\n<\/ul>\n<div id=\"tab-1\" class=\"block-content active\">\n<div class=\"row\">\n<div class=\"col-s-12 col-l-3\"><a href=\"https:\/\/vejasp.abril.com.br\/cultura-lazer\/silvio-santos-perdao-hebe-camargo-velorio\/\" class=\"card\"><span class=\"category hide-s\">Cultura &amp; Lazer<\/span><img title = \"[Tags]\"data-src=\"https:\/\/vejasp.abril.com.br\/wp-content\/uploads\/2020\/07\/SILVIO-SANTOS-HEBE-CAMARGO-2010-TELETON-3.jpg.jpg?quality=70&amp;strip=info&amp;w=680&amp;h=453&amp;crop=1\"alt = \"WhatsApp-Image-2021-02-18-at-12.51.52 Vazamento de g\u00e1s provoca inc\u00eandio e explos\u00f5es no Itaim Bibi\" class=\"lazyload media\"><span class=\"category hide-l\">Cultura &amp; Lazer<\/span><span class=\"title\">Silvio Santos pediu perd\u00e3o a Hebe durante vel\u00f3rio, diz Lilian Gon\u00e7alves<\/span><\/a><\/div>\n<div class=\"col-s-12 col-l-3\"><a href=\"https:\/\/vejasp.abril.com.br\/cultura-lazer\/principe-philip-internado\/\" class=\"card\"><span class=\"category hide-s\">Cultura &amp; Lazer<\/span><img title = \"[Tags]\"data-src=\"https:\/\/vejasp.abril.com.br\/wp-content\/uploads\/2021\/02\/102717857_683397922225180_4785435653479921477_n.jpg?quality=70&amp;strip=info&amp;crop=0px%2C0px%2C815px%2C554px&amp;resize=680%2C453\"alt = \"WhatsApp-Image-2021-02-18-at-12.51.52 Vazamento de g\u00e1s provoca inc\u00eandio e explos\u00f5es no Itaim Bibi\" class=\"lazyload media\"><span class=\"category hide-l\">Cultura &amp; Lazer<\/span><span class=\"title\">Pr\u00edncipe Philip, de 99 anos, \u00e9 internado em hospital de Londres<\/span><\/a><\/div>\n<div class=\"col-s-12 col-l-3\"><a href=\"https:\/\/vejasp.abril.com.br\/cidades\/bruno-covas-internado-nodulo-figado\/\" class=\"card\"><span class=\"category hide-s\">Cidades<\/span><img title = \"[Tags]\"data-src=\"https:\/\/vejasp.abril.com.br\/wp-content\/uploads\/2020\/06\/Bruno-Covas-1.jpg?quality=70&amp;strip=info&amp;w=473&amp;h=295&amp;crop=1\"alt = \"WhatsApp-Image-2021-02-18-at-12.51.52 Vazamento de g\u00e1s provoca inc\u00eandio e explos\u00f5es no Itaim Bibi\" class=\"lazyload media\"><span class=\"category hide-l\">Cidades<\/span><span class=\"title\">Bruno Covas \u00e9 internado ap\u00f3s surgimento de n\u00f3dulo no f\u00edgado<\/span><\/a><\/div>\n<div class=\"col-s-12 col-l-3\"><a href=\"https:\/\/vejasp.abril.com.br\/cidades\/gracyanne-barbosa-defende-belo-prisao\/\" class=\"card\"><span class=\"category hide-s\">Cidades<\/span><img title = \"[Tags]\"data-src=\"https:\/\/vejasp.abril.com.br\/wp-content\/uploads\/2021\/02\/xgraoficial_1349880613856714327269813274891634964702926n-28129.jpg.pagespeed.ic_.fHNiPyC6fj.jpg?quality=70&amp;strip=info&amp;crop=0px%2C6px%2C448px%2C305px&amp;resize=680%2C453\"alt = \"WhatsApp-Image-2021-02-18-at-12.51.52 Vazamento de g\u00e1s provoca inc\u00eandio e explos\u00f5es no Itaim Bibi\" class=\"lazyload media\"><span class=\"category hide-l\">Cidades<\/span><span class=\"title\">Gracyanne Barbosa fala sobre pris\u00e3o de Belo<\/span><\/a><\/div>\n<\/div>\n<\/div>\n<\/div>\n<div class=\"ads post-ads\"><span class=\"title\">Continua ap\u00f3s a publicidade<\/span><\/p>\n<div id=\"abrAD_rectangle3\" class=\"abrAD\" data-ad-><\/div>\n<\/div>\n<p><script async src=\"http:\/\/platform.twitter.com\/widgets.js\" charset=\"utf-8\"><\/script><br \/>\n<br \/><br \/>\n<br \/><a href=\"https:\/\/vejasp.abril.com.br\/cidades\/vazamento-gas-incendio-brooklyn\/\">Fonte do Artigo <\/a><br \/>\nTags:<br \/>\n#loterias #loteriascaixa #megasena #resultadoapostas#noticias #noticiario  #noticia #brasil #noticiascolombia #mundo #esporte #colombia #noticiadeld #ltimasnoticias  #noticiario #noticiasregionales #noticiasdepartamentales #noticiashoy #esportes #noticiaahora #elinformantenoticias #noticiasdeboyac  #esporteinterativo #esportivo #diariodosesportes  #noticiero  #jogodefutebol #jogos #loto #apostas<\/p>\n","protected":false},"excerpt":{"rendered":"<p>Um forte inc\u00eandio atinge um terreno no cruzamento da Avenida Santo Amaro com a Rua Joaquim Nabuco, no Itaim Bibi, Zona Sul da capital, nesta quinta-feira (18). No local funcionava um posto de gasolina. Segundo informa\u00e7\u00f5es preliminares, uma escavadeira que fazia obras acabou atingindo uma tubula\u00e7\u00e3o de g\u00e1s, o que teria provocado o inc\u00eandio. O [&hellip;]<\/p>\n","protected":false},"author":1,"featured_media":66348,"comment_status":"open","ping_status":"open","sticky":false,"template":"","format":"standard","meta":{"footnotes":""},"categories":[1],"tags":[],"class_list":["post-66347","post","type-post","status-publish","format-standard","has-post-thumbnail","hentry","category-curso-de-copy"],"_links":{"self":[{"href":"https:\/\/wiy.com.br\/noticias\/wp-json\/wp\/v2\/posts\/66347","targetHints":{"allow":["GET"]}}],"collection":[{"href":"https:\/\/wiy.com.br\/noticias\/wp-json\/wp\/v2\/posts"}],"about":[{"href":"https:\/\/wiy.com.br\/noticias\/wp-json\/wp\/v2\/types\/post"}],"author":[{"embeddable":true,"href":"https:\/\/wiy.com.br\/noticias\/wp-json\/wp\/v2\/users\/1"}],"replies":[{"embeddable":true,"href":"https:\/\/wiy.com.br\/noticias\/wp-json\/wp\/v2\/comments?post=66347"}],"version-history":[{"count":0,"href":"https:\/\/wiy.com.br\/noticias\/wp-json\/wp\/v2\/posts\/66347\/revisions"}],"wp:featuredmedia":[{"embeddable":true,"href":"https:\/\/wiy.com.br\/noticias\/wp-json\/wp\/v2\/media\/66348"}],"wp:attachment":[{"href":"https:\/\/wiy.com.br\/noticias\/wp-json\/wp\/v2\/media?parent=66347"}],"wp:term":[{"taxonomy":"category","embeddable":true,"href":"https:\/\/wiy.com.br\/noticias\/wp-json\/wp\/v2\/categories?post=66347"},{"taxonomy":"post_tag","embeddable":true,"href":"https:\/\/wiy.com.br\/noticias\/wp-json\/wp\/v2\/tags?post=66347"}],"curies":[{"name":"wp","href":"https:\/\/api.w.org\/{rel}","templated":true}]}}