{"id":66339,"date":"2023-02-26T14:59:24","date_gmt":"2023-02-26T17:59:24","guid":{"rendered":"https:\/\/wiy.com.br\/noticias\/tesla-model-3-e-model-y-passam-por-reajuste-de-preco-e-ficam-mais-baratos\/"},"modified":"2021-02-18T11:17:14","modified_gmt":"2021-02-18T13:17:14","slug":"tesla-model-3-e-model-y-passam-por-reajuste-de-preco-e-ficam-mais-baratos","status":"publish","type":"post","link":"https:\/\/wiy.com.br\/noticias\/tesla-model-3-e-model-y-passam-por-reajuste-de-preco-e-ficam-mais-baratos\/","title":{"rendered":"Tesla Model 3 e Model Y passam por reajuste de pre\u00e7o e ficam mais baratos"},"content":{"rendered":"<p> <br \/>\n<\/p>\n<p>A Tesla atualizou os pre\u00e7os dos ve\u00edculos b\u00e1sicos das linhas <a href=\"https:\/\/olhardigital.com.br\/2021\/01\/08\/videos\/tesla-model-3-percorre-mais-de-500-km-com-piloto-automatico\/\" target=\"_blank\" rel=\"noreferrer noopener\">Model 3<\/a> e <a href=\"https:\/\/olhardigital.com.br\/2021\/01\/13\/noticias\/tesla-model-y-nota-maxima-testes-seguranca-com-batidas\/\" target=\"_blank\" rel=\"noreferrer noopener\">Model Y<\/a>. Agora, com as altera\u00e7\u00f5es, os carros el\u00e9tricos tornaram-se ainda mais competitivos em alguns mercados.&nbsp;&nbsp;<\/p>\n<p>Com as mudan\u00e7as, a vers\u00e3o Standard Range Plus, que tem autonomia de 423 quil\u00f4metros, passou a custar US$ 36.990 (R$ 200 mil em convers\u00e3o direta), uma diminui\u00e7\u00e3o de US$ 1.000 em rela\u00e7\u00e3o ao valor original.&nbsp;&nbsp;<\/p>\n<p>No caso do <a href=\"https:\/\/olhardigital.com.br\/2020\/12\/17\/videos\/tesla-comeca-a-produzir-o-model-y-na-fabrica-de-xangai\/\" target=\"_blank\" rel=\"noreferrer noopener\">Model Y<\/a>, a altera\u00e7\u00e3o de pre\u00e7o \u00e9 de US$ 2.000. O pre\u00e7o do ve\u00edculo caiu de US$ 41.990 (R$ 227 mil em convers\u00e3o direta) para US$ 39.990 (R$ 216 mil).&nbsp;<\/p>\n<p>Os valores menores afetam apenas as variantes b\u00e1sicas em ambos os modelos. As vers\u00f5es intermedi\u00e1rias continuam custando o mesmo. No entanto, o chamado modelo Performance dos dois enfrentam aumento.&nbsp;&nbsp;<\/p>\n<p>Em ambos os casos, o aumento foi de US$ 1.000. O <a href=\"https:\/\/olhardigital.com.br\/2020\/12\/29\/noticias\/tesla-model-3-e-a-aposta-de-musk-para-a-india-em-2021\/\" target=\"_blank\" rel=\"noreferrer noopener\">Model 3<\/a> saindo de US$ 54.990 para US$ 55.990, e o <a href=\"https:\/\/olhardigital.com.br\/2020\/10\/05\/noticias\/tesla-model-y-perde-teto-e-vira-carro-conversivel-em-plena-rodovia\/\" target=\"_blank\" rel=\"noreferrer noopener\">Model Y<\/a> custando US$ 60.990 \u2013 sendo o valor anterior US$ 59.990&nbsp;<\/p>\n<figure class=\"wp-block-image size-large\"><img title = \"[Tags]\"decoding=\"async\" loading=\"lazy\" width=\"1024\" height=\"474\" src=\"https:\/\/olhardigital.com.br\/wp-content\/uploads\/2021\/02\/Tesla-Model-3-1024x474.jpg\"alt = \"Tesla-Model-3-1024x474 Tesla Model 3 e Model Y passam por reajuste de pre\u00e7o e ficam mais baratos\" class=\"wp-image-133304\" \/><figcaption>Vers\u00e3o b\u00e1sica do Model 3 teve uma diminui\u00e7\u00e3o de US$ 1.000. Foto: Tesla<\/figcaption><\/figure>\n<p>Como citado, os ajustes de pre\u00e7o podem ajudar a tornar os carros mais acess\u00edveis para algumas pessoas. Principalmente no caso da <a href=\"https:\/\/olhardigital.com.br\/2020\/12\/14\/noticias\/california-se-junta-ao-processo-antitruste-contra-o-google\/\" target=\"_blank\" rel=\"noreferrer noopener\">Calif\u00f3rnia<\/a> que, por exemplo, oferece um incentivo de US$ 1.500 para quem adquirir carros que usam combust\u00edvel limpo. Isso faz com que o pre\u00e7o ca\u00edsse para pouco mais de US$ 35 mil.&nbsp;&nbsp;<\/p>\n<p>Em outro exemplo, nos <a href=\"https:\/\/olhardigital.com.br\/2021\/01\/15\/noticias\/nove-empresas-chinesas-entram-em-lista-de-restricao-dos-estados-unidos\/\" target=\"_blank\" rel=\"noreferrer noopener\">Estados Unidos<\/a>, a partir de um cr\u00e9dito fiscal de US$ 7 mil planejado pela administra\u00e7\u00e3o do presidente Joe Biden, o Model 3 poderia ser adquirido por menos de US$ 30 mil.&nbsp;&nbsp;<\/p>\n<p>Essa diminui\u00e7\u00e3o afeta o mercado e os concorrentes da Tesla no caso do Model Y. Isso porque os US$ 39.990 da vers\u00e3o b\u00e1sica o coloca em igualdade com concorrentes semelhantes, como o <a href=\"https:\/\/olhardigital.com.br\/2021\/02\/12\/noticias\/volkswagen-usara-nuvem-da-microsoft-para-desenvolver-veiculos-autonomos\/\" target=\"_blank\" rel=\"noreferrer noopener\">Volkswagen<\/a> ID.4, que tem pre\u00e7o sugerido de US$ 39.995.&nbsp;<\/p>\n<p>Com esses ajustes, a empresa deu mais um passo para chegar \u00e0s estimativas de pre\u00e7o planejadas para o Model 3 e o Model Y. A empresa tinha planos de conseguir comercializar o primeiro modelo por US$ 35 mil, enquanto o Model Y foi anunciado com pre\u00e7o inicial de US$ 39 mil.&nbsp;<\/p>\n<p>Via: <em><a href=\"https:\/\/www.teslarati.com\/tesla-model-y-model-3-base-price-update\/\" target=\"_blank\" rel=\"noreferrer noopener\">Teslarati<\/a><\/em><\/p>\n<p>O post <a rel=\"nofollow\" href=\"https:\/\/olhardigital.com.br\/2021\/02\/18\/carros-e-tecnologia\/tesla-model-3-model-y-passam-reajuste-preco-mais-baratos\/\">Tesla Model 3 e Model Y passam por reajuste de pre\u00e7o e ficam mais baratos<\/a> apareceu primeiro em <a rel=\"nofollow\" href=\"https:\/\/olhardigital.com.br\">Olhar Digital<\/a>.<\/p>\n<p><br \/>\n<br \/><a href=\"https:\/\/olhardigital.com.br\/2021\/02\/18\/carros-e-tecnologia\/tesla-model-3-model-y-passam-reajuste-preco-mais-baratos\/\">Fonte do Artigo <\/a><br \/>\nTags:<\/p>\n<p><a href=\"https:\/\/wiy.com.br\/noticias\/categoria\/tecnologia\/\">#tecnologia<\/a> <a href=\"https:\/\/wiy.com.br\/noticias\/categoria\/tecnologia\/\">#tecnologias<\/a> <a href=\"https:\/\/wiy.com.br\/noticias\/categoria\/tecnologia\/\">#technology<\/a> <a href=\"https:\/\/wiy.com.br\/noticias\/categoria\/tecnologia\/\">#tecnolog<\/a> <a href=\"https:\/\/wiy.com.br\/noticias\/categoria\/tecnologia\/\">#iphone<\/a> <a href=\"https:\/\/wiy.com.br\/noticias\/categoria\/tecnologia\/\">#informatica<\/a> <a href=\"https:\/\/wiy.com.br\/noticias\/categoria\/tecnologia\/\">#tech<\/a> <a href=\"https:\/\/wiy.com.br\/noticias\/categoria\/tecnologia\/\">#design<\/a> <a href=\"https:\/\/wiy.com.br\/noticias\/categoria\/tecnologia\/\">#samsung<\/a> <a href=\"https:\/\/wiy.com.br\/noticias\/categoria\/tecnologia\/\">#internet<\/a> <a href=\"https:\/\/wiy.com.br\/noticias\/categoria\/tecnologia\/\">#apple<\/a> <a href=\"https:\/\/wiy.com.br\/noticias\/categoria\/tecnologia\/\">#smartphone<\/a> <a href=\"https:\/\/wiy.com.br\/noticias\/categoria\/tecnologia\/\">#seguranca<\/a> <a href=\"https:\/\/wiy.com.br\/noticias\/categoria\/tecnologia\/\">#venezuela<\/a> <a href=\"https:\/\/wiy.com.br\/noticias\/categoria\/tecnologia\/\">#celular<\/a> <a href=\"https:\/\/wiy.com.br\/noticias\/categoria\/tecnologia\/\">#celulares<\/a> <a href=\"https:\/\/wiy.com.br\/noticias\/categoria\/tecnologia\/\">#inovar<\/a> <a href=\"https:\/\/wiy.com.br\/noticias\/categoria\/tecnologia\/\">#qualidade<\/a> <a href=\"https:\/\/wiy.com.br\/noticias\/categoria\/tecnologia\/\">#software<\/a> <a href=\"https:\/\/wiy.com.br\/noticias\/categoria\/tecnologia\/\">#empresas<\/a> <a href=\"https:\/\/wiy.com.br\/noticias\/categoria\/tecnologia\/\">#cursos<\/a> <a href=\"https:\/\/wiy.com.br\/noticias\/categoria\/tecnologia\/\">#engenharia<\/a> <a href=\"https:\/\/wiy.com.br\/noticias\/categoria\/tecnologia\/\">#industria<\/a> <a href=\"https:\/\/wiy.com.br\/noticias\/categoria\/tecnologia\/\">#marketing<\/a> <a href=\"https:\/\/wiy.com.br\/noticias\/categoria\/tecnologia\/\">#ti<\/a> <a href=\"https:\/\/wiy.com.br\/noticias\/categoria\/tecnologia\/\">#tecnoblog<\/a> <a href=\"https:\/\/wiy.com.br\/noticias\/categoria\/tecnologia\/\">#veja<\/a> <a href=\"https:\/\/wiy.com.br\/noticias\/categoria\/tecnologia\/\">#olhardigital<\/a> <a href=\"https:\/\/wiy.com.br\/noticias\/categoria\/tecnologia\/\">#mundodigital<\/a> <a href=\"https:\/\/wiy.com.br\/noticias\/categoria\/tecnologia\/\">#inteligenciaartificial<\/a> <a href=\"https:\/\/wiy.com.br\/criacao-de-sites\/\">#criar site<\/a> <a href=\"https:\/\/wiy.com.br\/criacao-de-sites\/\">#criar site curitiba<\/a> <a href=\"https:\/\/wiy.com.br\/criacao-de-sites\/\">#wiysolutions<\/a><\/p>\n","protected":false},"excerpt":{"rendered":"<p>A Tesla atualizou os pre\u00e7os dos ve\u00edculos b\u00e1sicos das linhas Model 3 e Model Y. Agora, com as altera\u00e7\u00f5es, os carros el\u00e9tricos tornaram-se ainda mais competitivos em alguns mercados.&nbsp;&nbsp; Com as mudan\u00e7as, a vers\u00e3o Standard Range Plus, que tem autonomia de 423 quil\u00f4metros, passou a custar US$ 36.990 (R$ 200 mil em convers\u00e3o direta), uma [&hellip;]<\/p>\n","protected":false},"author":1,"featured_media":66340,"comment_status":"open","ping_status":"open","sticky":false,"template":"","format":"standard","meta":{"footnotes":""},"categories":[5],"tags":[],"class_list":["post-66339","post","type-post","status-publish","format-standard","has-post-thumbnail","hentry","category-tecnologia"],"_links":{"self":[{"href":"https:\/\/wiy.com.br\/noticias\/wp-json\/wp\/v2\/posts\/66339","targetHints":{"allow":["GET"]}}],"collection":[{"href":"https:\/\/wiy.com.br\/noticias\/wp-json\/wp\/v2\/posts"}],"about":[{"href":"https:\/\/wiy.com.br\/noticias\/wp-json\/wp\/v2\/types\/post"}],"author":[{"embeddable":true,"href":"https:\/\/wiy.com.br\/noticias\/wp-json\/wp\/v2\/users\/1"}],"replies":[{"embeddable":true,"href":"https:\/\/wiy.com.br\/noticias\/wp-json\/wp\/v2\/comments?post=66339"}],"version-history":[{"count":0,"href":"https:\/\/wiy.com.br\/noticias\/wp-json\/wp\/v2\/posts\/66339\/revisions"}],"wp:featuredmedia":[{"embeddable":true,"href":"https:\/\/wiy.com.br\/noticias\/wp-json\/wp\/v2\/media\/66340"}],"wp:attachment":[{"href":"https:\/\/wiy.com.br\/noticias\/wp-json\/wp\/v2\/media?parent=66339"}],"wp:term":[{"taxonomy":"category","embeddable":true,"href":"https:\/\/wiy.com.br\/noticias\/wp-json\/wp\/v2\/categories?post=66339"},{"taxonomy":"post_tag","embeddable":true,"href":"https:\/\/wiy.com.br\/noticias\/wp-json\/wp\/v2\/tags?post=66339"}],"curies":[{"name":"wp","href":"https:\/\/api.w.org\/{rel}","templated":true}]}}