{"id":66080,"date":"2023-02-26T15:09:14","date_gmt":"2023-02-26T18:09:14","guid":{"rendered":"https:\/\/wiy.com.br\/noticias\/apos-ford-e-mercedes-audi-paralisa-a-producao-de-seus-carros-no-brasil\/"},"modified":"2021-02-12T05:40:06","modified_gmt":"2021-02-12T07:40:06","slug":"apos-ford-e-mercedes-audi-paralisa-a-producao-de-seus-carros-no-brasil","status":"publish","type":"post","link":"https:\/\/wiy.com.br\/noticias\/apos-ford-e-mercedes-audi-paralisa-a-producao-de-seus-carros-no-brasil\/","title":{"rendered":"Ap\u00f3s Ford e Mercedes, Audi paralisa a produ\u00e7\u00e3o de seus carros no Brasil"},"content":{"rendered":"<p> <br \/>\n<\/p>\n<p>A Audi,&nbsp;<a href=\"https:\/\/olhardigital.com.br\/2021\/02\/10\/carros-e-tecnologia\/audi-apresenta-o-e-tron-gt-seu-primeiro-seda-eletrico-com-versao-rs-de-598-cv-de-potencia\/\" target=\"_blank\" rel=\"noreferrer noopener\">divis\u00e3o de carros de luxo do Grupo Volkswagen<\/a>, decidiu paralisar&nbsp;a produ\u00e7\u00e3o de seus carros no Brasil. Diferente de&nbsp;<a href=\"https:\/\/olhardigital.com.br\/2020\/12\/18\/carros-e-tecnologia\/mercedes-encerra-fabricacao-de-carros-no-brasil-audi-pode-ser-a-proxima\/\" target=\"_blank\" rel=\"noreferrer noopener\">Mercedes<\/a>&nbsp;e&nbsp;<a href=\"https:\/\/olhardigital.com.br\/2021\/01\/11\/noticias\/ford-ira-fechar-suas-tres-fabricas-no-brasil\/\" target=\"_blank\" rel=\"noreferrer noopener\">Ford<\/a>, que decidiram encerrar suas atividades no Brasil, a empresa alem\u00e3 trata a&nbsp;paralisa\u00e7\u00e3o apenas como uma suspen\u00e7\u00e3o&nbsp;at\u00e9 o momento, sendo assim, ainda h\u00e1 uma possibilidade&nbsp;de as&nbsp;opera\u00e7\u00f5es serem retomadas.&nbsp;<\/p>\n<p>O \u00fanico modelo da Audi fabricado no Brasil era o A3&nbsp;Sedan,&nbsp;produzido em uma f\u00e1brica&nbsp;da Volkswagen&nbsp;em S\u00e3o Jos\u00e9 dos Pinhais, no Paran\u00e1,&nbsp;onde tamb\u00e9m s\u00e3o montados o Fox e o T-Cross. O sedan de luxo&nbsp;j\u00e1 n\u00e3o constava no site da montadora desde dezembro de 2020, quando foi oficializada a sua sa\u00edda do mercado.&nbsp;<\/p>\n<p>Em nota, a Audi informou que aguarda decis\u00f5es que ser\u00e3o tomadas na matriz, al\u00e9m de cr\u00e9ditos de IPI\u00a0que somam R$ 289 milh\u00f5es\u00a0que o governo deve para a montadora\u00a0para confirmar se um novo produto ser\u00e1 montado na f\u00e1brica ou se ela ser\u00e1 fechada de vez.\u00a0Este valor \u00e9 referente a um b\u00f4nus prometido para Audi, Mercedes e\u00a0<a href=\"https:\/\/olhardigital.com.br\/2020\/12\/30\/carros-e-tecnologia\/bmw-confirma-modelo-mais-potente-da-historia-para-2021\/\" target=\"_blank\" rel=\"noreferrer noopener\">BMW<\/a>\u00a0para produ\u00e7\u00e3o de carros no Brasil.<\/p>\n<figure class=\"wp-block-image size-large\"><img title = \"[Tags]\"decoding=\"async\" loading=\"lazy\" width=\"1024\" height=\"320\" src=\"https:\/\/olhardigital.com.br\/wp-content\/uploads\/2021\/02\/Fabrica-da-Audi-no-Brasil-1024x320.jpeg\"alt = \"Fabrica-da-Audi-no-Brasil-1024x320 Ap\u00f3s Ford e Mercedes, Audi paralisa a produ\u00e7\u00e3o de seus carros no Brasil\" class=\"wp-image-131130\" \/><figcaption>F\u00e1brica da Audi no Brasil &#8211; Foto: Reprodu\u00e7\u00e3o\/Grupo Volkswagen do Brasil<\/figcaption><\/figure>\n<h2 id=\"h-marca-pode-sair-do-brasil-pela-segunda-vez\"><strong>Marca pode sair do Brasil pela segunda vez<\/strong><\/h2>\n<p>Caso a sa\u00edda seja confirmada, esta ser\u00e1 a segunda vez que a Audi deixa de produzir seus carros no Brasil. A primeira foi em 2006, quando a montadora deixou de fabricar o A3&nbsp;Hatch, que era&nbsp;produzido na mesma f\u00e1brica de S\u00e3o Jos\u00e9 dos Pinhais, \u00e0 \u00e9poca, juntamente com o Golf.&nbsp;<\/p>\n<p>Entretanto, ap\u00f3s o acordo com a gest\u00e3o de Dilma Rousseff, a montadora voltou ao Brasil em 2015 para produzir dois modelos no Paran\u00e1, o A3 Sedan e o&nbsp;SUV compacto Q3. O segundo deixou de ser montado no Brasil em 2019.&nbsp;<\/p>\n<p>Al\u00e9m de um novo modelo da Audi, a Volkswagen tamb\u00e9m estuda a instala\u00e7\u00e3o de uma linha de montagem da nova&nbsp;Tarok, uma picape um pouco menor que a&nbsp;Amarok&nbsp;feita na plataforma do Polo para competir com a&nbsp;<a href=\"https:\/\/olhardigital.com.br\/2020\/03\/04\/carros-e-tecnologia\/carro-eletrico-da-fiat-com-autonomia-de-320-km-chega-ao-brasil-em-2020\/\" target=\"_blank\" rel=\"noreferrer noopener\">Fiat<\/a>&nbsp;Toro.&nbsp;<\/p>\n<p>Fonte:&nbsp;<a href=\"https:\/\/autoesporte.globo.com\/mercado\/noticia\/2021\/02\/audi-suspende-producao-de-carros-no-brasil.ghtml\" target=\"_blank\" rel=\"noreferrer noopener\">Auto Esporte<\/a>&nbsp;<\/p>\n<p>J\u00e1 assistiu aos nossos novos v\u00eddeos no\u00a0<a href=\"http:\/\/www.youtube.com\/channel\/UCGV72aVJuWP0QPNGH4YgIww?sub_confirmation=1\" target=\"_blank\" rel=\"noreferrer noopener\">YouTube<\/a>? Inscreva-se no nosso\u00a0canal!<\/p>\n<figure class=\"wp-block-embed-youtube wp-block-embed is-type-video is-provider-youtube wp-embed-aspect-16-9 wp-has-aspect-ratio\">\n<div class=\"wp-block-embed__wrapper\">\n<\/div>\n<\/figure>\n<p>O post <a rel=\"nofollow\" href=\"https:\/\/olhardigital.com.br\/2021\/02\/12\/carros-e-tecnologia\/apos-ford-e-mercedes-audi-paralisa-a-producao-de-seus-carros-no-brasil\/\">Ap\u00f3s Ford e Mercedes, Audi paralisa a produ\u00e7\u00e3o de seus carros no Brasil<\/a> apareceu primeiro em <a rel=\"nofollow\" href=\"https:\/\/olhardigital.com.br\">Olhar Digital<\/a>.<\/p>\n<p><br \/>\n<br \/><a href=\"https:\/\/olhardigital.com.br\/2021\/02\/12\/carros-e-tecnologia\/apos-ford-e-mercedes-audi-paralisa-a-producao-de-seus-carros-no-brasil\/\">Fonte do Artigo <\/a><br \/>\nTags:<\/p>\n<p><a href=\"https:\/\/wiy.com.br\/noticias\/categoria\/tecnologia\/\">#tecnologia<\/a> <a href=\"https:\/\/wiy.com.br\/noticias\/categoria\/tecnologia\/\">#tecnologias<\/a> <a href=\"https:\/\/wiy.com.br\/noticias\/categoria\/tecnologia\/\">#technology<\/a> <a href=\"https:\/\/wiy.com.br\/noticias\/categoria\/tecnologia\/\">#tecnolog<\/a> <a href=\"https:\/\/wiy.com.br\/noticias\/categoria\/tecnologia\/\">#iphone<\/a> <a href=\"https:\/\/wiy.com.br\/noticias\/categoria\/tecnologia\/\">#informatica<\/a> <a href=\"https:\/\/wiy.com.br\/noticias\/categoria\/tecnologia\/\">#tech<\/a> <a href=\"https:\/\/wiy.com.br\/noticias\/categoria\/tecnologia\/\">#design<\/a> <a href=\"https:\/\/wiy.com.br\/noticias\/categoria\/tecnologia\/\">#samsung<\/a> <a href=\"https:\/\/wiy.com.br\/noticias\/categoria\/tecnologia\/\">#internet<\/a> <a href=\"https:\/\/wiy.com.br\/noticias\/categoria\/tecnologia\/\">#apple<\/a> <a href=\"https:\/\/wiy.com.br\/noticias\/categoria\/tecnologia\/\">#smartphone<\/a> <a href=\"https:\/\/wiy.com.br\/noticias\/categoria\/tecnologia\/\">#seguranca<\/a> <a href=\"https:\/\/wiy.com.br\/noticias\/categoria\/tecnologia\/\">#venezuela<\/a> <a href=\"https:\/\/wiy.com.br\/noticias\/categoria\/tecnologia\/\">#celular<\/a> <a href=\"https:\/\/wiy.com.br\/noticias\/categoria\/tecnologia\/\">#celulares<\/a> <a href=\"https:\/\/wiy.com.br\/noticias\/categoria\/tecnologia\/\">#inovar<\/a> <a href=\"https:\/\/wiy.com.br\/noticias\/categoria\/tecnologia\/\">#qualidade<\/a> <a href=\"https:\/\/wiy.com.br\/noticias\/categoria\/tecnologia\/\">#software<\/a> <a href=\"https:\/\/wiy.com.br\/noticias\/categoria\/tecnologia\/\">#empresas<\/a> <a href=\"https:\/\/wiy.com.br\/noticias\/categoria\/tecnologia\/\">#cursos<\/a> <a href=\"https:\/\/wiy.com.br\/noticias\/categoria\/tecnologia\/\">#engenharia<\/a> <a href=\"https:\/\/wiy.com.br\/noticias\/categoria\/tecnologia\/\">#industria<\/a> <a href=\"https:\/\/wiy.com.br\/noticias\/categoria\/tecnologia\/\">#marketing<\/a> <a href=\"https:\/\/wiy.com.br\/noticias\/categoria\/tecnologia\/\">#ti<\/a> <a href=\"https:\/\/wiy.com.br\/noticias\/categoria\/tecnologia\/\">#tecnoblog<\/a> <a href=\"https:\/\/wiy.com.br\/noticias\/categoria\/tecnologia\/\">#veja<\/a> <a href=\"https:\/\/wiy.com.br\/noticias\/categoria\/tecnologia\/\">#olhardigital<\/a> <a href=\"https:\/\/wiy.com.br\/noticias\/categoria\/tecnologia\/\">#mundodigital<\/a> <a href=\"https:\/\/wiy.com.br\/noticias\/categoria\/tecnologia\/\">#inteligenciaartificial<\/a> <a href=\"https:\/\/wiy.com.br\/criacao-de-sites\/\">#criar site<\/a> <a href=\"https:\/\/wiy.com.br\/criacao-de-sites\/\">#criar site curitiba<\/a> <a href=\"https:\/\/wiy.com.br\/criacao-de-sites\/\">#wiysolutions<\/a><\/p>\n","protected":false},"excerpt":{"rendered":"<p>A Audi,&nbsp;divis\u00e3o de carros de luxo do Grupo Volkswagen, decidiu paralisar&nbsp;a produ\u00e7\u00e3o de seus carros no Brasil. Diferente de&nbsp;Mercedes&nbsp;e&nbsp;Ford, que decidiram encerrar suas atividades no Brasil, a empresa alem\u00e3 trata a&nbsp;paralisa\u00e7\u00e3o apenas como uma suspen\u00e7\u00e3o&nbsp;at\u00e9 o momento, sendo assim, ainda h\u00e1 uma possibilidade&nbsp;de as&nbsp;opera\u00e7\u00f5es serem retomadas.&nbsp; O \u00fanico modelo da Audi fabricado no Brasil era [&hellip;]<\/p>\n","protected":false},"author":1,"featured_media":66081,"comment_status":"open","ping_status":"open","sticky":false,"template":"","format":"standard","meta":{"footnotes":""},"categories":[5],"tags":[],"class_list":["post-66080","post","type-post","status-publish","format-standard","has-post-thumbnail","hentry","category-tecnologia"],"_links":{"self":[{"href":"https:\/\/wiy.com.br\/noticias\/wp-json\/wp\/v2\/posts\/66080","targetHints":{"allow":["GET"]}}],"collection":[{"href":"https:\/\/wiy.com.br\/noticias\/wp-json\/wp\/v2\/posts"}],"about":[{"href":"https:\/\/wiy.com.br\/noticias\/wp-json\/wp\/v2\/types\/post"}],"author":[{"embeddable":true,"href":"https:\/\/wiy.com.br\/noticias\/wp-json\/wp\/v2\/users\/1"}],"replies":[{"embeddable":true,"href":"https:\/\/wiy.com.br\/noticias\/wp-json\/wp\/v2\/comments?post=66080"}],"version-history":[{"count":0,"href":"https:\/\/wiy.com.br\/noticias\/wp-json\/wp\/v2\/posts\/66080\/revisions"}],"wp:featuredmedia":[{"embeddable":true,"href":"https:\/\/wiy.com.br\/noticias\/wp-json\/wp\/v2\/media\/66081"}],"wp:attachment":[{"href":"https:\/\/wiy.com.br\/noticias\/wp-json\/wp\/v2\/media?parent=66080"}],"wp:term":[{"taxonomy":"category","embeddable":true,"href":"https:\/\/wiy.com.br\/noticias\/wp-json\/wp\/v2\/categories?post=66080"},{"taxonomy":"post_tag","embeddable":true,"href":"https:\/\/wiy.com.br\/noticias\/wp-json\/wp\/v2\/tags?post=66080"}],"curies":[{"name":"wp","href":"https:\/\/api.w.org\/{rel}","templated":true}]}}