{"id":6603,"date":"2023-02-26T15:13:33","date_gmt":"2023-02-26T18:13:33","guid":{"rendered":"https:\/\/wiy.com.br\/noticias\/north-west-filha-de-kim-kardashian-e-kanye-west-estrela-sua-primeira-capa-de-revista-aos-5-anos\/"},"modified":"2019-02-23T08:17:43","modified_gmt":"2019-02-23T11:17:43","slug":"north-west-filha-de-kim-kardashian-e-kanye-west-estrela-sua-primeira-capa-de-revista-aos-5-anos","status":"publish","type":"post","link":"https:\/\/wiy.com.br\/noticias\/north-west-filha-de-kim-kardashian-e-kanye-west-estrela-sua-primeira-capa-de-revista-aos-5-anos\/","title":{"rendered":"North West, filha de Kim Kardashian e Kanye West, estrela sua primeira capa de revista aos 5 anos"},"content":{"rendered":"<p> <br \/>\n<br \/>N\u00e3o precisou de muito tempo para que North West, a filha mais velha de Kim Kardashian e Kanye West, come\u00e7asse a trilhar os passos da m\u00e3e. Aos 5 anos, a menina acaba de posar para sua primeira capa de revista, um suplemento de beleza do &#8220;WWD&#8221;. &#8220;Ela&#8230;<br \/>\n<br \/><br \/>\n<br \/><a href=\"https:\/\/oglobo.globo.com\/ela\/gente\/north-west-filha-de-kim-kardashian-kanye-west-estrela-sua-primeira-capa-de-revista-aos-5-anos-23476148\">Fonte do Artigo <\/a><\/p>\n<p>#noticias #news #o #brasil #venezuela #n #jornalismo #a #love #like #bbb #musica #colombia #tv #blog #fofoca #mexico #gay #caracas #saopaulo #instagram #follow #not #cias #famosos #m #brazil #politica #pol #jeansobrinho<\/p>\n","protected":false},"excerpt":{"rendered":"<p>N\u00e3o precisou de muito tempo para que North West, a filha mais velha de Kim Kardashian e Kanye West, come\u00e7asse a trilhar os passos da m\u00e3e. Aos 5 anos, a menina acaba de posar para sua primeira capa de revista, um suplemento de beleza do &#8220;WWD&#8221;. &#8220;Ela&#8230; Fonte do Artigo #noticias #news #o #brasil #venezuela [&hellip;]<\/p>\n","protected":false},"author":1,"featured_media":0,"comment_status":"open","ping_status":"open","sticky":false,"template":"","format":"standard","meta":{"footnotes":""},"categories":[339],"tags":[],"class_list":["post-6603","post","type-post","status-publish","format-standard","hentry","category-negocios"],"_links":{"self":[{"href":"https:\/\/wiy.com.br\/noticias\/wp-json\/wp\/v2\/posts\/6603","targetHints":{"allow":["GET"]}}],"collection":[{"href":"https:\/\/wiy.com.br\/noticias\/wp-json\/wp\/v2\/posts"}],"about":[{"href":"https:\/\/wiy.com.br\/noticias\/wp-json\/wp\/v2\/types\/post"}],"author":[{"embeddable":true,"href":"https:\/\/wiy.com.br\/noticias\/wp-json\/wp\/v2\/users\/1"}],"replies":[{"embeddable":true,"href":"https:\/\/wiy.com.br\/noticias\/wp-json\/wp\/v2\/comments?post=6603"}],"version-history":[{"count":0,"href":"https:\/\/wiy.com.br\/noticias\/wp-json\/wp\/v2\/posts\/6603\/revisions"}],"wp:attachment":[{"href":"https:\/\/wiy.com.br\/noticias\/wp-json\/wp\/v2\/media?parent=6603"}],"wp:term":[{"taxonomy":"category","embeddable":true,"href":"https:\/\/wiy.com.br\/noticias\/wp-json\/wp\/v2\/categories?post=6603"},{"taxonomy":"post_tag","embeddable":true,"href":"https:\/\/wiy.com.br\/noticias\/wp-json\/wp\/v2\/tags?post=6603"}],"curies":[{"name":"wp","href":"https:\/\/api.w.org\/{rel}","templated":true}]}}