{"id":65881,"date":"2023-02-26T15:42:32","date_gmt":"2023-02-26T18:42:32","guid":{"rendered":"https:\/\/wiy.com.br\/noticias\/projeto-titan-hyundai-e-kia-nao-estao-mais-em-negociacoes-para-produzir-carro-eletrico-da-apple\/"},"modified":"2021-02-08T11:33:09","modified_gmt":"2021-02-08T13:33:09","slug":"projeto-titan-hyundai-e-kia-nao-estao-mais-em-negociacoes-para-produzir-carro-eletrico-da-apple","status":"publish","type":"post","link":"https:\/\/wiy.com.br\/noticias\/projeto-titan-hyundai-e-kia-nao-estao-mais-em-negociacoes-para-produzir-carro-eletrico-da-apple\/","title":{"rendered":"Projeto Titan: Hyundai e Kia n\u00e3o est\u00e3o mais em negocia\u00e7\u00f5es para produzir carro el\u00e9trico da Apple"},"content":{"rendered":"<p> <br \/>\n<\/p>\n<p>O Project Titan, <a href=\"https:\/\/olhardigital.com.br\/2021\/01\/13\/carros-e-tecnologia\/apple-teria-tentado-comprar-startup-de-carros-eletricos-em-2020\/\" target=\"_blank\" rel=\"noreferrer noopener\">iniciativa de ve\u00edculo el\u00e9trico<\/a> da Apple, ganhou as manchetes recentemente devido a rumores de que sua constru\u00e7\u00e3o seria feita com base em uma plataforma desenvolvida pela Hyundai e sua subsidi\u00e1ria Kia. No entanto, os planos devem ser diferentes, j\u00e1 que, ao que parece, ambas abandonaram o projeto.\u00a0\u00a0<\/p>\n<p>Segundo o <em>Wall Street\u00a0Journal<\/em>, a Kia chegou a procurar por potenciais parceiros recentemente para ajudar na constru\u00e7\u00e3o do ve\u00edculo \u2013 que envolveria um investimento multibilion\u00e1rio. Agora, segundo a <em>Bloomberg<\/em>, as montadoras dizem que n\u00e3o est\u00e3o mais em <a href=\"https:\/\/olhardigital.com.br\/2020\/12\/28\/noticias\/lancamento-do-apple-car-pode-ser-adiado-novamente-veja-data\/\" target=\"_blank\" rel=\"noreferrer noopener\">negocia\u00e7\u00f5es com<\/a> a Apple.\u00a0\u00a0<\/p>\n<p>De acordo com pessoas familiarizadas com o assunto, a Hyundai forneceria a plataforma sobre a qual o ve\u00edculo el\u00e9trico seria constru\u00eddo na Am\u00e9rica do Norte \u2013 a Apple seria respons\u00e1vel pelo hardware e software do carro.\u00a0\u00a0<\/p>\n<p>A montadora confirmou que as conversas de fato ocorreram, embora n\u00e3o tenha revelado se foi a escolhida pela empresa da ma\u00e7\u00e3. &#8220;Entendemos que a Apple est\u00e1 em discuss\u00e3o com uma variedade de fabricantes globais de autom\u00f3veis, incluindo a Hyundai Motors&#8221;, declarou a empresa.&nbsp;&nbsp;<\/p>\n<p>A <a href=\"https:\/\/olhardigital.com.br\/2020\/12\/21\/carros-e-tecnologia\/carro-da-apple-lancamento-2021\/\" target=\"_blank\" rel=\"noreferrer noopener\">produ\u00e7\u00e3o do modelo supostamente come\u00e7aria em 2024<\/a>. Por isso, essa mudan\u00e7a pode atrasar o desenvolvimento da novidade \u2013 empurrando a suposta data de produ\u00e7\u00e3o para algum momento depois disso.\u00a0\u00a0<\/p>\n<p>Tamb\u00e9m \u00e9 poss\u00edvel que as empresas tenham decidido pausar as negocia\u00e7\u00f5es, com possibilidade de retom\u00e1-las em breve.&nbsp;&nbsp;<\/p>\n<p>Isso \u00e9 reafirmado por Ming-chi\u00a0Kuo, analista que tem um bom hist\u00f3rico de acertos sobre os rumores da Apple. Ele afirma que a empresa da ma\u00e7\u00e3 ainda planeja usar a plataforma da Hyundai, mas que a fabrica\u00e7\u00e3o do modelo n\u00e3o deve come\u00e7ar antes de 2025.\u00a0<\/p>\n<h2 id=\"h-negocia-o-com-startup\">Negocia\u00e7\u00e3o com startup<\/h2>\n<p>Na tentativa de impulsionar o desenvolvimento de um (suposto) carro el\u00e9trico, a Apple teria discutido a aquisi\u00e7\u00e3o da\u00a0<a href=\"https:\/\/olhardigital.com.br\/2021\/01\/13\/carros-e-tecnologia\/apple-teria-tentado-comprar-startup-de-carros-eletricos-em-2020\/\" target=\"_blank\" rel=\"noreferrer noopener\">Canoo,<\/a> durante reuni\u00f5es com a startup californiana ao longo do primeiro semestre de 2020. A informa\u00e7\u00e3o foi dada ao site <em>The\u00a0Verge<\/em>\u00a0por tr\u00eas pessoas familiarizadas com as negocia\u00e7\u00f5es.\u00a0<\/p>\n<p>Segundo afirmaram as fontes, a plataforma escal\u00e1vel de ve\u00edculos el\u00e9tricos da\u00a0Canoo, chamada &#8220;Skateboard&#8221;, foi o que mais atraiu o interesse da Apple. A plataforma se destaca porque integra mais componentes eletr\u00f4nicos do carro para maior flexibilidade no design da cabine.\u00a0\u00a0<\/p>\n<p>No entanto, a&nbsp;Canoo&nbsp;estava mais interessada em obter um investimento da Apple e, por fim, as negocia\u00e7\u00f5es fracassaram. A startup de ve\u00edculos el\u00e9tricos se tornou uma empresa de capital aberto ap\u00f3s se fundir com a Hennessy Capital&nbsp;Acquisition&nbsp;Corp. IV, no fim de 2020.&nbsp;&nbsp;<\/p>\n<p>&#8220;Canoo\u00a0n\u00e3o comenta abertamente sobre discuss\u00f5es estrat\u00e9gicas, relacionamentos ou parcerias, a menos que seja considerado apropriado&#8221;, disse Tony Aquila, presidente executivo de\u00a0Canoo, em um comunicado \u00e0 publica\u00e7\u00e3o. A Apple n\u00e3o quis comentar.\u00a0<\/p>\n<p>Via: <em><a href=\"https:\/\/www.engadget.com\/hyundai-and-kia-are-no-longer-talking-to-apple-about-an-autonomous-ev-083235132.html\" target=\"_blank\" rel=\"noreferrer noopener\">Engadget<\/a><\/em><\/p>\n<p>O post <a rel=\"nofollow\" href=\"https:\/\/olhardigital.com.br\/2021\/02\/08\/carros-e-tecnologia\/projeto-titan-hyundai-kia-nao-estao-negociacoes-produzir-carro-eletrico-apple\/\">Projeto Titan: Hyundai e Kia n\u00e3o est\u00e3o mais em negocia\u00e7\u00f5es para produzir carro el\u00e9trico da Apple<\/a> apareceu primeiro em <a rel=\"nofollow\" href=\"https:\/\/olhardigital.com.br\">Olhar Digital<\/a>.<\/p>\n<p><br \/>\n<br \/><a href=\"https:\/\/olhardigital.com.br\/2021\/02\/08\/carros-e-tecnologia\/projeto-titan-hyundai-kia-nao-estao-negociacoes-produzir-carro-eletrico-apple\/\">Fonte do Artigo <\/a><br \/>\nTags:<\/p>\n<p><a href=\"https:\/\/wiy.com.br\/noticias\/categoria\/tecnologia\/\">#tecnologia<\/a> <a href=\"https:\/\/wiy.com.br\/noticias\/categoria\/tecnologia\/\">#tecnologias<\/a> <a href=\"https:\/\/wiy.com.br\/noticias\/categoria\/tecnologia\/\">#technology<\/a> <a href=\"https:\/\/wiy.com.br\/noticias\/categoria\/tecnologia\/\">#tecnolog<\/a> <a href=\"https:\/\/wiy.com.br\/noticias\/categoria\/tecnologia\/\">#iphone<\/a> <a href=\"https:\/\/wiy.com.br\/noticias\/categoria\/tecnologia\/\">#informatica<\/a> <a href=\"https:\/\/wiy.com.br\/noticias\/categoria\/tecnologia\/\">#tech<\/a> <a href=\"https:\/\/wiy.com.br\/noticias\/categoria\/tecnologia\/\">#design<\/a> <a href=\"https:\/\/wiy.com.br\/noticias\/categoria\/tecnologia\/\">#samsung<\/a> <a href=\"https:\/\/wiy.com.br\/noticias\/categoria\/tecnologia\/\">#internet<\/a> <a href=\"https:\/\/wiy.com.br\/noticias\/categoria\/tecnologia\/\">#apple<\/a> <a href=\"https:\/\/wiy.com.br\/noticias\/categoria\/tecnologia\/\">#smartphone<\/a> <a href=\"https:\/\/wiy.com.br\/noticias\/categoria\/tecnologia\/\">#seguranca<\/a> <a href=\"https:\/\/wiy.com.br\/noticias\/categoria\/tecnologia\/\">#venezuela<\/a> <a href=\"https:\/\/wiy.com.br\/noticias\/categoria\/tecnologia\/\">#celular<\/a> <a href=\"https:\/\/wiy.com.br\/noticias\/categoria\/tecnologia\/\">#celulares<\/a> <a href=\"https:\/\/wiy.com.br\/noticias\/categoria\/tecnologia\/\">#inovar<\/a> <a href=\"https:\/\/wiy.com.br\/noticias\/categoria\/tecnologia\/\">#qualidade<\/a> <a href=\"https:\/\/wiy.com.br\/noticias\/categoria\/tecnologia\/\">#software<\/a> <a href=\"https:\/\/wiy.com.br\/noticias\/categoria\/tecnologia\/\">#empresas<\/a> <a href=\"https:\/\/wiy.com.br\/noticias\/categoria\/tecnologia\/\">#cursos<\/a> <a href=\"https:\/\/wiy.com.br\/noticias\/categoria\/tecnologia\/\">#engenharia<\/a> <a href=\"https:\/\/wiy.com.br\/noticias\/categoria\/tecnologia\/\">#industria<\/a> <a href=\"https:\/\/wiy.com.br\/noticias\/categoria\/tecnologia\/\">#marketing<\/a> <a href=\"https:\/\/wiy.com.br\/noticias\/categoria\/tecnologia\/\">#ti<\/a> <a href=\"https:\/\/wiy.com.br\/noticias\/categoria\/tecnologia\/\">#tecnoblog<\/a> <a href=\"https:\/\/wiy.com.br\/noticias\/categoria\/tecnologia\/\">#veja<\/a> <a href=\"https:\/\/wiy.com.br\/noticias\/categoria\/tecnologia\/\">#olhardigital<\/a> <a href=\"https:\/\/wiy.com.br\/noticias\/categoria\/tecnologia\/\">#mundodigital<\/a> <a href=\"https:\/\/wiy.com.br\/noticias\/categoria\/tecnologia\/\">#inteligenciaartificial<\/a> <a href=\"https:\/\/wiy.com.br\/criacao-de-sites\/\">#criar site<\/a> <a href=\"https:\/\/wiy.com.br\/criacao-de-sites\/\">#criar site curitiba<\/a> <a href=\"https:\/\/wiy.com.br\/criacao-de-sites\/\">#wiysolutions<\/a><\/p>\n","protected":false},"excerpt":{"rendered":"<p>O Project Titan, iniciativa de ve\u00edculo el\u00e9trico da Apple, ganhou as manchetes recentemente devido a rumores de que sua constru\u00e7\u00e3o seria feita com base em uma plataforma desenvolvida pela Hyundai e sua subsidi\u00e1ria Kia. No entanto, os planos devem ser diferentes, j\u00e1 que, ao que parece, ambas abandonaram o projeto.\u00a0\u00a0 Segundo o Wall Street\u00a0Journal, a [&hellip;]<\/p>\n","protected":false},"author":1,"featured_media":65882,"comment_status":"open","ping_status":"open","sticky":false,"template":"","format":"standard","meta":{"footnotes":""},"categories":[5],"tags":[],"class_list":["post-65881","post","type-post","status-publish","format-standard","has-post-thumbnail","hentry","category-tecnologia"],"_links":{"self":[{"href":"https:\/\/wiy.com.br\/noticias\/wp-json\/wp\/v2\/posts\/65881","targetHints":{"allow":["GET"]}}],"collection":[{"href":"https:\/\/wiy.com.br\/noticias\/wp-json\/wp\/v2\/posts"}],"about":[{"href":"https:\/\/wiy.com.br\/noticias\/wp-json\/wp\/v2\/types\/post"}],"author":[{"embeddable":true,"href":"https:\/\/wiy.com.br\/noticias\/wp-json\/wp\/v2\/users\/1"}],"replies":[{"embeddable":true,"href":"https:\/\/wiy.com.br\/noticias\/wp-json\/wp\/v2\/comments?post=65881"}],"version-history":[{"count":0,"href":"https:\/\/wiy.com.br\/noticias\/wp-json\/wp\/v2\/posts\/65881\/revisions"}],"wp:featuredmedia":[{"embeddable":true,"href":"https:\/\/wiy.com.br\/noticias\/wp-json\/wp\/v2\/media\/65882"}],"wp:attachment":[{"href":"https:\/\/wiy.com.br\/noticias\/wp-json\/wp\/v2\/media?parent=65881"}],"wp:term":[{"taxonomy":"category","embeddable":true,"href":"https:\/\/wiy.com.br\/noticias\/wp-json\/wp\/v2\/categories?post=65881"},{"taxonomy":"post_tag","embeddable":true,"href":"https:\/\/wiy.com.br\/noticias\/wp-json\/wp\/v2\/tags?post=65881"}],"curies":[{"name":"wp","href":"https:\/\/api.w.org\/{rel}","templated":true}]}}